{"id":1550,"date":"2013-12-19T13:05:34","date_gmt":"2013-12-19T13:05:34","guid":{"rendered":"https:\/\/larutadelasal.com\/?p=1550"},"modified":"2019-03-14T11:47:38","modified_gmt":"2019-03-14T09:47:38","slug":"regata-de-altura-la-ruta-de-la-sal-trofeo-pepe-ferres","status":"publish","type":"post","link":"https:\/\/labs.100x100.net\/projects\/rutasal\/regata-de-altura-la-ruta-de-la-sal-trofeo-pepe-ferres\/","title":{"rendered":"Regata de Altura La Ruta de La Sal \u2013 Trofeo Pepe Ferres."},"content":{"rendered":"<div id=\"_mcePaste\" style=\"text-align: justify;\"><strong>\u00a0<\/strong><\/div>\n<p style=\"text-align: justify;\"><strong>&#8211; La 27 Ruta de la Sal ser\u00e1 una clara referencia deportiva de \u00e1mbito nacional e internacional.<\/strong><\/p>\n<p style=\"text-align: justify;\"><strong>-Se esperan m\u00e1s de 160 equipos de 6 nacionalidades en competici\u00f3n.<\/strong><\/p>\n<p style=\"text-align: justify;\"><strong>-Se crea la categor\u00eda Training, destinada a las escuelas de perfeccionamiento de crucero y empresas<\/strong><\/p>\n<p style=\"text-align: justify;\">Los caprichos de la Luna que, para el 2014, provocan que la Semana Santa se celebre durante la \u00faltima quincena de abril, \u00a0permitir\u00e1n que la pr\u00f3xima edici\u00f3n de la Ruta de La Sal sea una de las m\u00e1s retrasadas en el tiempo de cuantas se han celebrado durante los 27 a\u00f1os de historia de esta emblem\u00e1tica competici\u00f3n.<\/p>\n<p style=\"text-align: center;\"><a class=\"tt-flickr tt-flickr-Medium\" title=\"26 La Ruta de la Sal 2013 (Trofeo Pepe Ferr\u00e9s) \u00a9 AlfredFarre.com\" href=\"http:\/\/www.flickr.com\/photos\/circuitoanam\/8597927754\/\"><img loading=\"lazy\" decoding=\"async\" class=\"aligncenter\" src=\"http:\/\/farm9.staticflickr.com\/8386\/8597927754_aabd4fab52.jpg\" alt=\"26 La Ruta de la Sal 2013 (Trofeo Pepe Ferr\u00e9s) \u00a9 AlfredFarre.com\" width=\"500\" height=\"350\" \/><\/a><\/p>\n<p style=\"text-align: justify;\">Salidas simult\u00e1neas desde Port Ginesta \u2013 Barcelona- y Denia rumbo a Ibiza, a Sant Antoni de Portmany, el d\u00eda 17 de Abril del 2014, \u00a0Jueves Santo. Horario de verano, d\u00edas ya razonablemente largos y noches m\u00e1s cortas. Escenarios que, sin perder de vista los posibles \u201cdesordenes\u201d del cambio de Luna que ocurre esos d\u00edas, concretamente el martes 15 de Abril, nos hablan de una navegaci\u00f3n m\u00e1s asequible en t\u00e9rminos atmosf\u00e9ricos. De singladuras menos expuestas a cambios no previstos o a micro-climas que se generalizan conformado situaciones m\u00e1s o menos complejas\u2026; Mas luz, temperaturas medias sensiblemente m\u00e1s altas. En general escenarios m\u00e1s estables que los que se dan, por norma, en el mes de Marzo. Cuando La Sal navega dentro de los rigores del horario de invierno. Y esto, qu\u00e9 duda cabe, es un factor que hace presagiar que la participaci\u00f3n sea importante.<\/p>\n<p style=\"text-align: justify;\">La Ruta de la Sal este a\u00f1o, casi besando al mes de Mayo, ser\u00e1 una regata con sabor a temporada de navegaci\u00f3n. A brisas t\u00e9rmicas y atardeceres en rojo y sepia. Noches estrelladas y templadas. Ibiza, la Isla Blanca, tambi\u00e9n a finales de Abril ofrecer\u00e1 otras alternativas a los participantes. Su letargo invernal ser\u00e1 ya un recuerdo y la temporada, con toda su carga crom\u00e1tica, su enorme personalidad y actividad, estar\u00e1 dando ya sus primeros bordos.<br \/>\nRecuperando su ritmo vital. Para muchos el mejor momento. Todo ser\u00e1 m\u00e1s intenso. M\u00e1s compatible con las vocaciones de esas tierras. Para los m\u00e1s de 160 equipos que, normalmente competir\u00e1n el La Ruta de la Sal 2014, ser\u00e1 la<br \/>\nmejor opci\u00f3n para estrenar la campa\u00f1a con una singladura intensa, \u00a0cargada\u00a0de oportunidades deportivas.<\/p>\n<p style=\"text-align: center;\"><a class=\"tt-flickr tt-flickr-Medium\" title=\"_AFB5213\" href=\"http:\/\/www.flickr.com\/photos\/circuitoanam\/8602901718\/\"><img loading=\"lazy\" decoding=\"async\" class=\"aligncenter\" src=\"http:\/\/farm9.staticflickr.com\/8398\/8602901718_de77de8fa9.jpg\" alt=\"_AFB5213\" width=\"500\" height=\"348\" \/><\/a><\/p>\n<p style=\"text-align: justify;\">Como novedades a tener en cuenta, ya que repercuten directamente en la din\u00e1mica funcional de la prueba, considerar que a partir de esta pr\u00f3xima edici\u00f3n, \u00a0la regata se integra totalmente dentro de los espacios f\u00edsicos del Club N\u00e1utico Sant Antoni de Portmany. Unas instalaciones totalmente renovadas de una magn\u00edfica calidad en la que se ubicaran los servicios t\u00e9cnicos y administrativos de ANAM, organizadora de La Sal; se celebraran la totalidad de \u00a0los actos sociales de la regata.- cena de flota, entrega de premio, fiesta de la Sal&#8230;-A la vez de que los participantes podr\u00e1n disfrutar de sus extraordinarias instalaciones, servicios e infraestructuras portuarias. Hoy, sin duda alguna, unas de las punteras del Mediterr\u00e1neo Occidental.<\/p>\n<p style=\"text-align: justify;\">En Sant Antoni, todo, esos d\u00edas, orbitara alrededor de la regata; Men\u00fas y tapas de la Sal en muchos restaurantes y cafeter\u00edas para los que decidan degustar la magn\u00edfica gastronom\u00eda local. Los bares de copas se volcaran con los participantes. Actividades culturales, como el Mercado Payes. Ibiza, una vez m\u00e1s dar\u00e1 su particular bienvenida a los participantes de esta extraordinaria regata tan ligada a esas tierras tan m\u00e1gicas y tan cargadas de sabor a Sal.<\/p>\n<p style=\"text-align: center;\"><a class=\"tt-flickr tt-flickr-Medium\" title=\"_AFB4789\" href=\"http:\/\/www.flickr.com\/photos\/circuitoanam\/8596839391\/\"><img loading=\"lazy\" decoding=\"async\" class=\"aligncenter\" src=\"http:\/\/farm9.staticflickr.com\/8531\/8596839391_7b005ed967.jpg\" alt=\"_AFB4789\" width=\"500\" height=\"350\" \/><\/a><\/p>\n<p style=\"text-align: justify;\">Por otra parte se crea una nueva clase; la <strong>Categor\u00eda \u00a0Training<\/strong>, destinada a regular la participaci\u00f3n de embarcaciones y flotillas Charter en la regata; la idea es dar una clara alternativa deportiva a las tripulaciones nacionales y extranjeras que participan regularmente en la Sal con embarcaciones alquiladas. Tambi\u00e9n fomentar a trav\u00e9s de esta Categor\u00eda la entrada en competici\u00f3n de equipos procedentes de Escuelas de Vela, &#8211; cursos de perfeccionamiento en la navegaci\u00f3n de crucero\/ cursos de navegaci\u00f3n de altura o de regata &#8211; clubes n\u00e1uticos o Federaciones extranjeras; colectivos profesionales diversos, etc, etc.<\/p>\n<p style=\"text-align: justify;\">Para los responsables de ANAM- Associaci\u00f3 de Navegants d\u2019Altura Mediterranis-, organizadores de la regata, el gran atractivo de La Sal radica en ser una regata de altura asequible por distancias y tiempos, pero que, de alguna manera, recoge \u00a0todas las caracter\u00edsticas y particularidades que m\u00e1s definen a una competici\u00f3n en alta mar. \u00a0Se sale del Continente \u00a0para ir a una Isla. Buen comienzo. Ibiza es un destino extraordinario. Siempre de moda, muy m\u00e1gico. El Mar Balear con sus micro-climas, y las influencias en sus modelos meteorol\u00f3gicos \u00a0de las costas Levantinas, Mallorca e Ibiza y que se dibuja como campo de regata perfecto, con muchas posibilidades deportivas. \u201cUna regata, como aseguro tantas veces Pepe Ferres, &#8211; fundador de La Sal.- dif\u00edcil, en ocasiones incluso muy compleja pero cargadas de grandes atractivos para los amantes de la navegaci\u00f3n de altura\u201d.<\/p>\n<p style=\"text-align: center;\"><a class=\"tt-flickr tt-flickr-Medium\" title=\"_AFB5980\" href=\"http:\/\/www.flickr.com\/photos\/circuitoanam\/8617074422\/\"><img loading=\"lazy\" decoding=\"async\" class=\"aligncenter\" src=\"http:\/\/farm9.staticflickr.com\/8254\/8617074422_b10f59f605.jpg\" alt=\"_AFB5980\" width=\"500\" height=\"331\" \/><\/a><\/p>\n<p style=\"text-align: justify;\">La Versi\u00f3n Norte de La Sal que zarpar\u00e1 el pr\u00f3ximo jueves 17 de Abril del 2014 a las 10:00 h desde el CM Port Ginesta, se competir\u00e1, como ya es habitual, sobre un recorrido de 140 millas con rumbo directo hasta el Club N\u00e1utico de Sant Antoni de Portmany en Ibiza.<\/p>\n<p style=\"text-align: justify;\">La Versi\u00f3n Este con salida prevista para las \u00a014: 00 h del mismo d\u00eda, jueves\u00a017 de Abril del 2014, \u00a0desde el RC N\u00e1utico de Denia, implica un circuito de 120 millas que obliga a los equipos en competici\u00f3n a tomar Formentera por babor, la Isla de Tagomago y, navegando por la costa norte de Ibiza, llegar hasta Sant Antoni de Portmany. Recorrido, este \u00faltimo, que podr\u00eda modificarse si las condiciones meteorol\u00f3gicas as\u00ed lo sugiriesen.<\/p>\n<p style=\"text-align: center;\"><a class=\"tt-flickr tt-flickr-Medium\" title=\"_AFB4809\" href=\"http:\/\/www.flickr.com\/photos\/circuitoanam\/8596839279\/\"><img loading=\"lazy\" decoding=\"async\" class=\"aligncenter\" src=\"http:\/\/farm9.staticflickr.com\/8512\/8596839279_642f64d154.jpg\" alt=\"_AFB4809\" width=\"500\" height=\"350\" \/><\/a><\/p>\n<p style=\"text-align: justify;\">Tras las experiencias deportivas de los \u00faltimos a\u00f1os se confirma que las derrotas desde Denia y Barcelona -Port Ginesta- hasta Sant Antoni de Portmany en Ibiza, abren interesantes expectativas deportivas para la gran mayor\u00eda de los participantes, asegurando, en ambos casos, unas navegaciones con las suficientes variables t\u00e1cticas como para que la regata muy amena y muy abierta de cara a las plazas de honor. La Versi\u00f3n Este se dibuja como una exigente y compleja regata en la que cohabitan la navegaci\u00f3n de altura con un recorrido costero cargado de opciones y muy influenciado por los micro-climas de la costa de la Pitiussa Mayor y los Freus de Formentera. La Versi\u00f3n Norte es una navegaci\u00f3n de altura muy condicionada por los panoramas meteorol\u00f3gicos de las costas norte de Mallorca e Ibiza y, tambi\u00e9n del Golfo de Sant Jordi. Muchos alicientes deportivos para una regata hist\u00f3rica que hoy se muestra m\u00e1s din\u00e1mica y competitiva que nunca.<\/p>\n","protected":false},"excerpt":{"rendered":"<p>&#8211; La 27 Ruta de la Sal ser\u00e1 una clara referencia deportiva de \u00e1mbito nacional e internacional.<\/p>\n<p>-Se esperan m\u00e1s de 160 equipos de 6 nacionalidades en competici\u00f3n.<\/p>\n<p>-Se crea la categor\u00eda Training, destinada a las escuelas de perfeccionamiento de crucero y empresas<\/p>\n<p>Los caprichos de la Luna que, para el 2014, provocan que la Semana Santa se celebre durante la \u00faltima quincena de abril,  permitir\u00e1n que la pr\u00f3xima edici\u00f3n de la Ruta de La Sal sea una de las m\u00e1s retrasadas en el tiempo de cuantas se han celebrado durante los 27 a\u00f1os de historia de esta emblem\u00e1tica competici\u00f3n.<\/p>\n","protected":false},"author":1,"featured_media":3845,"comment_status":"open","ping_status":"open","sticky":false,"template":"","format":"standard","meta":{"_acf_changed":false,"footnotes":""},"categories":[3],"tags":[],"acf":[],"yoast_head":"<!-- This site is optimized with the Yoast SEO plugin v23.0 - https:\/\/yoast.com\/wordpress\/plugins\/seo\/ -->\n<title>Regata de Altura La Ruta de La Sal \u2013 Trofeo Pepe Ferres. | Regata La Ruta de la Sal<\/title>\n<meta name=\"robots\" content=\"noindex, follow, max-snippet:-1, max-image-preview:large, max-video-preview:-1\" \/>\n<meta property=\"og:locale\" content=\"es_ES\" \/>\n<meta property=\"og:type\" content=\"article\" \/>\n<meta property=\"og:title\" content=\"Regata de Altura La Ruta de La Sal \u2013 Trofeo Pepe Ferres. | Regata La Ruta de la Sal\" \/>\n<meta property=\"og:description\" content=\"- La 27 Ruta de la Sal ser\u00e1 una clara referencia deportiva de \u00e1mbito nacional e internacional.  -Se esperan m\u00e1s de 160 equipos de 6 nacionalidades en competici\u00f3n.  -Se crea la categor\u00eda Training, destinada a las escuelas de perfeccionamiento de crucero y empresas  Los caprichos de la Luna que, para el 2014, provocan que la Semana Santa se celebre durante la \u00faltima quincena de abril, permitir\u00e1n que la pr\u00f3xima edici\u00f3n de la Ruta de La Sal sea una de las m\u00e1s retrasadas en el tiempo de cuantas se han celebrado durante los 27 a\u00f1os de historia de esta emblem\u00e1tica competici\u00f3n.\" \/>\n<meta property=\"og:url\" content=\"https:\/\/labs.100x100.net\/projects\/rutasal\/regata-de-altura-la-ruta-de-la-sal-trofeo-pepe-ferres\/\" \/>\n<meta property=\"og:site_name\" content=\"Regata La Ruta de la Sal\" \/>\n<meta property=\"article:publisher\" content=\"https:\/\/www.facebook.com\/rutadelasal\/\" \/>\n<meta property=\"article:published_time\" content=\"2013-12-19T13:05:34+00:00\" \/>\n<meta property=\"article:modified_time\" content=\"2019-03-14T09:47:38+00:00\" \/>\n<meta property=\"og:image\" content=\"https:\/\/labs.100x100.net\/projects\/rutasal\/custom\/uploads\/2013\/12\/8597927754_aabd4fab52.jpg\" \/>\n\t<meta property=\"og:image:width\" content=\"500\" \/>\n\t<meta property=\"og:image:height\" content=\"350\" \/>\n\t<meta property=\"og:image:type\" content=\"image\/jpeg\" \/>\n<meta name=\"author\" content=\"La Ruta de la Sal\" \/>\n<meta name=\"twitter:card\" content=\"summary_large_image\" \/>\n<meta name=\"twitter:creator\" content=\"@AnamMedi\" \/>\n<meta name=\"twitter:site\" content=\"@AnamMedi\" \/>\n<meta name=\"twitter:label1\" content=\"Escrito por\" \/>\n\t<meta name=\"twitter:data1\" content=\"La Ruta de la Sal\" \/>\n\t<meta name=\"twitter:label2\" content=\"Tiempo de lectura\" \/>\n\t<meta name=\"twitter:data2\" content=\"6 minutos\" \/>\n<script type=\"application\/ld+json\" class=\"yoast-schema-graph\">{\"@context\":\"https:\/\/schema.org\",\"@graph\":[{\"@type\":\"WebPage\",\"@id\":\"https:\/\/labs.100x100.net\/projects\/rutasal\/regata-de-altura-la-ruta-de-la-sal-trofeo-pepe-ferres\/\",\"url\":\"https:\/\/labs.100x100.net\/projects\/rutasal\/regata-de-altura-la-ruta-de-la-sal-trofeo-pepe-ferres\/\",\"name\":\"Regata de Altura La Ruta de La Sal \u2013 Trofeo Pepe Ferres. | Regata La Ruta de la Sal\",\"isPartOf\":{\"@id\":\"https:\/\/labs.100x100.net\/projects\/rutasal\/#website\"},\"primaryImageOfPage\":{\"@id\":\"https:\/\/labs.100x100.net\/projects\/rutasal\/regata-de-altura-la-ruta-de-la-sal-trofeo-pepe-ferres\/#primaryimage\"},\"image\":{\"@id\":\"https:\/\/labs.100x100.net\/projects\/rutasal\/regata-de-altura-la-ruta-de-la-sal-trofeo-pepe-ferres\/#primaryimage\"},\"thumbnailUrl\":\"https:\/\/labs.100x100.net\/projects\/rutasal\/custom\/uploads\/2013\/12\/8597927754_aabd4fab52.jpg\",\"datePublished\":\"2013-12-19T13:05:34+00:00\",\"dateModified\":\"2019-03-14T09:47:38+00:00\",\"author\":{\"@id\":\"https:\/\/labs.100x100.net\/projects\/rutasal\/#\/schema\/person\/214eeb4a2e78fd8373a0a94f6d93c9ca\"},\"breadcrumb\":{\"@id\":\"https:\/\/labs.100x100.net\/projects\/rutasal\/regata-de-altura-la-ruta-de-la-sal-trofeo-pepe-ferres\/#breadcrumb\"},\"inLanguage\":\"es\",\"potentialAction\":[{\"@type\":\"ReadAction\",\"target\":[\"https:\/\/labs.100x100.net\/projects\/rutasal\/regata-de-altura-la-ruta-de-la-sal-trofeo-pepe-ferres\/\"]}]},{\"@type\":\"ImageObject\",\"inLanguage\":\"es\",\"@id\":\"https:\/\/labs.100x100.net\/projects\/rutasal\/regata-de-altura-la-ruta-de-la-sal-trofeo-pepe-ferres\/#primaryimage\",\"url\":\"https:\/\/labs.100x100.net\/projects\/rutasal\/custom\/uploads\/2013\/12\/8597927754_aabd4fab52.jpg\",\"contentUrl\":\"https:\/\/labs.100x100.net\/projects\/rutasal\/custom\/uploads\/2013\/12\/8597927754_aabd4fab52.jpg\",\"width\":500,\"height\":350},{\"@type\":\"BreadcrumbList\",\"@id\":\"https:\/\/labs.100x100.net\/projects\/rutasal\/regata-de-altura-la-ruta-de-la-sal-trofeo-pepe-ferres\/#breadcrumb\",\"itemListElement\":[{\"@type\":\"ListItem\",\"position\":1,\"name\":\"Portada\",\"item\":\"https:\/\/labs.100x100.net\/projects\/rutasal\/\"},{\"@type\":\"ListItem\",\"position\":2,\"name\":\"Regata de Altura La Ruta de La Sal \u2013 Trofeo Pepe Ferres.\"}]},{\"@type\":\"WebSite\",\"@id\":\"https:\/\/labs.100x100.net\/projects\/rutasal\/#website\",\"url\":\"https:\/\/labs.100x100.net\/projects\/rutasal\/\",\"name\":\"Regata La Ruta de la Sal\",\"description\":\"Regata La Ruta de la Sal es una regata de Altura Mediterr\u00e1nea para barcos de crucero a vela con destino en Ibiza, que se disputa anualmente en Semana Santa.\",\"potentialAction\":[{\"@type\":\"SearchAction\",\"target\":{\"@type\":\"EntryPoint\",\"urlTemplate\":\"https:\/\/labs.100x100.net\/projects\/rutasal\/?s={search_term_string}\"},\"query-input\":\"required name=search_term_string\"}],\"inLanguage\":\"es\"},{\"@type\":\"Person\",\"@id\":\"https:\/\/labs.100x100.net\/projects\/rutasal\/#\/schema\/person\/214eeb4a2e78fd8373a0a94f6d93c9ca\",\"name\":\"La Ruta de la Sal\",\"image\":{\"@type\":\"ImageObject\",\"inLanguage\":\"es\",\"@id\":\"https:\/\/labs.100x100.net\/projects\/rutasal\/#\/schema\/person\/image\/\",\"url\":\"https:\/\/secure.gravatar.com\/avatar\/b247286d4b801d6b1cfcfb3807587284?s=96&d=mm&r=g\",\"contentUrl\":\"https:\/\/secure.gravatar.com\/avatar\/b247286d4b801d6b1cfcfb3807587284?s=96&d=mm&r=g\",\"caption\":\"La Ruta de la Sal\"}}]}<\/script>\n<!-- \/ Yoast SEO plugin. -->","yoast_head_json":{"title":"Regata de Altura La Ruta de La Sal \u2013 Trofeo Pepe Ferres. | Regata La Ruta de la Sal","robots":{"index":"noindex","follow":"follow","max-snippet":"max-snippet:-1","max-image-preview":"max-image-preview:large","max-video-preview":"max-video-preview:-1"},"og_locale":"es_ES","og_type":"article","og_title":"Regata de Altura La Ruta de La Sal \u2013 Trofeo Pepe Ferres. | Regata La Ruta de la Sal","og_description":"- La 27 Ruta de la Sal ser\u00e1 una clara referencia deportiva de \u00e1mbito nacional e internacional.  -Se esperan m\u00e1s de 160 equipos de 6 nacionalidades en competici\u00f3n.  -Se crea la categor\u00eda Training, destinada a las escuelas de perfeccionamiento de crucero y empresas  Los caprichos de la Luna que, para el 2014, provocan que la Semana Santa se celebre durante la \u00faltima quincena de abril, permitir\u00e1n que la pr\u00f3xima edici\u00f3n de la Ruta de La Sal sea una de las m\u00e1s retrasadas en el tiempo de cuantas se han celebrado durante los 27 a\u00f1os de historia de esta emblem\u00e1tica competici\u00f3n.","og_url":"https:\/\/labs.100x100.net\/projects\/rutasal\/regata-de-altura-la-ruta-de-la-sal-trofeo-pepe-ferres\/","og_site_name":"Regata La Ruta de la Sal","article_publisher":"https:\/\/www.facebook.com\/rutadelasal\/","article_published_time":"2013-12-19T13:05:34+00:00","article_modified_time":"2019-03-14T09:47:38+00:00","og_image":[{"width":500,"height":350,"url":"https:\/\/labs.100x100.net\/projects\/rutasal\/custom\/uploads\/2013\/12\/8597927754_aabd4fab52.jpg","type":"image\/jpeg"}],"author":"La Ruta de la Sal","twitter_card":"summary_large_image","twitter_creator":"@AnamMedi","twitter_site":"@AnamMedi","twitter_misc":{"Escrito por":"La Ruta de la Sal","Tiempo de lectura":"6 minutos"},"schema":{"@context":"https:\/\/schema.org","@graph":[{"@type":"WebPage","@id":"https:\/\/labs.100x100.net\/projects\/rutasal\/regata-de-altura-la-ruta-de-la-sal-trofeo-pepe-ferres\/","url":"https:\/\/labs.100x100.net\/projects\/rutasal\/regata-de-altura-la-ruta-de-la-sal-trofeo-pepe-ferres\/","name":"Regata de Altura La Ruta de La Sal \u2013 Trofeo Pepe Ferres. | Regata La Ruta de la Sal","isPartOf":{"@id":"https:\/\/labs.100x100.net\/projects\/rutasal\/#website"},"primaryImageOfPage":{"@id":"https:\/\/labs.100x100.net\/projects\/rutasal\/regata-de-altura-la-ruta-de-la-sal-trofeo-pepe-ferres\/#primaryimage"},"image":{"@id":"https:\/\/labs.100x100.net\/projects\/rutasal\/regata-de-altura-la-ruta-de-la-sal-trofeo-pepe-ferres\/#primaryimage"},"thumbnailUrl":"https:\/\/labs.100x100.net\/projects\/rutasal\/custom\/uploads\/2013\/12\/8597927754_aabd4fab52.jpg","datePublished":"2013-12-19T13:05:34+00:00","dateModified":"2019-03-14T09:47:38+00:00","author":{"@id":"https:\/\/labs.100x100.net\/projects\/rutasal\/#\/schema\/person\/214eeb4a2e78fd8373a0a94f6d93c9ca"},"breadcrumb":{"@id":"https:\/\/labs.100x100.net\/projects\/rutasal\/regata-de-altura-la-ruta-de-la-sal-trofeo-pepe-ferres\/#breadcrumb"},"inLanguage":"es","potentialAction":[{"@type":"ReadAction","target":["https:\/\/labs.100x100.net\/projects\/rutasal\/regata-de-altura-la-ruta-de-la-sal-trofeo-pepe-ferres\/"]}]},{"@type":"ImageObject","inLanguage":"es","@id":"https:\/\/labs.100x100.net\/projects\/rutasal\/regata-de-altura-la-ruta-de-la-sal-trofeo-pepe-ferres\/#primaryimage","url":"https:\/\/labs.100x100.net\/projects\/rutasal\/custom\/uploads\/2013\/12\/8597927754_aabd4fab52.jpg","contentUrl":"https:\/\/labs.100x100.net\/projects\/rutasal\/custom\/uploads\/2013\/12\/8597927754_aabd4fab52.jpg","width":500,"height":350},{"@type":"BreadcrumbList","@id":"https:\/\/labs.100x100.net\/projects\/rutasal\/regata-de-altura-la-ruta-de-la-sal-trofeo-pepe-ferres\/#breadcrumb","itemListElement":[{"@type":"ListItem","position":1,"name":"Portada","item":"https:\/\/labs.100x100.net\/projects\/rutasal\/"},{"@type":"ListItem","position":2,"name":"Regata de Altura La Ruta de La Sal \u2013 Trofeo Pepe Ferres."}]},{"@type":"WebSite","@id":"https:\/\/labs.100x100.net\/projects\/rutasal\/#website","url":"https:\/\/labs.100x100.net\/projects\/rutasal\/","name":"Regata La Ruta de la Sal","description":"Regata La Ruta de la Sal es una regata de Altura Mediterr\u00e1nea para barcos de crucero a vela con destino en Ibiza, que se disputa anualmente en Semana Santa.","potentialAction":[{"@type":"SearchAction","target":{"@type":"EntryPoint","urlTemplate":"https:\/\/labs.100x100.net\/projects\/rutasal\/?s={search_term_string}"},"query-input":"required name=search_term_string"}],"inLanguage":"es"},{"@type":"Person","@id":"https:\/\/labs.100x100.net\/projects\/rutasal\/#\/schema\/person\/214eeb4a2e78fd8373a0a94f6d93c9ca","name":"La Ruta de la Sal","image":{"@type":"ImageObject","inLanguage":"es","@id":"https:\/\/labs.100x100.net\/projects\/rutasal\/#\/schema\/person\/image\/","url":"https:\/\/secure.gravatar.com\/avatar\/b247286d4b801d6b1cfcfb3807587284?s=96&d=mm&r=g","contentUrl":"https:\/\/secure.gravatar.com\/avatar\/b247286d4b801d6b1cfcfb3807587284?s=96&d=mm&r=g","caption":"La Ruta de la Sal"}}]}},"_links":{"self":[{"href":"https:\/\/labs.100x100.net\/projects\/rutasal\/wp-json\/wp\/v2\/posts\/1550"}],"collection":[{"href":"https:\/\/labs.100x100.net\/projects\/rutasal\/wp-json\/wp\/v2\/posts"}],"about":[{"href":"https:\/\/labs.100x100.net\/projects\/rutasal\/wp-json\/wp\/v2\/types\/post"}],"author":[{"embeddable":true,"href":"https:\/\/labs.100x100.net\/projects\/rutasal\/wp-json\/wp\/v2\/users\/1"}],"replies":[{"embeddable":true,"href":"https:\/\/labs.100x100.net\/projects\/rutasal\/wp-json\/wp\/v2\/comments?post=1550"}],"version-history":[{"count":1,"href":"https:\/\/labs.100x100.net\/projects\/rutasal\/wp-json\/wp\/v2\/posts\/1550\/revisions"}],"predecessor-version":[{"id":3846,"href":"https:\/\/labs.100x100.net\/projects\/rutasal\/wp-json\/wp\/v2\/posts\/1550\/revisions\/3846"}],"wp:featuredmedia":[{"embeddable":true,"href":"https:\/\/labs.100x100.net\/projects\/rutasal\/wp-json\/wp\/v2\/media\/3845"}],"wp:attachment":[{"href":"https:\/\/labs.100x100.net\/projects\/rutasal\/wp-json\/wp\/v2\/media?parent=1550"}],"wp:term":[{"taxonomy":"category","embeddable":true,"href":"https:\/\/labs.100x100.net\/projects\/rutasal\/wp-json\/wp\/v2\/categories?post=1550"},{"taxonomy":"post_tag","embeddable":true,"href":"https:\/\/labs.100x100.net\/projects\/rutasal\/wp-json\/wp\/v2\/tags?post=1550"}],"curies":[{"name":"wp","href":"https:\/\/api.w.org\/{rel}","templated":true}]}}