{"id":1509,"date":"2013-09-28T13:21:29","date_gmt":"2013-09-28T13:21:29","guid":{"rendered":"https:\/\/larutadelasal.com\/?p=1509"},"modified":"2019-03-14T11:49:16","modified_gmt":"2019-03-14T09:49:16","slug":"multitudinaria-presentacion-de-la-ruta-de-la-sal-la-regata-clasica-de-semana-santa-en-el-salon-nautico-internacional-de-barcelona-2","status":"publish","type":"post","link":"https:\/\/labs.100x100.net\/projects\/rutasal\/multitudinaria-presentacion-de-la-ruta-de-la-sal-la-regata-clasica-de-semana-santa-en-el-salon-nautico-internacional-de-barcelona-2\/","title":{"rendered":"MULTITUDINARIA PRESENTACI\u00d3N DE LA RUTA DE LA SAL, LA REGATA CL\u00c1SICA DE SEMANA SANTA, EN EL SAL\u00d3N N\u00c1UTICO INTERNACIONAL DE BARCELONA."},"content":{"rendered":"<h1>LA RUTA DE LA SAL CUMPLE 27 A\u00d1OS DE HISTORIA.<\/h1>\n<p style=\"text-align: justify;\"><strong>Despu\u00e9s de veintisiete a\u00f1os, La Ruta de la Sal se presenta nuevamente, como una de las competiciones m\u00e1s atractivas del Mediterr\u00e1neo.<\/strong><\/p>\n<p style=\"text-align: justify;\"><strong>Un evento que refleja las posibilidades que ofrece la isla de Ibiza fuera de los meses de verano y que supone en s\u00ed mismo, un escenario para mostrar los atractivos de Ibiza desde la mar.<\/strong><\/p>\n<p style=\"text-align: justify;\"><strong>Su gran y demostrada capacidad para dinamizar el turismo n\u00e1utico en Ibiza le sit\u00faa como un evento estrat\u00e9gico para el empresariado local.<\/strong><\/p>\n<p style=\"text-align: justify;\"><strong>La Ruta de la Sal promociona y consolida a las Pitiusas como un destino id\u00f3neo para el turismo n\u00e1utico.<\/strong><\/p>\n<p style=\"text-align: justify;\"><strong><a class=\"tt-flickr tt-flickr-Medium\" title=\"_AFB2357\" href=\"http:\/\/www.flickr.com\/photos\/circuitoanam\/9980624806\/\"><img loading=\"lazy\" decoding=\"async\" class=\"alignnone\" src=\"http:\/\/farm4.staticflickr.com\/3796\/9980624806_3f899055b4.jpg\" alt=\"_AFB2357\" width=\"657\" height=\"400\" \/><\/a> <\/strong><\/p>\n<p style=\"text-align: justify;\"><strong>La Ruta de la Sal<\/strong> cumple veintisiete a\u00f1os. Es ya parte de la historia de la vela de altura en nuestro pa\u00eds. Tambi\u00e9n, qu\u00e9 duda cabe, todo un fen\u00f3meno social y deportivo que, desde su primera convocatoria, en la ya lejana Semana Santa de 1989, ha servido, sobre todo, para fomentar y consolidar en nuestro pa\u00eds la pr\u00e1ctica de la competici\u00f3n en alta mar.<\/p>\n<p style=\"text-align: justify;\">Veintisiete a\u00f1os, y miles de millas de competici\u00f3n, en todo este tiempo m\u00e1s de 7.000 millas, salpicadas de oc\u00e9anos de an\u00e9cdotas, \u00e9xitos deportivos, navegaciones cargadas de magias y, sobre todo, mucho sabor a Sal. Que han disfrutado, los m\u00e1s de 50.000 regatistas que han participado en la Ruta de La Sal desde su primera largada en el 89 , sin olvidar a los miles de acompa\u00f1antes y simpatizantes con el evento.<\/p>\n<p style=\"text-align: justify;\"><a class=\"tt-flickr tt-flickr-Medium\" title=\"1\" href=\"http:\/\/www.flickr.com\/photos\/circuitoanam\/9980622056\/\"><img loading=\"lazy\" decoding=\"async\" class=\"alignnone\" src=\"http:\/\/farm6.staticflickr.com\/5496\/9980622056_7a90d393f8.jpg\" alt=\"1\" width=\"320\" height=\"229\" \/><\/a> <a class=\"tt-flickr tt-flickr-Medium\" title=\"2\" href=\"http:\/\/www.flickr.com\/photos\/circuitoanam\/9980683103\/\"><img loading=\"lazy\" decoding=\"async\" class=\"alignright\" src=\"http:\/\/farm3.staticflickr.com\/2831\/9980683103_54763c5fec.jpg\" alt=\"2\" width=\"320\" height=\"229\" \/><\/a><\/p>\n<p style=\"text-align: justify;\"><a class=\"tt-flickr tt-flickr-Medium\" title=\"3\" href=\"http:\/\/www.flickr.com\/photos\/circuitoanam\/9980686433\/\"><img loading=\"lazy\" decoding=\"async\" class=\"alignnone\" src=\"http:\/\/farm4.staticflickr.com\/3732\/9980686433_240087b5e7.jpg\" alt=\"3\" width=\"320\" height=\"229\" \/><\/a> <a class=\"tt-flickr tt-flickr-Medium\" title=\"4\" href=\"http:\/\/www.flickr.com\/photos\/circuitoanam\/9980671993\/\"><img loading=\"lazy\" decoding=\"async\" class=\"alignright\" src=\"http:\/\/farm3.staticflickr.com\/2836\/9980671993_811360eb34.jpg\" alt=\"4\" width=\"320\" height=\"229\" \/><\/a><\/p>\n<p style=\"text-align: justify;\">Veintisiete a\u00f1os para una regata son muchos. Pocas pueden acreditar una existencia tan larga sin haber cambiado los planteamientos b\u00e1sicos que justificaron su creaci\u00f3n. Posiblemente este sea el gran \u00e9xito de este gran evento. La Ruta de La Sal naci\u00f3 como una regata de altura basada en un recorrido que aunque relativamente asequible en distancias, ofreciese todas las ventajas de una gran regata en altamar; Zarpar de un puerto para arribar a otro. Si adem\u00e1s es una Isla, mejor que mejor. Si esta Isla es Ibiza, una tierra cargada de magias y sabores marineros, el tema no tiene discusi\u00f3n.<\/p>\n<p style=\"text-align: justify;\"><strong>ANAM<\/strong>, apostando por una pol\u00edtica de claro fomento de la navegaci\u00f3n de altura, no ha dejado de trabajar para que en La Ruta de La Sal exista una posibilidad de competici\u00f3n para cada tipo de barco. Esto siempre gusta, adem\u00e1s dulcifica mucho la singladura hasta las Pitiusas. Luego en Ibiza, jornadas de camarer\u00eda y un ambiente rabiosamente marino, con un programa de apoyo que permite dar bordos de todo tipo.<\/p>\n<p style=\"text-align: justify;\"><a class=\"tt-flickr tt-flickr-Medium\" title=\"5\" href=\"http:\/\/www.flickr.com\/photos\/circuitoanam\/9980571464\/\"><img loading=\"lazy\" decoding=\"async\" class=\"alignnone\" src=\"http:\/\/farm6.staticflickr.com\/5339\/9980571464_9d1607d751.jpg\" alt=\"5\" width=\"320\" height=\"229\" \/><\/a> <a class=\"tt-flickr tt-flickr-Medium\" title=\"6\" href=\"http:\/\/www.flickr.com\/photos\/circuitoanam\/9980552065\/\"><img loading=\"lazy\" decoding=\"async\" class=\"alignright\" src=\"http:\/\/farm4.staticflickr.com\/3778\/9980552065_720b63654a.jpg\" alt=\"6\" width=\"320\" height=\"229\" \/><\/a><\/p>\n<p style=\"text-align: justify;\">La fidelidad de cientos de armadores con la regata, algunos asiduos desde aquella legendaria largada del 89, es posiblemente el s\u00edntoma m\u00e1s evidente de que La Ruta de La Sal, tras veintisiete a\u00f1os, sigue siendo la cl\u00e1sica de semana santa.<\/p>\n<p style=\"text-align: justify;\">Bajo aspectos deportivos, la <strong>Versi\u00f3n Norte de La Sal<\/strong> que zarpara el pr\u00f3ximo 17 de abril de 2014 desde el CM Port Ginesta, se competir\u00e1 sobre un recorrido de 140 millas con rumbo directo hasta el CN Sant Antoni de Portmany en Ibiza. La <strong>Versi\u00f3n Este<\/strong> que partir\u00e1 el mismo d\u00eda desde el RC N\u00e1utico de Denia, se ver\u00e1 obligada a cubrir un circuito de 120 millas que implicar\u00e1 tomar Formentera por babor, la Isla de Tagomago y, navegando por la costa norte de Ibiza, llegar hasta Sant Antoni. Recorrido, este \u00faltimo, que podr\u00eda, si es el caso, modificarse si las condiciones meteorol\u00f3gicas as\u00ed lo sugiriesen.<\/p>\n<p style=\"text-align: justify;\"><a class=\"tt-flickr tt-flickr-Medium\" title=\"7\" href=\"http:\/\/www.flickr.com\/photos\/circuitoanam\/9980622116\/\"><img loading=\"lazy\" decoding=\"async\" class=\"alignnone\" src=\"http:\/\/farm6.staticflickr.com\/5343\/9980622116_a8a17ab0e8.jpg\" alt=\"7\" width=\"320\" height=\"229\" \/><\/a> <a class=\"tt-flickr tt-flickr-Medium\" title=\"7b\" href=\"http:\/\/www.flickr.com\/photos\/circuitoanam\/9980543135\/\"><img loading=\"lazy\" decoding=\"async\" class=\"alignright\" src=\"http:\/\/farm8.staticflickr.com\/7414\/9980543135_878f36e9c0.jpg\" alt=\"7b\" width=\"320\" height=\"229\" \/><\/a><\/p>\n<p style=\"text-align: justify;\">En la arribada a Ibiza, contin\u00faa el Village de La Sal, ubicado en el Club N\u00e0utic de Sant Antoni proyectado como centro de referencia obligado donde participantes, visitantes y todo el que se sienta atra\u00eddo por la competici\u00f3n de altura podr\u00e1 disfrutar de una amplia gama de prestaciones que, sin duda alguna, permitir\u00e1n que su estancia en Ibiza sea m\u00e1s agradable y, como dijo<strong> Pepe Ferres<\/strong>, haciendo que entre todos se mantenga un estilo de regata muy propio, con una gran personalidad. Una prueba muy carism\u00e1tica que, ante todo, fomenta el amor a la navegaci\u00f3n de altura y al mar.<\/p>\n<p style=\"text-align: justify;\"><a class=\"tt-flickr tt-flickr-Medium\" title=\"8\" href=\"http:\/\/www.flickr.com\/photos\/circuitoanam\/9980545775\/\"><img loading=\"lazy\" decoding=\"async\" class=\"alignnone\" src=\"http:\/\/farm8.staticflickr.com\/7371\/9980545775_73901d0f79.jpg\" alt=\"8\" width=\"320\" height=\"229\" \/><\/a> <a class=\"tt-flickr tt-flickr-Medium\" title=\"9\" href=\"http:\/\/www.flickr.com\/photos\/circuitoanam\/9980673743\/\"><img loading=\"lazy\" decoding=\"async\" class=\"alignright\" src=\"http:\/\/farm3.staticflickr.com\/2812\/9980673743_03b0e1f1ec.jpg\" alt=\"9\" width=\"320\" height=\"229\" \/><\/a><\/p>\n<p style=\"text-align: justify;\"><a class=\"tt-flickr tt-flickr-Medium\" title=\"10\" href=\"http:\/\/www.flickr.com\/photos\/circuitoanam\/9980539675\/\"><img loading=\"lazy\" decoding=\"async\" class=\"alignnone\" src=\"http:\/\/farm6.staticflickr.com\/5542\/9980539675_f4bb438dfa.jpg\" alt=\"10\" width=\"320\" height=\"229\" \/><\/a> <a class=\"tt-flickr tt-flickr-Medium\" title=\"11\" href=\"http:\/\/www.flickr.com\/photos\/circuitoanam\/9980671893\/\"><img loading=\"lazy\" decoding=\"async\" class=\"alignright\" src=\"http:\/\/farm8.staticflickr.com\/7309\/9980671893_aa6c87fe34.jpg\" alt=\"11\" width=\"320\" height=\"229\" \/><\/a><\/p>\n<h1 style=\"text-align: center;\">La Presentaci\u00f3n ha sido presidida por el President del Consell d\u2019Eivissa, Vicents Serra, y ha contado con la asistencia de las siguientes Autoridades:<\/h1>\n<p><strong>Sr. Gerard Esteva<\/strong>, PRESIDENT DE LA Federaci\u00f3 Catalana de Vela<br \/>\n<strong>Sr. Jesus Turro<\/strong>, President de la Real Asociaci\u00f3n Nacional de Cruceros<br \/>\n<strong>Sr. Vicent Serra<\/strong>, President del Consell d\u2019Eivissa<br \/>\n<strong>Sra. Pepita Guitierrez<\/strong>, Alcaldesa de Sant Antoni de Portmany<br \/>\n<strong>Sr. Vicents Ribes<\/strong>, Regidor de Turisme de l\u2019Ajuntament de Sant Antoni<br \/>\n<strong>Sr. Antonio Daudero<\/strong>, Director General de Puertos y Aeropuertos del Govern Balear<br \/>\n<strong>Sr. Vicente Costa<\/strong>, Regidor de Ports de l\u2019Ajuntament de Sant Antoni<br \/>\n<strong>Sr. David Gomez<\/strong>, Gerente de Puerts de las Illes Balears<br \/>\n<strong>Sr. Pep Tur<\/strong>, Presidente del Club N\u00e0utic Sant Antoni<br \/>\n<strong>Sr. Jaime Portoles<\/strong>, Presidente del Real Club N\u00e1utico de Denia<br \/>\n<strong>Sr. Rodrigo de Febrer<\/strong>, Capitan de Marina Port Ginesta<br \/>\n<strong>Sr. Marc Miravitlles e Isabel Subirats<\/strong>, en representaci\u00f3n de ANAM<\/p>\n<p><a class=\"tt-flickr tt-flickr-Medium\" title=\"P1040536\" href=\"http:\/\/www.flickr.com\/photos\/circuitoanam\/9980669233\/\"><img loading=\"lazy\" decoding=\"async\" class=\"alignnone\" src=\"http:\/\/farm4.staticflickr.com\/3678\/9980669233_a9b9828a57.jpg\" alt=\"P1040536\" width=\"203\" height=\"410\" \/><\/a> <a class=\"tt-flickr tt-flickr-Medium\" title=\"_AFB2213\" href=\"http:\/\/www.flickr.com\/photos\/circuitoanam\/9980557665\/\"><img loading=\"lazy\" decoding=\"async\" class=\"alignnone\" src=\"http:\/\/farm8.staticflickr.com\/7340\/9980557665_71b228360f.jpg\" alt=\"_AFB2213\" width=\"227\" height=\"410\" \/><\/a> <a class=\"tt-flickr tt-flickr-Medium\" title=\"_AFB2218\" href=\"http:\/\/www.flickr.com\/photos\/circuitoanam\/9980580054\/\"><img loading=\"lazy\" decoding=\"async\" class=\"alignnone\" src=\"http:\/\/farm8.staticflickr.com\/7448\/9980580054_da5989d5d1.jpg\" alt=\"_AFB2218\" width=\"221\" height=\"410\" \/><\/a><\/p>\n","protected":false},"excerpt":{"rendered":"<p>LA RUTA DE LA SAL CUMPLE 27 A\u00d1OS DE HISTORIA. Despu\u00e9s de veintisiete a\u00f1os, La Ruta de la Sal se presenta nuevamente, como una de las competiciones m\u00e1s atractivas del Mediterr\u00e1neo. Un evento que refleja las posibilidades que ofrece la isla de Ibiza fuera de los meses de verano y que supone en s\u00ed mismo, [&hellip;]<\/p>\n","protected":false},"author":1,"featured_media":3847,"comment_status":"open","ping_status":"open","sticky":false,"template":"","format":"standard","meta":{"_acf_changed":false,"footnotes":""},"categories":[3],"tags":[],"acf":[],"yoast_head":"<!-- This site is optimized with the Yoast SEO plugin v23.0 - https:\/\/yoast.com\/wordpress\/plugins\/seo\/ -->\n<title>MULTITUDINARIA PRESENTACI\u00d3N DE LA RUTA DE LA SAL, LA REGATA CL\u00c1SICA DE SEMANA SANTA, EN EL SAL\u00d3N N\u00c1UTICO INTERNACIONAL DE BARCELONA. | Regata La Ruta de la Sal<\/title>\n<meta name=\"robots\" content=\"noindex, follow, max-snippet:-1, max-image-preview:large, max-video-preview:-1\" \/>\n<meta property=\"og:locale\" content=\"es_ES\" \/>\n<meta property=\"og:type\" content=\"article\" \/>\n<meta property=\"og:title\" content=\"MULTITUDINARIA PRESENTACI\u00d3N DE LA RUTA DE LA SAL, LA REGATA CL\u00c1SICA DE SEMANA SANTA, EN EL SAL\u00d3N N\u00c1UTICO INTERNACIONAL DE BARCELONA. | Regata La Ruta de la Sal\" \/>\n<meta property=\"og:description\" content=\"LA RUTA DE LA SAL CUMPLE 27 A\u00d1OS DE HISTORIA. Despu\u00e9s de veintisiete a\u00f1os, La Ruta de la Sal se presenta nuevamente, como una de las competiciones m\u00e1s atractivas del Mediterr\u00e1neo. Un evento que refleja las posibilidades que ofrece la isla de Ibiza fuera de los meses de verano y que supone en s\u00ed mismo, [&hellip;]\" \/>\n<meta property=\"og:url\" content=\"https:\/\/labs.100x100.net\/projects\/rutasal\/multitudinaria-presentacion-de-la-ruta-de-la-sal-la-regata-clasica-de-semana-santa-en-el-salon-nautico-internacional-de-barcelona-2\/\" \/>\n<meta property=\"og:site_name\" content=\"Regata La Ruta de la Sal\" \/>\n<meta property=\"article:publisher\" content=\"https:\/\/www.facebook.com\/rutadelasal\/\" \/>\n<meta property=\"article:published_time\" content=\"2013-09-28T13:21:29+00:00\" \/>\n<meta property=\"article:modified_time\" content=\"2019-03-14T09:49:16+00:00\" \/>\n<meta property=\"og:image\" content=\"https:\/\/labs.100x100.net\/projects\/rutasal\/custom\/uploads\/2013\/09\/9980624806_3f899055b4.jpg\" \/>\n\t<meta property=\"og:image:width\" content=\"500\" \/>\n\t<meta property=\"og:image:height\" content=\"331\" \/>\n\t<meta property=\"og:image:type\" content=\"image\/jpeg\" \/>\n<meta name=\"author\" content=\"La Ruta de la Sal\" \/>\n<meta name=\"twitter:card\" content=\"summary_large_image\" \/>\n<meta name=\"twitter:creator\" content=\"@AnamMedi\" \/>\n<meta name=\"twitter:site\" content=\"@AnamMedi\" \/>\n<meta name=\"twitter:label1\" content=\"Escrito por\" \/>\n\t<meta name=\"twitter:data1\" content=\"La Ruta de la Sal\" \/>\n\t<meta name=\"twitter:label2\" content=\"Tiempo de lectura\" \/>\n\t<meta name=\"twitter:data2\" content=\"4 minutos\" \/>\n<script type=\"application\/ld+json\" class=\"yoast-schema-graph\">{\"@context\":\"https:\/\/schema.org\",\"@graph\":[{\"@type\":\"WebPage\",\"@id\":\"https:\/\/labs.100x100.net\/projects\/rutasal\/multitudinaria-presentacion-de-la-ruta-de-la-sal-la-regata-clasica-de-semana-santa-en-el-salon-nautico-internacional-de-barcelona-2\/\",\"url\":\"https:\/\/labs.100x100.net\/projects\/rutasal\/multitudinaria-presentacion-de-la-ruta-de-la-sal-la-regata-clasica-de-semana-santa-en-el-salon-nautico-internacional-de-barcelona-2\/\",\"name\":\"MULTITUDINARIA PRESENTACI\u00d3N DE LA RUTA DE LA SAL, LA REGATA CL\u00c1SICA DE SEMANA SANTA, EN EL SAL\u00d3N N\u00c1UTICO INTERNACIONAL DE BARCELONA. | Regata La Ruta de la Sal\",\"isPartOf\":{\"@id\":\"https:\/\/labs.100x100.net\/projects\/rutasal\/#website\"},\"primaryImageOfPage\":{\"@id\":\"https:\/\/labs.100x100.net\/projects\/rutasal\/multitudinaria-presentacion-de-la-ruta-de-la-sal-la-regata-clasica-de-semana-santa-en-el-salon-nautico-internacional-de-barcelona-2\/#primaryimage\"},\"image\":{\"@id\":\"https:\/\/labs.100x100.net\/projects\/rutasal\/multitudinaria-presentacion-de-la-ruta-de-la-sal-la-regata-clasica-de-semana-santa-en-el-salon-nautico-internacional-de-barcelona-2\/#primaryimage\"},\"thumbnailUrl\":\"https:\/\/labs.100x100.net\/projects\/rutasal\/custom\/uploads\/2013\/09\/9980624806_3f899055b4.jpg\",\"datePublished\":\"2013-09-28T13:21:29+00:00\",\"dateModified\":\"2019-03-14T09:49:16+00:00\",\"author\":{\"@id\":\"https:\/\/labs.100x100.net\/projects\/rutasal\/#\/schema\/person\/214eeb4a2e78fd8373a0a94f6d93c9ca\"},\"breadcrumb\":{\"@id\":\"https:\/\/labs.100x100.net\/projects\/rutasal\/multitudinaria-presentacion-de-la-ruta-de-la-sal-la-regata-clasica-de-semana-santa-en-el-salon-nautico-internacional-de-barcelona-2\/#breadcrumb\"},\"inLanguage\":\"es\",\"potentialAction\":[{\"@type\":\"ReadAction\",\"target\":[\"https:\/\/labs.100x100.net\/projects\/rutasal\/multitudinaria-presentacion-de-la-ruta-de-la-sal-la-regata-clasica-de-semana-santa-en-el-salon-nautico-internacional-de-barcelona-2\/\"]}]},{\"@type\":\"ImageObject\",\"inLanguage\":\"es\",\"@id\":\"https:\/\/labs.100x100.net\/projects\/rutasal\/multitudinaria-presentacion-de-la-ruta-de-la-sal-la-regata-clasica-de-semana-santa-en-el-salon-nautico-internacional-de-barcelona-2\/#primaryimage\",\"url\":\"https:\/\/labs.100x100.net\/projects\/rutasal\/custom\/uploads\/2013\/09\/9980624806_3f899055b4.jpg\",\"contentUrl\":\"https:\/\/labs.100x100.net\/projects\/rutasal\/custom\/uploads\/2013\/09\/9980624806_3f899055b4.jpg\",\"width\":500,\"height\":331},{\"@type\":\"BreadcrumbList\",\"@id\":\"https:\/\/labs.100x100.net\/projects\/rutasal\/multitudinaria-presentacion-de-la-ruta-de-la-sal-la-regata-clasica-de-semana-santa-en-el-salon-nautico-internacional-de-barcelona-2\/#breadcrumb\",\"itemListElement\":[{\"@type\":\"ListItem\",\"position\":1,\"name\":\"Portada\",\"item\":\"https:\/\/labs.100x100.net\/projects\/rutasal\/\"},{\"@type\":\"ListItem\",\"position\":2,\"name\":\"MULTITUDINARIA PRESENTACI\u00d3N DE LA RUTA DE LA SAL, LA REGATA CL\u00c1SICA DE SEMANA SANTA, EN EL SAL\u00d3N N\u00c1UTICO INTERNACIONAL DE BARCELONA.\"}]},{\"@type\":\"WebSite\",\"@id\":\"https:\/\/labs.100x100.net\/projects\/rutasal\/#website\",\"url\":\"https:\/\/labs.100x100.net\/projects\/rutasal\/\",\"name\":\"Regata La Ruta de la Sal\",\"description\":\"Regata La Ruta de la Sal es una regata de Altura Mediterr\u00e1nea para barcos de crucero a vela con destino en Ibiza, que se disputa anualmente en Semana Santa.\",\"potentialAction\":[{\"@type\":\"SearchAction\",\"target\":{\"@type\":\"EntryPoint\",\"urlTemplate\":\"https:\/\/labs.100x100.net\/projects\/rutasal\/?s={search_term_string}\"},\"query-input\":\"required name=search_term_string\"}],\"inLanguage\":\"es\"},{\"@type\":\"Person\",\"@id\":\"https:\/\/labs.100x100.net\/projects\/rutasal\/#\/schema\/person\/214eeb4a2e78fd8373a0a94f6d93c9ca\",\"name\":\"La Ruta de la Sal\",\"image\":{\"@type\":\"ImageObject\",\"inLanguage\":\"es\",\"@id\":\"https:\/\/labs.100x100.net\/projects\/rutasal\/#\/schema\/person\/image\/\",\"url\":\"https:\/\/secure.gravatar.com\/avatar\/b247286d4b801d6b1cfcfb3807587284?s=96&d=mm&r=g\",\"contentUrl\":\"https:\/\/secure.gravatar.com\/avatar\/b247286d4b801d6b1cfcfb3807587284?s=96&d=mm&r=g\",\"caption\":\"La Ruta de la Sal\"}}]}<\/script>\n<!-- \/ Yoast SEO plugin. -->","yoast_head_json":{"title":"MULTITUDINARIA PRESENTACI\u00d3N DE LA RUTA DE LA SAL, LA REGATA CL\u00c1SICA DE SEMANA SANTA, EN EL SAL\u00d3N N\u00c1UTICO INTERNACIONAL DE BARCELONA. | Regata La Ruta de la Sal","robots":{"index":"noindex","follow":"follow","max-snippet":"max-snippet:-1","max-image-preview":"max-image-preview:large","max-video-preview":"max-video-preview:-1"},"og_locale":"es_ES","og_type":"article","og_title":"MULTITUDINARIA PRESENTACI\u00d3N DE LA RUTA DE LA SAL, LA REGATA CL\u00c1SICA DE SEMANA SANTA, EN EL SAL\u00d3N N\u00c1UTICO INTERNACIONAL DE BARCELONA. | Regata La Ruta de la Sal","og_description":"LA RUTA DE LA SAL CUMPLE 27 A\u00d1OS DE HISTORIA. Despu\u00e9s de veintisiete a\u00f1os, La Ruta de la Sal se presenta nuevamente, como una de las competiciones m\u00e1s atractivas del Mediterr\u00e1neo. Un evento que refleja las posibilidades que ofrece la isla de Ibiza fuera de los meses de verano y que supone en s\u00ed mismo, [&hellip;]","og_url":"https:\/\/labs.100x100.net\/projects\/rutasal\/multitudinaria-presentacion-de-la-ruta-de-la-sal-la-regata-clasica-de-semana-santa-en-el-salon-nautico-internacional-de-barcelona-2\/","og_site_name":"Regata La Ruta de la Sal","article_publisher":"https:\/\/www.facebook.com\/rutadelasal\/","article_published_time":"2013-09-28T13:21:29+00:00","article_modified_time":"2019-03-14T09:49:16+00:00","og_image":[{"width":500,"height":331,"url":"https:\/\/labs.100x100.net\/projects\/rutasal\/custom\/uploads\/2013\/09\/9980624806_3f899055b4.jpg","type":"image\/jpeg"}],"author":"La Ruta de la Sal","twitter_card":"summary_large_image","twitter_creator":"@AnamMedi","twitter_site":"@AnamMedi","twitter_misc":{"Escrito por":"La Ruta de la Sal","Tiempo de lectura":"4 minutos"},"schema":{"@context":"https:\/\/schema.org","@graph":[{"@type":"WebPage","@id":"https:\/\/labs.100x100.net\/projects\/rutasal\/multitudinaria-presentacion-de-la-ruta-de-la-sal-la-regata-clasica-de-semana-santa-en-el-salon-nautico-internacional-de-barcelona-2\/","url":"https:\/\/labs.100x100.net\/projects\/rutasal\/multitudinaria-presentacion-de-la-ruta-de-la-sal-la-regata-clasica-de-semana-santa-en-el-salon-nautico-internacional-de-barcelona-2\/","name":"MULTITUDINARIA PRESENTACI\u00d3N DE LA RUTA DE LA SAL, LA REGATA CL\u00c1SICA DE SEMANA SANTA, EN EL SAL\u00d3N N\u00c1UTICO INTERNACIONAL DE BARCELONA. | Regata La Ruta de la Sal","isPartOf":{"@id":"https:\/\/labs.100x100.net\/projects\/rutasal\/#website"},"primaryImageOfPage":{"@id":"https:\/\/labs.100x100.net\/projects\/rutasal\/multitudinaria-presentacion-de-la-ruta-de-la-sal-la-regata-clasica-de-semana-santa-en-el-salon-nautico-internacional-de-barcelona-2\/#primaryimage"},"image":{"@id":"https:\/\/labs.100x100.net\/projects\/rutasal\/multitudinaria-presentacion-de-la-ruta-de-la-sal-la-regata-clasica-de-semana-santa-en-el-salon-nautico-internacional-de-barcelona-2\/#primaryimage"},"thumbnailUrl":"https:\/\/labs.100x100.net\/projects\/rutasal\/custom\/uploads\/2013\/09\/9980624806_3f899055b4.jpg","datePublished":"2013-09-28T13:21:29+00:00","dateModified":"2019-03-14T09:49:16+00:00","author":{"@id":"https:\/\/labs.100x100.net\/projects\/rutasal\/#\/schema\/person\/214eeb4a2e78fd8373a0a94f6d93c9ca"},"breadcrumb":{"@id":"https:\/\/labs.100x100.net\/projects\/rutasal\/multitudinaria-presentacion-de-la-ruta-de-la-sal-la-regata-clasica-de-semana-santa-en-el-salon-nautico-internacional-de-barcelona-2\/#breadcrumb"},"inLanguage":"es","potentialAction":[{"@type":"ReadAction","target":["https:\/\/labs.100x100.net\/projects\/rutasal\/multitudinaria-presentacion-de-la-ruta-de-la-sal-la-regata-clasica-de-semana-santa-en-el-salon-nautico-internacional-de-barcelona-2\/"]}]},{"@type":"ImageObject","inLanguage":"es","@id":"https:\/\/labs.100x100.net\/projects\/rutasal\/multitudinaria-presentacion-de-la-ruta-de-la-sal-la-regata-clasica-de-semana-santa-en-el-salon-nautico-internacional-de-barcelona-2\/#primaryimage","url":"https:\/\/labs.100x100.net\/projects\/rutasal\/custom\/uploads\/2013\/09\/9980624806_3f899055b4.jpg","contentUrl":"https:\/\/labs.100x100.net\/projects\/rutasal\/custom\/uploads\/2013\/09\/9980624806_3f899055b4.jpg","width":500,"height":331},{"@type":"BreadcrumbList","@id":"https:\/\/labs.100x100.net\/projects\/rutasal\/multitudinaria-presentacion-de-la-ruta-de-la-sal-la-regata-clasica-de-semana-santa-en-el-salon-nautico-internacional-de-barcelona-2\/#breadcrumb","itemListElement":[{"@type":"ListItem","position":1,"name":"Portada","item":"https:\/\/labs.100x100.net\/projects\/rutasal\/"},{"@type":"ListItem","position":2,"name":"MULTITUDINARIA PRESENTACI\u00d3N DE LA RUTA DE LA SAL, LA REGATA CL\u00c1SICA DE SEMANA SANTA, EN EL SAL\u00d3N N\u00c1UTICO INTERNACIONAL DE BARCELONA."}]},{"@type":"WebSite","@id":"https:\/\/labs.100x100.net\/projects\/rutasal\/#website","url":"https:\/\/labs.100x100.net\/projects\/rutasal\/","name":"Regata La Ruta de la Sal","description":"Regata La Ruta de la Sal es una regata de Altura Mediterr\u00e1nea para barcos de crucero a vela con destino en Ibiza, que se disputa anualmente en Semana Santa.","potentialAction":[{"@type":"SearchAction","target":{"@type":"EntryPoint","urlTemplate":"https:\/\/labs.100x100.net\/projects\/rutasal\/?s={search_term_string}"},"query-input":"required name=search_term_string"}],"inLanguage":"es"},{"@type":"Person","@id":"https:\/\/labs.100x100.net\/projects\/rutasal\/#\/schema\/person\/214eeb4a2e78fd8373a0a94f6d93c9ca","name":"La Ruta de la Sal","image":{"@type":"ImageObject","inLanguage":"es","@id":"https:\/\/labs.100x100.net\/projects\/rutasal\/#\/schema\/person\/image\/","url":"https:\/\/secure.gravatar.com\/avatar\/b247286d4b801d6b1cfcfb3807587284?s=96&d=mm&r=g","contentUrl":"https:\/\/secure.gravatar.com\/avatar\/b247286d4b801d6b1cfcfb3807587284?s=96&d=mm&r=g","caption":"La Ruta de la Sal"}}]}},"_links":{"self":[{"href":"https:\/\/labs.100x100.net\/projects\/rutasal\/wp-json\/wp\/v2\/posts\/1509"}],"collection":[{"href":"https:\/\/labs.100x100.net\/projects\/rutasal\/wp-json\/wp\/v2\/posts"}],"about":[{"href":"https:\/\/labs.100x100.net\/projects\/rutasal\/wp-json\/wp\/v2\/types\/post"}],"author":[{"embeddable":true,"href":"https:\/\/labs.100x100.net\/projects\/rutasal\/wp-json\/wp\/v2\/users\/1"}],"replies":[{"embeddable":true,"href":"https:\/\/labs.100x100.net\/projects\/rutasal\/wp-json\/wp\/v2\/comments?post=1509"}],"version-history":[{"count":1,"href":"https:\/\/labs.100x100.net\/projects\/rutasal\/wp-json\/wp\/v2\/posts\/1509\/revisions"}],"predecessor-version":[{"id":3848,"href":"https:\/\/labs.100x100.net\/projects\/rutasal\/wp-json\/wp\/v2\/posts\/1509\/revisions\/3848"}],"wp:featuredmedia":[{"embeddable":true,"href":"https:\/\/labs.100x100.net\/projects\/rutasal\/wp-json\/wp\/v2\/media\/3847"}],"wp:attachment":[{"href":"https:\/\/labs.100x100.net\/projects\/rutasal\/wp-json\/wp\/v2\/media?parent=1509"}],"wp:term":[{"taxonomy":"category","embeddable":true,"href":"https:\/\/labs.100x100.net\/projects\/rutasal\/wp-json\/wp\/v2\/categories?post=1509"},{"taxonomy":"post_tag","embeddable":true,"href":"https:\/\/labs.100x100.net\/projects\/rutasal\/wp-json\/wp\/v2\/tags?post=1509"}],"curies":[{"name":"wp","href":"https:\/\/api.w.org\/{rel}","templated":true}]}}