{"id":1495,"date":"2013-09-09T10:58:06","date_gmt":"2013-09-09T10:58:06","guid":{"rendered":"https:\/\/larutadelasal.com\/?p=1495"},"modified":"2019-03-15T20:48:36","modified_gmt":"2019-03-15T18:48:36","slug":"la-ruta-de-la-sal-2013","status":"publish","type":"post","link":"https:\/\/labs.100x100.net\/projects\/rutasal\/la-ruta-de-la-sal-2013\/","title":{"rendered":"La Ruta de la Sal 2013"},"content":{"rendered":"<p><strong>26 Ruta de La Sal &#8211; Trofeo Pepe Ferres. Regata de Altura. 28 al 31 Marzo 2013. www.larutadelasal.com<\/strong><\/p>\n<p><strong><em>-\u201cThe Best Skipper\u201d y \u201cCaf\u00e9 del Mar\u201d vencedores absolutos de la 26 Ruta de La Sal &#8211; Trofeo Pepe Ferres.<\/em><\/strong><\/p>\n<p><strong><em>-Se confirmaron los pron\u00f3sticos \u201cThe Best Skipper\u201d de Enrique y Siga Curt y \u201cCaf\u00e9 del Mar\u201d de Juan Carlos Sanchis se han proclamado vencedores absolutos de la 26aba. Edici\u00f3n de la Ruta de La Sal \u2013 Trofeo Pepe Ferres.<\/em><\/strong><\/p>\n<p style=\"text-align: justify;\">Enrique y Siga Curt, se han proclamado ganadores absolutos de la Versi\u00f3n Norte de La Sal 2013, tras cubrir, con su Hanse 461 \u201cThe Best Skipper\u201d del CN de Vilanova, las 140 millas desde Barcelona a Sant Antoni en 22h, 04m, 02s. Un importante \u00e9xito deportivo para un equipo que acredita un extraordinario palmares que con este resultado, pasa a formar parte de lista de los equipos que han ido escribiendo la historia de esta regata.<\/p>\n<p><a title=\"_AFB4828\" href=\"http:\/\/www.flickr.com\/photos\/circuitoanam\/8596838929\/\"><img loading=\"lazy\" decoding=\"async\" class=\"alignleft\" src=\"http:\/\/farm9.staticflickr.com\/8226\/8596838929_679aea3f3c.jpg\" alt=\"_AFB4828\" width=\"320\" height=\"229\" \/><\/a><img loading=\"lazy\" decoding=\"async\" class=\"alignleft\" src=\"http:\/\/farm9.staticflickr.com\/8528\/8600178982_51e907822d.jpg\" alt=\"DSC_63432\" width=\"320\" height=\"229\" \/><\/p>\n<p><a title=\"26 La Ruta de la Sal 2013 (Trofeo Pepe Ferr\u00e9s) \u00a9 AlfredFarre.com\" href=\"http:\/\/www.flickr.com\/photos\/circuitoanam\/8597927754\/\"><img loading=\"lazy\" decoding=\"async\" class=\"alignleft\" src=\"http:\/\/farm9.staticflickr.com\/8386\/8597927754_aabd4fab52.jpg\" alt=\"26 La Ruta de la Sal 2013 (Trofeo Pepe Ferr\u00e9s) \u00a9 AlfredFarre.com\" width=\"320\" height=\"229\" \/><\/a><a title=\"_AFB5206\" href=\"http:\/\/www.flickr.com\/photos\/circuitoanam\/8601801555\/\"><img loading=\"lazy\" decoding=\"async\" class=\"alignleft\" src=\"http:\/\/farm9.staticflickr.com\/8262\/8601801555_3426825348.jpg\" alt=\"_AFB5206\" width=\"320\" height=\"229\" \/><\/a><\/p>\n<div style=\"clear: both;\"><\/div>\n<p style=\"text-align: justify;\">\u00abThe Best\u201d Skipper\u201d es un dise\u00f1o de Judel \/ Vrolijk manufacturado por los astilleros alemanes Hanse, para un programa de uso de tipo \u201ccrucero-regata\u201d. Un velero de unos 15,50 metros, muy polivalente, que en condiciones de vientos de intensidades medias\/ medias-altas es capaz de desarrollar performances muy altos. Los vientos del S &#8211; SO con topes de hasta fuerza 5 que han predominado durante toda la regata desde Barcelona, as\u00ed como la mar, siempre de proa y en general muy formada \u2013 marejada \u2013 han dibujado un panorama muy compatible con sus caracter\u00edsticas t\u00e9cnicas que, Enrique Curt y su tripulaci\u00f3n, han sabido negociar perfectamente para alzarse con este importante titulo.<\/p>\n<p style=\"text-align: justify;\">En segunda posici\u00f3n, tras \u201cThe Best Skipper\u201d, se ha clasificado el Baltic 52 \u201cTrick\u201d de CN del Arenal \u2013Mallorca.- de Joan Lozano, un dise\u00f1o de S&amp;S para un programa de CR \u2013 cruiser-racer- IMS que ha demostrado tener un gran potencial con vientos de proa. Cierra el podium, de esta Versi\u00f3n Norte de La Sal 2013, el Swam 56 \u201cClem\u201d de Amanda Hartley, uno de los equipos con mejores resultados absolutos en la historia de esta regata que, con esta posici\u00f3n apunta, en esta ocasi\u00f3n, dos menciones significativas; tercero en la general compensada y tercero en la clasificaci\u00f3n en tiempo real.<\/p>\n<p style=\"text-align: justify;\">En la Versi\u00f3n Este, la victoria del \u201cCaf\u00e9 del Mar\u201d ha sido contundente. El barco, un J92S de Juan Carlos Sanchis del CN de Sant Antoni de Portmany, logro cubrir las 117 millas desde Denia en un tiempo de 18h, 02m, 27s lo que le ha permitido ganar la regata con un margen significativo sobre su mas inmediato rival; el Sun Fast 36, de Felix Comas de Hevia \u201cEl Marino Denia\u201d- del CN Arenal- que fue segundo en la general, cerrando el podium de los campeones de esta Versi\u00f3n Este, el A31 \u201cFertiberia\u201d de Jes\u00fas Pintos de RCN de La Coru\u00f1a.<\/p>\n<div style=\"clear: both;\"><\/div>\n<p><a title=\"_AFB6354\" href=\"http:\/\/www.flickr.com\/photos\/circuitoanam\/8615917775\/\"><img loading=\"lazy\" decoding=\"async\" class=\"alignleft\" src=\"http:\/\/farm9.staticflickr.com\/8102\/8615917775_9aa3225fbc.jpg\" alt=\"_AFB6354\" width=\"320\" height=\"229\" \/><\/a><a title=\"_AFB6350\" href=\"http:\/\/www.flickr.com\/photos\/circuitoanam\/8948270404\/\"><img loading=\"lazy\" decoding=\"async\" class=\"alignleft\" src=\"http:\/\/farm3.staticflickr.com\/2820\/8948270404_c8634a4bcf.jpg\" alt=\"_AFB6350\" width=\"320\" height=\"229\" \/><\/a><\/p>\n<div><img loading=\"lazy\" decoding=\"async\" class=\"alignleft\" src=\"http:\/\/farm9.staticflickr.com\/8531\/8615949783_b60199af1d.jpg\" alt=\"_AFB6177\" width=\"320\" height=\"229\" \/><img loading=\"lazy\" decoding=\"async\" class=\"alignleft\" src=\"http:\/\/farm9.staticflickr.com\/8390\/8617053432_c9dd19ffd2.jpg\" alt=\"_AFB6179\" width=\"320\" height=\"229\" \/><\/div>\n<div>\n<div>\n<div>\n<div style=\"text-align: justify;\">El \u201cCaf\u00e9 del Mar\u201d es un magnifico y equilibrado dise\u00f1o de Rod Johnstone, para un programa de crucero r\u00e1pido. Un barco de 9,90 metros de eslora dise\u00f1ado sobre la base del antiguo y exitoso J92, que resulta extraordinariamente polivalente y, en general, muy veloz en una ampl\u00edsima gama de condiciones. Un autentico \u201cracer\u201d perfecto para regatas costeras y t\u00e1cticas de distancias medias. En la edici\u00f3n del 2012, el \u201cCaf\u00e9 del Mar\u201d fue segundo en la general de esta misma singladura \u2013 Versi\u00f3n Este \u2013 Su patr\u00f3n, Juan Carlos Sanchis un regatista con muchas millas de experiencia, ganador \u2013 con esta \u2013 en tres ocasiones de La Ruta de La Sal \u2013 a bordo de \u201cAlba\u201d y \u201cAivis\u201d .- Con este triunfo \u201cCaf\u00e9 del Mar\u201d retiene, para la flota Ibicenca, el titulo de la Versi\u00f3n Este de La Sal, ganado en el 2012 por el \u201cPosidonia Uno\u201d de Ram\u00f3n Balanzat del CN de Ibiza.<\/div>\n<div style=\"clear: both;\"><\/div>\n<p><a title=\"P1460829\" href=\"http:\/\/www.flickr.com\/photos\/circuitoanam\/8947614435\/\"><img loading=\"lazy\" decoding=\"async\" class=\"alignleft\" src=\"http:\/\/farm4.staticflickr.com\/3810\/8947614435_741d5e65c0.jpg\" alt=\"P1460829\" width=\"320\" height=\"229\" \/><\/a> <a title=\"_AFB5291\" href=\"http:\/\/www.flickr.com\/photos\/circuitoanam\/8948244364\/\"><img loading=\"lazy\" decoding=\"async\" class=\"alignleft\" src=\"http:\/\/farm4.staticflickr.com\/3695\/8948244364_3f1f52702c.jpg\" alt=\"_AFB5291\" width=\"320\" height=\"229\" \/><\/a><\/p>\n<div style=\"clear: both;\"><\/div>\n<p><a title=\"P1460798\" href=\"http:\/\/www.flickr.com\/photos\/circuitoanam\/8947614461\/\"><img loading=\"lazy\" decoding=\"async\" class=\"alignleft\" src=\"http:\/\/farm3.staticflickr.com\/2861\/8947614461_a1326b339c.jpg\" alt=\"P1460798\" width=\"320\" height=\"229\" \/><\/a><a title=\"_AFB5267\" href=\"http:\/\/www.flickr.com\/photos\/circuitoanam\/8947620707\/\"><img loading=\"lazy\" decoding=\"async\" class=\"alignleft\" src=\"http:\/\/farm4.staticflickr.com\/3682\/8947620707_c494b5d6aa.jpg\" alt=\"_AFB5267\" width=\"320\" height=\"229\" \/><\/a><\/p>\n<div style=\"clear: both;\"><\/div>\n<p style=\"text-align: justify;\">La versi\u00f3n Este se ha desarrollado con vientos constantes del O \u2013 SO de intensidades de hasta fuerza 5 y, alg\u00fan tope de 6. Hasta el Islote de Tagomago la floto evoluciono muy r\u00e1pida y en condiciones bastante asequibles. Sin embargo la navegaci\u00f3n por la Coste Norte de Ibiza hasta Sant Antoni, con fuertes vientos de proa y mar muy montada, resulto dura y t\u00e1cticamente hablando compleja.<\/p>\n<p style=\"text-align: justify;\">Los ganadores en tiempo real de esta 26aba. Regata de Altura de la Ruta de La Sal \u2013 Trofeo Pepe Ferres han sido, en la Versi\u00f3n Este, con un registro de 13h, 50m, 36s invertidos en cubrir las 117 millas del recorrido desde Denia hasta Sant Antoni, el \u201c2 Much\u201d; un X-65 de Jos\u00e9 Fabre del CN de Palma Nova dise\u00f1ado en el 2009 por Niels Jepessen. Equipo que en el 2011 fue tambi\u00e9n el m\u00e1s r\u00e1pido en esta misma derrota. En la Versi\u00f3n Norte \u201cExcalibur\u201d, un Knierim 50 de Christian Moller que necesito para cubrir las 140 millas desde Port Ginesta \u2013 Barcelona.-, 19 h, 38m, 50s.<\/p>\n<p style=\"text-align: justify;\">El s\u00e1bado por la noche tuvo lugar la Entrega de Trofeos de esta 26 edici\u00f3n de La Ruta de la Sal, acto presidido por el Hble. Sr. Vicen\u00e7 Serra president del Consells d\u2019Eivissa, la Hble. Sra. Carmen Ferrer Consellera de Turisme del Consell d\u2019Eivissa y la Ilma. Sra. Pepita Guitierrez, alcaldes de St Antoni.<\/p>\n<p>&nbsp;<\/p>\n<div><img loading=\"lazy\" decoding=\"async\" class=\"alignleft\" src=\"http:\/\/farm9.staticflickr.com\/8245\/8616998502_c768fae463.jpg\" alt=\"_AFB6461\" width=\"320\" height=\"229\" \/><img loading=\"lazy\" decoding=\"async\" class=\"alignleft\" src=\"http:\/\/farm3.staticflickr.com\/2813\/8947650527_399678103a.jpg\" alt=\"_AFB6528\" width=\"320\" height=\"229\" \/><\/div>\n<\/div>\n<div>\n<p><a title=\"_AFB6440\" href=\"http:\/\/www.flickr.com\/photos\/circuitoanam\/8947657247\/\"><img loading=\"lazy\" decoding=\"async\" class=\"alignleft\" src=\"http:\/\/farm8.staticflickr.com\/7352\/8947657247_6ea122499e.jpg\" alt=\"_AFB6440\" width=\"320\" height=\"229\" \/><\/a><a title=\"_AFB6494\" href=\"http:\/\/www.flickr.com\/photos\/circuitoanam\/8948284182\/\"><img loading=\"lazy\" decoding=\"async\" class=\"alignleft\" src=\"http:\/\/farm8.staticflickr.com\/7355\/8948284182_a143c7cd6e.jpg\" alt=\"_AFB6494\" width=\"320\" height=\"229\" \/><\/a><\/p>\n<p style=\"text-align: justify;\">A continuaci\u00f3n tuvo lugar la cena-bufete y la fiesta de La sal para todas las tripulaciones participantes.<\/p>\n<div id=\"_mcePaste\" style=\"text-align: justify;\">www.larutadelasal.com ofrece un servicio integral de asistencia a todos los interesados en La Sal, sea deportistas, t\u00e9cnicos o profesionales de la comunicaci\u00f3n. Una herramienta que, permite, entre otras muchas posibilidades &#8211; tramite de inscripciones, gesti\u00f3n de resultados, etc, etc.- realizar un seguimiento de la evoluci\u00f3n deportiva de La Ruta de La Sal pr\u00e1cticamente a tiempo real, con acceso a im\u00e1genes y videos en alta definici\u00f3n, abriendo las posibilidades medi\u00e1ticas de la Ruta de La Sal de una manera muy significativa.<\/div>\n<div id=\"_mcePaste\" style=\"text-align: justify;\">La XXVI regata de altura de La Ruta de la Sal cuenta con la colaboraci\u00f3n del Consell d\u2019Eivissa, la Consellerie de Turisme del Govern de les Illes Balears, el Ajuntament de Sant Antoni de Portmany, la Estaci\u00f3 N\u00e1utica de Sant Antoni y Sant Josep, as\u00ed como de los Ayuntamientos de Denia y Sitges<\/div>\n<div id=\"_mcePaste\" style=\"text-align: justify;\">Esta organizada, por ANAM, Associaci\u00f3 de Navegants d\u2019Altura Mediterranis, en estrecha colaboraci\u00f3n con el CM Port Ginesta, RC N\u00e1utico Denia, CN Sant Antoni de Portmany de Ibiza y la RANC, con el soporte de Ports de Balears, Sociedad Estatal de Salvamento y Seguridad Mar\u00edtima, Guardia Civil del Mar y el apoyo de la Federaci\u00f3 Catalana de Vela, Federaci\u00f3n de Vela de la Comunidad Valenciana y la Federaci\u00f3 Balear de Vela.<\/div>\n<\/div>\n<\/div>\n<p style=\"text-align: justify;\">www.larutadelasal.com ofrece un servicio integral de asistencia a todos los interesados en La Sal, sea deportistas, t\u00e9cnicos o profesionales de la comunicaci\u00f3n. Una herramienta que, permite, entre otras muchas posibilidades &#8211; tramite de inscripciones, gesti\u00f3n de resultados, etc, etc.- realizar un seguimiento de la evoluci\u00f3n deportiva de La Ruta de La Sal pr\u00e1cticamente a tiempo real, con acceso a im\u00e1genes y videos en alta definici\u00f3n, abriendo las posibilidades medi\u00e1ticas de la Ruta de La Sal de una manera muy significativa.La XXVI regata de altura de La Ruta de la Sal cuenta con la colaboraci\u00f3n del Consell d\u2019Eivissa, la Consellerie de Turisme del Govern de les Illes Balears, el Ajuntament de Sant Antoni de Portmany, la Estaci\u00f3 N\u00e1utica de Sant Antoni y Sant Josep, as\u00ed como de los Ayuntamientos de Denia y SitgesEsta organizada, por ANAM, Associaci\u00f3 de Navegants d\u2019Altura Mediterranis, en estrecha colaboraci\u00f3n con el CM Port Ginesta, RC N\u00e1utico Denia, CN Sant Antoni de Portmany de Ibiza y la RANC, con el soporte de Ports de Balears, Sociedad Estatal de Salvamento y Seguridad Mar\u00edtima, Guardia Civil del Mar y el apoyo de la Federaci\u00f3 Catalana de Vela, Federaci\u00f3n de Vela de la Comunidad Valenciana y la Federaci\u00f3 Balear de Vela.<\/p>\n<\/div>\n","protected":false},"excerpt":{"rendered":"<p style=\"text-align: justify;\">-\u201cThe Best Skipper\u201d  y \u201cCaf\u00e9 del Mar\u201d vencedores absolutos de la 26 Ruta de La Sal &#8211; Trofeo Pepe Ferres.<\/p>\n<p style=\"text-align: justify;\">-Se confirmaron los pron\u00f3sticos  \u201cThe Best Skipper\u201d de Enrique y Siga Curt y \u201cCaf\u00e9 del Mar\u201d de Juan Carlos Sanchis se han proclamado vencedores absolutos de la 26aba. Edici\u00f3n de la Ruta de La Sal \u2013 Trofeo Pepe Ferres.<\/p>\n","protected":false},"author":1,"featured_media":3769,"comment_status":"open","ping_status":"open","sticky":false,"template":"","format":"standard","meta":{"_acf_changed":false,"footnotes":""},"categories":[2,3],"tags":[],"acf":[],"yoast_head":"<!-- This site is optimized with the Yoast SEO plugin v23.0 - https:\/\/yoast.com\/wordpress\/plugins\/seo\/ -->\n<title>La Ruta de la Sal 2013 | Regata La Ruta de la Sal<\/title>\n<meta name=\"robots\" content=\"noindex, follow, max-snippet:-1, max-image-preview:large, max-video-preview:-1\" \/>\n<meta property=\"og:locale\" content=\"es_ES\" \/>\n<meta property=\"og:type\" content=\"article\" \/>\n<meta property=\"og:title\" content=\"La Ruta de la Sal 2013 | Regata La Ruta de la Sal\" \/>\n<meta property=\"og:description\" content=\"-\u201cThe Best Skipper\u201d y \u201cCaf\u00e9 del Mar\u201d vencedores absolutos de la 26 Ruta de La Sal - Trofeo Pepe Ferres. -Se confirmaron los pron\u00f3sticos \u201cThe Best Skipper\u201d de Enrique y Siga Curt y \u201cCaf\u00e9 del Mar\u201d de Juan Carlos Sanchis se han proclamado vencedores absolutos de la 26aba. Edici\u00f3n de la Ruta de La Sal \u2013 Trofeo Pepe Ferres.\" \/>\n<meta property=\"og:url\" content=\"https:\/\/labs.100x100.net\/projects\/rutasal\/la-ruta-de-la-sal-2013\/\" \/>\n<meta property=\"og:site_name\" content=\"Regata La Ruta de la Sal\" \/>\n<meta property=\"article:publisher\" content=\"https:\/\/www.facebook.com\/rutadelasal\/\" \/>\n<meta property=\"article:published_time\" content=\"2013-09-09T10:58:06+00:00\" \/>\n<meta property=\"article:modified_time\" content=\"2019-03-15T18:48:36+00:00\" \/>\n<meta property=\"og:image\" content=\"https:\/\/labs.100x100.net\/projects\/rutasal\/custom\/uploads\/2013\/09\/la-ruta-de-la-sal-2013.png\" \/>\n\t<meta property=\"og:image:width\" content=\"801\" \/>\n\t<meta property=\"og:image:height\" content=\"533\" \/>\n\t<meta property=\"og:image:type\" content=\"image\/png\" \/>\n<meta name=\"author\" content=\"La Ruta de la Sal\" \/>\n<meta name=\"twitter:card\" content=\"summary_large_image\" \/>\n<meta name=\"twitter:creator\" content=\"@AnamMedi\" \/>\n<meta name=\"twitter:site\" content=\"@AnamMedi\" \/>\n<meta name=\"twitter:label1\" content=\"Escrito por\" \/>\n\t<meta name=\"twitter:data1\" content=\"La Ruta de la Sal\" \/>\n\t<meta name=\"twitter:label2\" content=\"Tiempo de lectura\" \/>\n\t<meta name=\"twitter:data2\" content=\"7 minutos\" \/>\n<script type=\"application\/ld+json\" class=\"yoast-schema-graph\">{\"@context\":\"https:\/\/schema.org\",\"@graph\":[{\"@type\":\"WebPage\",\"@id\":\"https:\/\/labs.100x100.net\/projects\/rutasal\/la-ruta-de-la-sal-2013\/\",\"url\":\"https:\/\/labs.100x100.net\/projects\/rutasal\/la-ruta-de-la-sal-2013\/\",\"name\":\"La Ruta de la Sal 2013 | Regata La Ruta de la Sal\",\"isPartOf\":{\"@id\":\"https:\/\/labs.100x100.net\/projects\/rutasal\/#website\"},\"primaryImageOfPage\":{\"@id\":\"https:\/\/labs.100x100.net\/projects\/rutasal\/la-ruta-de-la-sal-2013\/#primaryimage\"},\"image\":{\"@id\":\"https:\/\/labs.100x100.net\/projects\/rutasal\/la-ruta-de-la-sal-2013\/#primaryimage\"},\"thumbnailUrl\":\"https:\/\/labs.100x100.net\/projects\/rutasal\/custom\/uploads\/2013\/09\/la-ruta-de-la-sal-2013.png\",\"datePublished\":\"2013-09-09T10:58:06+00:00\",\"dateModified\":\"2019-03-15T18:48:36+00:00\",\"author\":{\"@id\":\"https:\/\/labs.100x100.net\/projects\/rutasal\/#\/schema\/person\/214eeb4a2e78fd8373a0a94f6d93c9ca\"},\"breadcrumb\":{\"@id\":\"https:\/\/labs.100x100.net\/projects\/rutasal\/la-ruta-de-la-sal-2013\/#breadcrumb\"},\"inLanguage\":\"es\",\"potentialAction\":[{\"@type\":\"ReadAction\",\"target\":[\"https:\/\/labs.100x100.net\/projects\/rutasal\/la-ruta-de-la-sal-2013\/\"]}]},{\"@type\":\"ImageObject\",\"inLanguage\":\"es\",\"@id\":\"https:\/\/labs.100x100.net\/projects\/rutasal\/la-ruta-de-la-sal-2013\/#primaryimage\",\"url\":\"https:\/\/labs.100x100.net\/projects\/rutasal\/custom\/uploads\/2013\/09\/la-ruta-de-la-sal-2013.png\",\"contentUrl\":\"https:\/\/labs.100x100.net\/projects\/rutasal\/custom\/uploads\/2013\/09\/la-ruta-de-la-sal-2013.png\",\"width\":801,\"height\":533},{\"@type\":\"BreadcrumbList\",\"@id\":\"https:\/\/labs.100x100.net\/projects\/rutasal\/la-ruta-de-la-sal-2013\/#breadcrumb\",\"itemListElement\":[{\"@type\":\"ListItem\",\"position\":1,\"name\":\"Portada\",\"item\":\"https:\/\/labs.100x100.net\/projects\/rutasal\/\"},{\"@type\":\"ListItem\",\"position\":2,\"name\":\"La Ruta de la Sal 2013\"}]},{\"@type\":\"WebSite\",\"@id\":\"https:\/\/labs.100x100.net\/projects\/rutasal\/#website\",\"url\":\"https:\/\/labs.100x100.net\/projects\/rutasal\/\",\"name\":\"Regata La Ruta de la Sal\",\"description\":\"Regata La Ruta de la Sal es una regata de Altura Mediterr\u00e1nea para barcos de crucero a vela con destino en Ibiza, que se disputa anualmente en Semana Santa.\",\"potentialAction\":[{\"@type\":\"SearchAction\",\"target\":{\"@type\":\"EntryPoint\",\"urlTemplate\":\"https:\/\/labs.100x100.net\/projects\/rutasal\/?s={search_term_string}\"},\"query-input\":\"required name=search_term_string\"}],\"inLanguage\":\"es\"},{\"@type\":\"Person\",\"@id\":\"https:\/\/labs.100x100.net\/projects\/rutasal\/#\/schema\/person\/214eeb4a2e78fd8373a0a94f6d93c9ca\",\"name\":\"La Ruta de la Sal\",\"image\":{\"@type\":\"ImageObject\",\"inLanguage\":\"es\",\"@id\":\"https:\/\/labs.100x100.net\/projects\/rutasal\/#\/schema\/person\/image\/\",\"url\":\"https:\/\/secure.gravatar.com\/avatar\/b247286d4b801d6b1cfcfb3807587284?s=96&d=mm&r=g\",\"contentUrl\":\"https:\/\/secure.gravatar.com\/avatar\/b247286d4b801d6b1cfcfb3807587284?s=96&d=mm&r=g\",\"caption\":\"La Ruta de la Sal\"}}]}<\/script>\n<!-- \/ Yoast SEO plugin. -->","yoast_head_json":{"title":"La Ruta de la Sal 2013 | Regata La Ruta de la Sal","robots":{"index":"noindex","follow":"follow","max-snippet":"max-snippet:-1","max-image-preview":"max-image-preview:large","max-video-preview":"max-video-preview:-1"},"og_locale":"es_ES","og_type":"article","og_title":"La Ruta de la Sal 2013 | Regata La Ruta de la Sal","og_description":"-\u201cThe Best Skipper\u201d y \u201cCaf\u00e9 del Mar\u201d vencedores absolutos de la 26 Ruta de La Sal - Trofeo Pepe Ferres. -Se confirmaron los pron\u00f3sticos \u201cThe Best Skipper\u201d de Enrique y Siga Curt y \u201cCaf\u00e9 del Mar\u201d de Juan Carlos Sanchis se han proclamado vencedores absolutos de la 26aba. Edici\u00f3n de la Ruta de La Sal \u2013 Trofeo Pepe Ferres.","og_url":"https:\/\/labs.100x100.net\/projects\/rutasal\/la-ruta-de-la-sal-2013\/","og_site_name":"Regata La Ruta de la Sal","article_publisher":"https:\/\/www.facebook.com\/rutadelasal\/","article_published_time":"2013-09-09T10:58:06+00:00","article_modified_time":"2019-03-15T18:48:36+00:00","og_image":[{"width":801,"height":533,"url":"https:\/\/labs.100x100.net\/projects\/rutasal\/custom\/uploads\/2013\/09\/la-ruta-de-la-sal-2013.png","type":"image\/png"}],"author":"La Ruta de la Sal","twitter_card":"summary_large_image","twitter_creator":"@AnamMedi","twitter_site":"@AnamMedi","twitter_misc":{"Escrito por":"La Ruta de la Sal","Tiempo de lectura":"7 minutos"},"schema":{"@context":"https:\/\/schema.org","@graph":[{"@type":"WebPage","@id":"https:\/\/labs.100x100.net\/projects\/rutasal\/la-ruta-de-la-sal-2013\/","url":"https:\/\/labs.100x100.net\/projects\/rutasal\/la-ruta-de-la-sal-2013\/","name":"La Ruta de la Sal 2013 | Regata La Ruta de la Sal","isPartOf":{"@id":"https:\/\/labs.100x100.net\/projects\/rutasal\/#website"},"primaryImageOfPage":{"@id":"https:\/\/labs.100x100.net\/projects\/rutasal\/la-ruta-de-la-sal-2013\/#primaryimage"},"image":{"@id":"https:\/\/labs.100x100.net\/projects\/rutasal\/la-ruta-de-la-sal-2013\/#primaryimage"},"thumbnailUrl":"https:\/\/labs.100x100.net\/projects\/rutasal\/custom\/uploads\/2013\/09\/la-ruta-de-la-sal-2013.png","datePublished":"2013-09-09T10:58:06+00:00","dateModified":"2019-03-15T18:48:36+00:00","author":{"@id":"https:\/\/labs.100x100.net\/projects\/rutasal\/#\/schema\/person\/214eeb4a2e78fd8373a0a94f6d93c9ca"},"breadcrumb":{"@id":"https:\/\/labs.100x100.net\/projects\/rutasal\/la-ruta-de-la-sal-2013\/#breadcrumb"},"inLanguage":"es","potentialAction":[{"@type":"ReadAction","target":["https:\/\/labs.100x100.net\/projects\/rutasal\/la-ruta-de-la-sal-2013\/"]}]},{"@type":"ImageObject","inLanguage":"es","@id":"https:\/\/labs.100x100.net\/projects\/rutasal\/la-ruta-de-la-sal-2013\/#primaryimage","url":"https:\/\/labs.100x100.net\/projects\/rutasal\/custom\/uploads\/2013\/09\/la-ruta-de-la-sal-2013.png","contentUrl":"https:\/\/labs.100x100.net\/projects\/rutasal\/custom\/uploads\/2013\/09\/la-ruta-de-la-sal-2013.png","width":801,"height":533},{"@type":"BreadcrumbList","@id":"https:\/\/labs.100x100.net\/projects\/rutasal\/la-ruta-de-la-sal-2013\/#breadcrumb","itemListElement":[{"@type":"ListItem","position":1,"name":"Portada","item":"https:\/\/labs.100x100.net\/projects\/rutasal\/"},{"@type":"ListItem","position":2,"name":"La Ruta de la Sal 2013"}]},{"@type":"WebSite","@id":"https:\/\/labs.100x100.net\/projects\/rutasal\/#website","url":"https:\/\/labs.100x100.net\/projects\/rutasal\/","name":"Regata La Ruta de la Sal","description":"Regata La Ruta de la Sal es una regata de Altura Mediterr\u00e1nea para barcos de crucero a vela con destino en Ibiza, que se disputa anualmente en Semana Santa.","potentialAction":[{"@type":"SearchAction","target":{"@type":"EntryPoint","urlTemplate":"https:\/\/labs.100x100.net\/projects\/rutasal\/?s={search_term_string}"},"query-input":"required name=search_term_string"}],"inLanguage":"es"},{"@type":"Person","@id":"https:\/\/labs.100x100.net\/projects\/rutasal\/#\/schema\/person\/214eeb4a2e78fd8373a0a94f6d93c9ca","name":"La Ruta de la Sal","image":{"@type":"ImageObject","inLanguage":"es","@id":"https:\/\/labs.100x100.net\/projects\/rutasal\/#\/schema\/person\/image\/","url":"https:\/\/secure.gravatar.com\/avatar\/b247286d4b801d6b1cfcfb3807587284?s=96&d=mm&r=g","contentUrl":"https:\/\/secure.gravatar.com\/avatar\/b247286d4b801d6b1cfcfb3807587284?s=96&d=mm&r=g","caption":"La Ruta de la Sal"}}]}},"_links":{"self":[{"href":"https:\/\/labs.100x100.net\/projects\/rutasal\/wp-json\/wp\/v2\/posts\/1495"}],"collection":[{"href":"https:\/\/labs.100x100.net\/projects\/rutasal\/wp-json\/wp\/v2\/posts"}],"about":[{"href":"https:\/\/labs.100x100.net\/projects\/rutasal\/wp-json\/wp\/v2\/types\/post"}],"author":[{"embeddable":true,"href":"https:\/\/labs.100x100.net\/projects\/rutasal\/wp-json\/wp\/v2\/users\/1"}],"replies":[{"embeddable":true,"href":"https:\/\/labs.100x100.net\/projects\/rutasal\/wp-json\/wp\/v2\/comments?post=1495"}],"version-history":[{"count":5,"href":"https:\/\/labs.100x100.net\/projects\/rutasal\/wp-json\/wp\/v2\/posts\/1495\/revisions"}],"predecessor-version":[{"id":3972,"href":"https:\/\/labs.100x100.net\/projects\/rutasal\/wp-json\/wp\/v2\/posts\/1495\/revisions\/3972"}],"wp:featuredmedia":[{"embeddable":true,"href":"https:\/\/labs.100x100.net\/projects\/rutasal\/wp-json\/wp\/v2\/media\/3769"}],"wp:attachment":[{"href":"https:\/\/labs.100x100.net\/projects\/rutasal\/wp-json\/wp\/v2\/media?parent=1495"}],"wp:term":[{"taxonomy":"category","embeddable":true,"href":"https:\/\/labs.100x100.net\/projects\/rutasal\/wp-json\/wp\/v2\/categories?post=1495"},{"taxonomy":"post_tag","embeddable":true,"href":"https:\/\/labs.100x100.net\/projects\/rutasal\/wp-json\/wp\/v2\/tags?post=1495"}],"curies":[{"name":"wp","href":"https:\/\/api.w.org\/{rel}","templated":true}]}}