{"id":1484,"date":"2013-09-03T12:05:09","date_gmt":"2013-09-03T12:05:09","guid":{"rendered":"https:\/\/larutadelasal.com\/?p=1484"},"modified":"2019-03-14T11:50:00","modified_gmt":"2019-03-14T09:50:00","slug":"salon-nautico-internacional-de-barcelona-3","status":"publish","type":"post","link":"https:\/\/labs.100x100.net\/projects\/rutasal\/salon-nautico-internacional-de-barcelona-3\/","title":{"rendered":"Sal\u00f3n N\u00e1utico Internacional de Barcelona"},"content":{"rendered":"<p style=\"text-align: justify;\">Nos complace comunicarte que durante el <strong>Sal\u00f3n N\u00e1utico Internacional de Barcelona,<\/strong> que este a\u00f1o se celebra <strong>del 24 al 29 de septiembre<\/strong> en el Port Vell, nuestro <strong>STAND ANAM \u2013 LA RUTA DE LA SAL<\/strong> estar\u00e1 situado en el mismo lugar que el a\u00f1o pasado, Moll de la Fusta <strong>STAND C-587<\/strong>, punto de encuentro de los navegantes en el que te esperamos.<\/p>\n<p style=\"text-align: justify;\"><strong>El viernes 27 de septiembre a las 19h en el Espai de Mar celebraremos la Presentaci\u00f3n Oficial de la 27 Edici\u00f3n de LA RUTA DE LA SAL<\/strong> y seguidamente tendr\u00e1 lugar la <strong>Entrega de Premios del Circuito ANAM de Regatas 2013<\/strong> donde se obsequiar\u00e1 a los ganadores con los siguientes premios:<br \/>\n<strong>1r Clasificado<\/strong><br \/>\n<strong>AUSMAR<\/strong> le ofrece un vale de descuento por importe de 500 \u20ac para la compra de material de seguridad en AUSMAR. www.ausmar.com.<br \/>\n<strong>2\u00ba Clasificado<\/strong><br \/>\n<strong>ORIGIN MARINE<\/strong> le har\u00e1 entrega de una ancla ROCNA de 25 kg.<br \/>\n<strong>3r Clasificado<\/strong><br \/>\nORIGIN MARINE har\u00e1 entrega de un juego de cabos de amarre de la marca <strong>Tit\u00e1nic.<\/strong><\/p>\n<h1 style=\"text-align: center;\">Durante los d\u00edas del Sal\u00f3n podr\u00e1s hacer tu pre-inscripci\u00f3n y beneficiarte del 20% de Descuento Especial Sal\u00f3n.<\/h1>\n<p style=\"text-align: center;\"><a class=\"tt-flickr tt-flickr-Medium\" title=\"26 La Ruta de la Sal 2013 (Trofeo Pepe Ferr\u00e9s) \u00a9 AlfredFarre.com\" href=\"http:\/\/www.flickr.com\/photos\/circuitoanam\/8597927754\/\"><img loading=\"lazy\" decoding=\"async\" class=\"aligncenter\" src=\"http:\/\/farm9.staticflickr.com\/8386\/8597927754_aabd4fab52.jpg\" alt=\"26 La Ruta de la Sal 2013 (Trofeo Pepe Ferr\u00e9s) \u00a9 AlfredFarre.com\" width=\"500\" height=\"350\" \/><\/a><\/p>\n","protected":false},"excerpt":{"rendered":"<p>Nos complace comunicarte que durante el Sal\u00f3n N\u00e1utico Internacional de Barcelona, que este a\u00f1o se celebra del 24 al 29 de septiembre en el Port Vell, nuestro STAND ANAM \u2013 LA RUTA DE LA SAL estar\u00e1 situado en el mismo lugar que el a\u00f1o pasado, Moll de la Fusta STAND C-587, punto de encuentro de los navegantes en el que te esperamos.<\/p>\n","protected":false},"author":1,"featured_media":3850,"comment_status":"open","ping_status":"open","sticky":false,"template":"","format":"standard","meta":{"_acf_changed":false,"footnotes":""},"categories":[3],"tags":[],"acf":[],"yoast_head":"<!-- This site is optimized with the Yoast SEO plugin v23.0 - https:\/\/yoast.com\/wordpress\/plugins\/seo\/ -->\n<title>Sal\u00f3n N\u00e1utico Internacional de Barcelona | Regata La Ruta de la Sal<\/title>\n<meta name=\"robots\" content=\"noindex, follow, max-snippet:-1, max-image-preview:large, max-video-preview:-1\" \/>\n<meta property=\"og:locale\" content=\"es_ES\" \/>\n<meta property=\"og:type\" content=\"article\" \/>\n<meta property=\"og:title\" content=\"Sal\u00f3n N\u00e1utico Internacional de Barcelona | Regata La Ruta de la Sal\" \/>\n<meta property=\"og:description\" content=\"Nos complace comunicarte que durante el Sal\u00f3n N\u00e1utico Internacional de Barcelona, que este a\u00f1o se celebra del 24 al 29 de septiembre en el Port Vell, nuestro STAND ANAM \u2013 LA RUTA DE LA SAL estar\u00e1 situado en el mismo lugar que el a\u00f1o pasado, Moll de la Fusta STAND C-587, punto de encuentro de los navegantes en el que te esperamos.\" \/>\n<meta property=\"og:url\" content=\"https:\/\/labs.100x100.net\/projects\/rutasal\/salon-nautico-internacional-de-barcelona-3\/\" \/>\n<meta property=\"og:site_name\" content=\"Regata La Ruta de la Sal\" \/>\n<meta property=\"article:publisher\" content=\"https:\/\/www.facebook.com\/rutadelasal\/\" \/>\n<meta property=\"article:published_time\" content=\"2013-09-03T12:05:09+00:00\" \/>\n<meta property=\"article:modified_time\" content=\"2019-03-14T09:50:00+00:00\" \/>\n<meta property=\"og:image\" content=\"https:\/\/labs.100x100.net\/projects\/rutasal\/custom\/uploads\/2013\/09\/8596839279_642f64d154.jpg\" \/>\n\t<meta property=\"og:image:width\" content=\"500\" \/>\n\t<meta property=\"og:image:height\" content=\"350\" \/>\n\t<meta property=\"og:image:type\" content=\"image\/jpeg\" \/>\n<meta name=\"author\" content=\"La Ruta de la Sal\" \/>\n<meta name=\"twitter:card\" content=\"summary_large_image\" \/>\n<meta name=\"twitter:creator\" content=\"@AnamMedi\" \/>\n<meta name=\"twitter:site\" content=\"@AnamMedi\" \/>\n<meta name=\"twitter:label1\" content=\"Escrito por\" \/>\n\t<meta name=\"twitter:data1\" content=\"La Ruta de la Sal\" \/>\n\t<meta name=\"twitter:label2\" content=\"Tiempo de lectura\" \/>\n\t<meta name=\"twitter:data2\" content=\"1 minuto\" \/>\n<script type=\"application\/ld+json\" class=\"yoast-schema-graph\">{\"@context\":\"https:\/\/schema.org\",\"@graph\":[{\"@type\":\"WebPage\",\"@id\":\"https:\/\/labs.100x100.net\/projects\/rutasal\/salon-nautico-internacional-de-barcelona-3\/\",\"url\":\"https:\/\/labs.100x100.net\/projects\/rutasal\/salon-nautico-internacional-de-barcelona-3\/\",\"name\":\"Sal\u00f3n N\u00e1utico Internacional de Barcelona | Regata La Ruta de la Sal\",\"isPartOf\":{\"@id\":\"https:\/\/labs.100x100.net\/projects\/rutasal\/#website\"},\"primaryImageOfPage\":{\"@id\":\"https:\/\/labs.100x100.net\/projects\/rutasal\/salon-nautico-internacional-de-barcelona-3\/#primaryimage\"},\"image\":{\"@id\":\"https:\/\/labs.100x100.net\/projects\/rutasal\/salon-nautico-internacional-de-barcelona-3\/#primaryimage\"},\"thumbnailUrl\":\"https:\/\/labs.100x100.net\/projects\/rutasal\/custom\/uploads\/2013\/09\/8596839279_642f64d154.jpg\",\"datePublished\":\"2013-09-03T12:05:09+00:00\",\"dateModified\":\"2019-03-14T09:50:00+00:00\",\"author\":{\"@id\":\"https:\/\/labs.100x100.net\/projects\/rutasal\/#\/schema\/person\/214eeb4a2e78fd8373a0a94f6d93c9ca\"},\"breadcrumb\":{\"@id\":\"https:\/\/labs.100x100.net\/projects\/rutasal\/salon-nautico-internacional-de-barcelona-3\/#breadcrumb\"},\"inLanguage\":\"es\",\"potentialAction\":[{\"@type\":\"ReadAction\",\"target\":[\"https:\/\/labs.100x100.net\/projects\/rutasal\/salon-nautico-internacional-de-barcelona-3\/\"]}]},{\"@type\":\"ImageObject\",\"inLanguage\":\"es\",\"@id\":\"https:\/\/labs.100x100.net\/projects\/rutasal\/salon-nautico-internacional-de-barcelona-3\/#primaryimage\",\"url\":\"https:\/\/labs.100x100.net\/projects\/rutasal\/custom\/uploads\/2013\/09\/8596839279_642f64d154.jpg\",\"contentUrl\":\"https:\/\/labs.100x100.net\/projects\/rutasal\/custom\/uploads\/2013\/09\/8596839279_642f64d154.jpg\",\"width\":500,\"height\":350},{\"@type\":\"BreadcrumbList\",\"@id\":\"https:\/\/labs.100x100.net\/projects\/rutasal\/salon-nautico-internacional-de-barcelona-3\/#breadcrumb\",\"itemListElement\":[{\"@type\":\"ListItem\",\"position\":1,\"name\":\"Portada\",\"item\":\"https:\/\/labs.100x100.net\/projects\/rutasal\/\"},{\"@type\":\"ListItem\",\"position\":2,\"name\":\"Sal\u00f3n N\u00e1utico Internacional de Barcelona\"}]},{\"@type\":\"WebSite\",\"@id\":\"https:\/\/labs.100x100.net\/projects\/rutasal\/#website\",\"url\":\"https:\/\/labs.100x100.net\/projects\/rutasal\/\",\"name\":\"Regata La Ruta de la Sal\",\"description\":\"Regata La Ruta de la Sal es una regata de Altura Mediterr\u00e1nea para barcos de crucero a vela con destino en Ibiza, que se disputa anualmente en Semana Santa.\",\"potentialAction\":[{\"@type\":\"SearchAction\",\"target\":{\"@type\":\"EntryPoint\",\"urlTemplate\":\"https:\/\/labs.100x100.net\/projects\/rutasal\/?s={search_term_string}\"},\"query-input\":\"required name=search_term_string\"}],\"inLanguage\":\"es\"},{\"@type\":\"Person\",\"@id\":\"https:\/\/labs.100x100.net\/projects\/rutasal\/#\/schema\/person\/214eeb4a2e78fd8373a0a94f6d93c9ca\",\"name\":\"La Ruta de la Sal\",\"image\":{\"@type\":\"ImageObject\",\"inLanguage\":\"es\",\"@id\":\"https:\/\/labs.100x100.net\/projects\/rutasal\/#\/schema\/person\/image\/\",\"url\":\"https:\/\/secure.gravatar.com\/avatar\/b247286d4b801d6b1cfcfb3807587284?s=96&d=mm&r=g\",\"contentUrl\":\"https:\/\/secure.gravatar.com\/avatar\/b247286d4b801d6b1cfcfb3807587284?s=96&d=mm&r=g\",\"caption\":\"La Ruta de la Sal\"}}]}<\/script>\n<!-- \/ Yoast SEO plugin. -->","yoast_head_json":{"title":"Sal\u00f3n N\u00e1utico Internacional de Barcelona | Regata La Ruta de la Sal","robots":{"index":"noindex","follow":"follow","max-snippet":"max-snippet:-1","max-image-preview":"max-image-preview:large","max-video-preview":"max-video-preview:-1"},"og_locale":"es_ES","og_type":"article","og_title":"Sal\u00f3n N\u00e1utico Internacional de Barcelona | Regata La Ruta de la Sal","og_description":"Nos complace comunicarte que durante el Sal\u00f3n N\u00e1utico Internacional de Barcelona, que este a\u00f1o se celebra del 24 al 29 de septiembre en el Port Vell, nuestro STAND ANAM \u2013 LA RUTA DE LA SAL estar\u00e1 situado en el mismo lugar que el a\u00f1o pasado, Moll de la Fusta STAND C-587, punto de encuentro de los navegantes en el que te esperamos.","og_url":"https:\/\/labs.100x100.net\/projects\/rutasal\/salon-nautico-internacional-de-barcelona-3\/","og_site_name":"Regata La Ruta de la Sal","article_publisher":"https:\/\/www.facebook.com\/rutadelasal\/","article_published_time":"2013-09-03T12:05:09+00:00","article_modified_time":"2019-03-14T09:50:00+00:00","og_image":[{"width":500,"height":350,"url":"https:\/\/labs.100x100.net\/projects\/rutasal\/custom\/uploads\/2013\/09\/8596839279_642f64d154.jpg","type":"image\/jpeg"}],"author":"La Ruta de la Sal","twitter_card":"summary_large_image","twitter_creator":"@AnamMedi","twitter_site":"@AnamMedi","twitter_misc":{"Escrito por":"La Ruta de la Sal","Tiempo de lectura":"1 minuto"},"schema":{"@context":"https:\/\/schema.org","@graph":[{"@type":"WebPage","@id":"https:\/\/labs.100x100.net\/projects\/rutasal\/salon-nautico-internacional-de-barcelona-3\/","url":"https:\/\/labs.100x100.net\/projects\/rutasal\/salon-nautico-internacional-de-barcelona-3\/","name":"Sal\u00f3n N\u00e1utico Internacional de Barcelona | Regata La Ruta de la Sal","isPartOf":{"@id":"https:\/\/labs.100x100.net\/projects\/rutasal\/#website"},"primaryImageOfPage":{"@id":"https:\/\/labs.100x100.net\/projects\/rutasal\/salon-nautico-internacional-de-barcelona-3\/#primaryimage"},"image":{"@id":"https:\/\/labs.100x100.net\/projects\/rutasal\/salon-nautico-internacional-de-barcelona-3\/#primaryimage"},"thumbnailUrl":"https:\/\/labs.100x100.net\/projects\/rutasal\/custom\/uploads\/2013\/09\/8596839279_642f64d154.jpg","datePublished":"2013-09-03T12:05:09+00:00","dateModified":"2019-03-14T09:50:00+00:00","author":{"@id":"https:\/\/labs.100x100.net\/projects\/rutasal\/#\/schema\/person\/214eeb4a2e78fd8373a0a94f6d93c9ca"},"breadcrumb":{"@id":"https:\/\/labs.100x100.net\/projects\/rutasal\/salon-nautico-internacional-de-barcelona-3\/#breadcrumb"},"inLanguage":"es","potentialAction":[{"@type":"ReadAction","target":["https:\/\/labs.100x100.net\/projects\/rutasal\/salon-nautico-internacional-de-barcelona-3\/"]}]},{"@type":"ImageObject","inLanguage":"es","@id":"https:\/\/labs.100x100.net\/projects\/rutasal\/salon-nautico-internacional-de-barcelona-3\/#primaryimage","url":"https:\/\/labs.100x100.net\/projects\/rutasal\/custom\/uploads\/2013\/09\/8596839279_642f64d154.jpg","contentUrl":"https:\/\/labs.100x100.net\/projects\/rutasal\/custom\/uploads\/2013\/09\/8596839279_642f64d154.jpg","width":500,"height":350},{"@type":"BreadcrumbList","@id":"https:\/\/labs.100x100.net\/projects\/rutasal\/salon-nautico-internacional-de-barcelona-3\/#breadcrumb","itemListElement":[{"@type":"ListItem","position":1,"name":"Portada","item":"https:\/\/labs.100x100.net\/projects\/rutasal\/"},{"@type":"ListItem","position":2,"name":"Sal\u00f3n N\u00e1utico Internacional de Barcelona"}]},{"@type":"WebSite","@id":"https:\/\/labs.100x100.net\/projects\/rutasal\/#website","url":"https:\/\/labs.100x100.net\/projects\/rutasal\/","name":"Regata La Ruta de la Sal","description":"Regata La Ruta de la Sal es una regata de Altura Mediterr\u00e1nea para barcos de crucero a vela con destino en Ibiza, que se disputa anualmente en Semana Santa.","potentialAction":[{"@type":"SearchAction","target":{"@type":"EntryPoint","urlTemplate":"https:\/\/labs.100x100.net\/projects\/rutasal\/?s={search_term_string}"},"query-input":"required name=search_term_string"}],"inLanguage":"es"},{"@type":"Person","@id":"https:\/\/labs.100x100.net\/projects\/rutasal\/#\/schema\/person\/214eeb4a2e78fd8373a0a94f6d93c9ca","name":"La Ruta de la Sal","image":{"@type":"ImageObject","inLanguage":"es","@id":"https:\/\/labs.100x100.net\/projects\/rutasal\/#\/schema\/person\/image\/","url":"https:\/\/secure.gravatar.com\/avatar\/b247286d4b801d6b1cfcfb3807587284?s=96&d=mm&r=g","contentUrl":"https:\/\/secure.gravatar.com\/avatar\/b247286d4b801d6b1cfcfb3807587284?s=96&d=mm&r=g","caption":"La Ruta de la Sal"}}]}},"_links":{"self":[{"href":"https:\/\/labs.100x100.net\/projects\/rutasal\/wp-json\/wp\/v2\/posts\/1484"}],"collection":[{"href":"https:\/\/labs.100x100.net\/projects\/rutasal\/wp-json\/wp\/v2\/posts"}],"about":[{"href":"https:\/\/labs.100x100.net\/projects\/rutasal\/wp-json\/wp\/v2\/types\/post"}],"author":[{"embeddable":true,"href":"https:\/\/labs.100x100.net\/projects\/rutasal\/wp-json\/wp\/v2\/users\/1"}],"replies":[{"embeddable":true,"href":"https:\/\/labs.100x100.net\/projects\/rutasal\/wp-json\/wp\/v2\/comments?post=1484"}],"version-history":[{"count":1,"href":"https:\/\/labs.100x100.net\/projects\/rutasal\/wp-json\/wp\/v2\/posts\/1484\/revisions"}],"predecessor-version":[{"id":3851,"href":"https:\/\/labs.100x100.net\/projects\/rutasal\/wp-json\/wp\/v2\/posts\/1484\/revisions\/3851"}],"wp:featuredmedia":[{"embeddable":true,"href":"https:\/\/labs.100x100.net\/projects\/rutasal\/wp-json\/wp\/v2\/media\/3850"}],"wp:attachment":[{"href":"https:\/\/labs.100x100.net\/projects\/rutasal\/wp-json\/wp\/v2\/media?parent=1484"}],"wp:term":[{"taxonomy":"category","embeddable":true,"href":"https:\/\/labs.100x100.net\/projects\/rutasal\/wp-json\/wp\/v2\/categories?post=1484"},{"taxonomy":"post_tag","embeddable":true,"href":"https:\/\/labs.100x100.net\/projects\/rutasal\/wp-json\/wp\/v2\/tags?post=1484"}],"curies":[{"name":"wp","href":"https:\/\/api.w.org\/{rel}","templated":true}]}}