{"id":1411,"date":"2013-03-30T11:02:02","date_gmt":"2013-03-30T11:02:02","guid":{"rendered":"https:\/\/larutadelasal.com\/?p=1411"},"modified":"2019-03-14T11:55:24","modified_gmt":"2019-03-14T09:55:24","slug":"the-best-skipper-y-cafe-del-mar-vencedores-absolutos-de-la-26-ruta-de-la-sal-trofeo-pepe-ferres","status":"publish","type":"post","link":"https:\/\/labs.100x100.net\/projects\/rutasal\/the-best-skipper-y-cafe-del-mar-vencedores-absolutos-de-la-26-ruta-de-la-sal-trofeo-pepe-ferres\/","title":{"rendered":"\u201cThe Best Skipper\u201d  y \u201cCaf\u00e9 del Mar\u201d vencedores absolutos de la 26 Ruta de La Sal \u2013 Trofeo Pepe Ferres."},"content":{"rendered":"<p style=\"text-align: justify;\"><strong>26 \u00a0Ruta de La Sal &#8211; Trofeo Pepe Ferres.<br \/>\n<\/strong><strong>Regata de Altura.<br \/>\n<\/strong><strong>28 al 31 Marzo 2013.<br \/>\n<\/strong><strong>www.larutadelasal.com<\/strong><\/p>\n<p style=\"text-align: justify;\"><span style=\"text-decoration: underline;\"><strong>-\u201cThe Best Skipper\u201d \u00a0y \u201cCaf\u00e9 del Mar\u201d vencedores absolutos de la 26 Ruta de La Sal &#8211; Trofeo Pepe Ferres.<\/strong><\/span><\/p>\n<p style=\"text-align: justify;\"><strong><span style=\"text-decoration: underline;\">-Se confirmaron los pron\u00f3sticos \u00a0\u201cThe Best Skipper\u201d de Enrique y Siga Curt y \u201cCaf\u00e9 del Mar\u201d de Juan Carlos Sanchis se han proclamado vencedores absolutos de la 26aba. Edici\u00f3n de la Ruta de La Sal \u2013 Trofeo Pepe Ferres.<\/span><\/strong><\/p>\n<p style=\"text-align: justify;\"><strong>Enrique y Siga Curt, se han proclamado ganadores absolutos de la Versi\u00f3n Norte de La Sal 2013<\/strong>, tras cubrir, con su Hanse 461 \u201c<strong>The Best Skipper\u201d del CN de Vilanova,<\/strong> las 140 millas desde Barcelona a Sant Antoni <strong>en 22h, 04m, 02s<\/strong>. Un importante \u00e9xito deportivo para un equipo que acredita un extraordinario palmares que con este resultado, pasa a formar parte de lista de los equipos que han ido escribiendo la historia de esta regata.<\/p>\n<p style=\"text-align: justify;\"><a class=\"tt-flickr tt-flickr-Medium\" title=\"_AFB4828\" href=\"http:\/\/www.flickr.com\/photos\/circuitoanam\/8596838929\/\"><img loading=\"lazy\" decoding=\"async\" class=\"alignright\" src=\"http:\/\/farm9.staticflickr.com\/8226\/8596838929_679aea3f3c.jpg\" alt=\"_AFB4828\" width=\"320\" height=\"229\" \/><\/a><\/p>\n<p style=\"text-align: justify;\"><a class=\"tt-flickr tt-flickr-Medium\" title=\"DSC_63432\" href=\"http:\/\/www.flickr.com\/photos\/circuitoanam\/8600178982\/\"><img loading=\"lazy\" decoding=\"async\" class=\"alignnone\" src=\"http:\/\/farm9.staticflickr.com\/8528\/8600178982_51e907822d.jpg\" alt=\"DSC_63432\" width=\"320\" height=\"229\" \/><\/a><\/p>\n<p style=\"text-align: justify;\"><a class=\"tt-flickr tt-flickr-Medium\" title=\"26 La Ruta de la Sal 2013 (Trofeo Pepe Ferr\u00e9s) \u00a9 AlfredFarre.com\" href=\"http:\/\/www.flickr.com\/photos\/circuitoanam\/8597927754\/\"><img loading=\"lazy\" decoding=\"async\" class=\"alignnone\" src=\"http:\/\/farm9.staticflickr.com\/8386\/8597927754_aabd4fab52.jpg\" alt=\"26 La Ruta de la Sal 2013 (Trofeo Pepe Ferr\u00e9s) \u00a9 AlfredFarre.com\" width=\"320\" height=\"229\" \/><\/a> <a class=\"tt-flickr tt-flickr-Medium\" title=\"_AFB5206\" href=\"http:\/\/www.flickr.com\/photos\/circuitoanam\/8601801555\/\"><img loading=\"lazy\" decoding=\"async\" class=\"alignright\" src=\"http:\/\/farm9.staticflickr.com\/8262\/8601801555_3426825348.jpg\" alt=\"_AFB5206\" width=\"320\" height=\"229\" \/><\/a><\/p>\n<p style=\"text-align: justify;\">\u00abThe Best\u201d Skipper\u201d es un dise\u00f1o de Judel \/ Vrolijk \u00a0manufacturado por los astilleros alemanes Hanse, para \u00a0un programa de uso de tipo \u201ccrucero-regata\u201d. Un velero de unos 15,50 metros, muy \u00a0polivalente, que en condiciones de vientos de intensidades medias\/ medias-altas es capaz de desarrollar performances muy altos. Los vientos del \u00a0S &#8211; SO con topes de hasta fuerza 5 que han predominado durante toda la regata desde Barcelona, as\u00ed como la mar, siempre de proa y en general muy formada \u2013 marejada \u2013 han dibujado un panorama muy compatible con sus caracter\u00edsticas t\u00e9cnicas que, Enrique Curt y su tripulaci\u00f3n, han sabido negociar perfectamente para alzarse con este importante titulo.<\/p>\n<p style=\"text-align: justify;\"><strong>En segunda posici\u00f3n,<\/strong> tras \u201cThe Best \u00a0Skipper\u201d<strong>, \u00a0se ha clasificado el Baltic 52 \u201cTrick\u201d de CN del Arenal \u2013Mallorca.- de Joan Lozano<\/strong>, un dise\u00f1o de S&amp;S para un programa de CR \u2013 cruiser-racer- \u00a0IMS que ha demostrado tener un gran potencial con vientos de proa. <strong>Cierra el podium, de esta Versi\u00f3n Norte de La Sal 2013, el Swam 56 \u201cClem\u201d de Amanda Hartley<\/strong>, uno de los equipos con mejores resultados absolutos en la historia de esta regata que, con esta posici\u00f3n apunta, en esta ocasi\u00f3n, dos menciones significativas; tercero en la general compensada y tercero en la clasificaci\u00f3n en tiempo real.<\/p>\n<p style=\"text-align: justify;\"><strong>En la Versi\u00f3n Este, la \u00a0victoria del \u201cCaf\u00e9 del Mar\u201d ha sido contundente<\/strong>. El barco, un J92S \u00a0<strong>de Juan Carlos Sanchis del CN de Sant Antoni de Portmany<\/strong>, \u00a0logro cubrir las 117 millas desde Denia en un tiempo de 18h, 02m, 27s lo que le ha permitido ganar la regata con un margen significativo sobre su mas inmediato rival; \u00a0<strong>el Sun Fast 36, de Felix Comas de Hevia \u201cEl Marino Denia\u201d- del CN Arenal- \u00a0que fue segundo en la general, cerrando el podium de los campeones de esta Versi\u00f3n Este, \u00a0el A31 \u201cFertiberia\u201d de Jes\u00fas Pintos de RCN de La Coru\u00f1a.<\/strong><\/p>\n<p style=\"text-align: justify;\"><strong>\u00a0<\/strong><\/p>\n<p><a class=\"tt-flickr tt-flickr-Medium\" style=\"text-align: justify;\" title=\"_AFB6354\" href=\"http:\/\/www.flickr.com\/photos\/circuitoanam\/8615917775\/\"><img loading=\"lazy\" decoding=\"async\" class=\"alignnone\" src=\"http:\/\/farm9.staticflickr.com\/8102\/8615917775_9aa3225fbc.jpg\" alt=\"_AFB6354\" width=\"320\" height=\"229\" \/><\/a> <a class=\"tt-flickr tt-flickr-Medium\" title=\"_AFB6350\" href=\"http:\/\/www.flickr.com\/photos\/circuitoanam\/8948270404\/\"><img loading=\"lazy\" decoding=\"async\" class=\"alignright\" src=\"http:\/\/farm3.staticflickr.com\/2820\/8948270404_c8634a4bcf.jpg\" alt=\"_AFB6350\" width=\"320\" height=\"229\" \/><\/a><\/p>\n<div>\n<div><img loading=\"lazy\" decoding=\"async\" class=\"alignright\" style=\"color: #0000ee; text-align: justify;\" src=\"http:\/\/farm9.staticflickr.com\/8531\/8615949783_b60199af1d.jpg\" alt=\"_AFB6177\" width=\"320\" height=\"229\" \/><\/div>\n<\/div>\n<div>\n<div>\n<div>\n<div>\n<p style=\"text-align: justify;\"><img loading=\"lazy\" decoding=\"async\" class=\"alignnone\" src=\"http:\/\/farm9.staticflickr.com\/8390\/8617053432_c9dd19ffd2.jpg\" alt=\"_AFB6179\" width=\"320\" height=\"229\" \/><\/p>\n<div>\n<div><span style=\"text-align: justify;\">El \u201cCaf\u00e9 del Mar\u201d es\u00a0un magnifico y equilibrado dise\u00f1o de Rod Johnstone, para un programa de crucero r\u00e1pido. Un barco de 9,90 metros de eslora dise\u00f1ado sobre la base del antiguo y exitoso J92, que resulta extraordinariamente polivalente y, en general, muy veloz en una ampl\u00edsima gama de condiciones. Un autentico \u201cracer\u201d \u00a0perfecto para regatas costeras y t\u00e1cticas de distancias medias. \u00a0En la edici\u00f3n del 2012, el \u201cCaf\u00e9 del Mar\u201d fue segundo en la general de esta misma singladura \u2013 Versi\u00f3n Este \u2013 Su patr\u00f3n, Juan Carlos Sanchis un regatista con muchas millas de experiencia, ganador \u2013 con esta \u2013 en tres ocasiones de La Ruta de La Sal \u2013 a bordo de \u201cAlba\u201d y \u201cAivis\u201d .- Con este triunfo \u201cCaf\u00e9 del Mar\u201d retiene, para la flota Ibicenca, el titulo de la Versi\u00f3n Este de La Sal, ganado en el 2012 por el \u201cPosidonia Uno\u201d de Ram\u00f3n Balanzat del CN de Ibiza.<\/span><\/div>\n<div><span style=\"text-align: justify;\"><a class=\"tt-flickr tt-flickr-Medium\" title=\"P1460829\" href=\"http:\/\/www.flickr.com\/photos\/circuitoanam\/8947614435\/\"><img loading=\"lazy\" decoding=\"async\" class=\"alignnone\" src=\"http:\/\/farm4.staticflickr.com\/3810\/8947614435_741d5e65c0.jpg\" alt=\"P1460829\" width=\"320\" height=\"229\" \/><\/a> <a class=\"tt-flickr tt-flickr-Medium\" title=\"_AFB5291\" href=\"http:\/\/www.flickr.com\/photos\/circuitoanam\/8948244364\/\"><img loading=\"lazy\" decoding=\"async\" class=\"alignright\" src=\"http:\/\/farm4.staticflickr.com\/3695\/8948244364_3f1f52702c.jpg\" alt=\"_AFB5291\" width=\"320\" height=\"229\" \/><\/a><br \/>\n<\/span><\/div>\n<\/div>\n<\/div>\n<div>\n<p style=\"text-align: justify;\"><a class=\"tt-flickr tt-flickr-Medium\" title=\"P1460798\" href=\"http:\/\/www.flickr.com\/photos\/circuitoanam\/8947614461\/\"><img loading=\"lazy\" decoding=\"async\" class=\"alignnone\" src=\"http:\/\/farm3.staticflickr.com\/2861\/8947614461_a1326b339c.jpg\" alt=\"P1460798\" width=\"320\" height=\"229\" \/><\/a> <a class=\"tt-flickr tt-flickr-Medium\" title=\"_AFB5267\" href=\"http:\/\/www.flickr.com\/photos\/circuitoanam\/8947620707\/\"><img loading=\"lazy\" decoding=\"async\" class=\"alignright\" src=\"http:\/\/farm4.staticflickr.com\/3682\/8947620707_c494b5d6aa.jpg\" alt=\"_AFB5267\" width=\"320\" height=\"229\" \/><\/a><\/p>\n<p style=\"text-align: justify;\">La versi\u00f3n Este se ha desarrollado con vientos constantes del O \u2013 SO de intensidades de hasta fuerza 5 y, alg\u00fan tope de 6. Hasta el Islote de Tagomago la floto evoluciono muy r\u00e1pida y en condiciones bastante asequibles. Sin embargo la navegaci\u00f3n por la Coste Norte de Ibiza hasta Sant Antoni, con fuertes vientos de proa y mar muy montada, resulto dura y t\u00e1cticamente hablando compleja.<\/p>\n<p style=\"text-align: justify;\">Los ganadores en tiempo real de esta 26aba. Regata de Altura de la Ruta de La Sal \u2013 Trofeo Pepe Ferres han sido, en la Versi\u00f3n Este, con un registro de 13h, 50m, 36s invertidos en cubrir las 117 millas del recorrido desde Denia hasta Sant Antoni, el \u201c2 Much\u201d; un X-65 de Jos\u00e9 Fabre del CN de Palma Nova dise\u00f1ado en el 2009 por Niels Jepessen. Equipo que en el 2011 fue tambi\u00e9n el m\u00e1s r\u00e1pido en esta misma derrota. En la Versi\u00f3n Norte \u201cExcalibur\u201d, un Knierim 50 de Christian Moller que necesito para cubrir las 140 millas desde Port Ginesta \u2013 Barcelona.-, \u00a019 h, 38m, 50s.<\/p>\n<p style=\"text-align: justify;\">El s\u00e1bado por la noche tuvo lugar la Entrega de Trofeos de esta 26 edici\u00f3n de La Ruta de la Sal, acto presidido por el Hble. Sr. Vicen\u00e7 Serra president del Consells d\u2019Eivissa, la Hble. Sra. Carmen Ferrer Consellera de Turisme del Consell d\u2019Eivissa y la Ilma. Sra. Pepita Guitierrez, alcaldes de St Antoni.<\/p>\n<p style=\"text-align: justify;\">\n<div><img loading=\"lazy\" decoding=\"async\" class=\"alignright\" src=\"http:\/\/farm9.staticflickr.com\/8245\/8616998502_c768fae463.jpg\" alt=\"_AFB6461\" width=\"320\" height=\"229\" \/><\/div>\n<\/div>\n<div><img loading=\"lazy\" decoding=\"async\" class=\"alignnone\" style=\"text-align: justify;\" src=\"http:\/\/farm3.staticflickr.com\/2813\/8947650527_399678103a.jpg\" alt=\"_AFB6528\" width=\"320\" height=\"229\" \/><\/div>\n<div>\n<p style=\"text-align: justify;\"><a class=\"tt-flickr tt-flickr-Medium\" title=\"_AFB6440\" href=\"http:\/\/www.flickr.com\/photos\/circuitoanam\/8947657247\/\"><img loading=\"lazy\" decoding=\"async\" class=\"alignnone\" src=\"http:\/\/farm8.staticflickr.com\/7352\/8947657247_6ea122499e.jpg\" alt=\"_AFB6440\" width=\"320\" height=\"229\" \/><\/a> <a class=\"tt-flickr tt-flickr-Medium\" title=\"_AFB6494\" href=\"http:\/\/www.flickr.com\/photos\/circuitoanam\/8948284182\/\"><img loading=\"lazy\" decoding=\"async\" class=\"alignright\" src=\"http:\/\/farm8.staticflickr.com\/7355\/8948284182_a143c7cd6e.jpg\" alt=\"_AFB6494\" width=\"320\" height=\"229\" \/><\/a><\/p>\n<p style=\"text-align: justify;\">A continuaci\u00f3n tuvo lugar la cena-bufete y la fiesta de La sal para todas las tripulaciones participantes.<\/p>\n<div id=\"_mcePaste\" style=\"text-align: justify;\">www.larutadelasal.com ofrece un servicio integral de asistencia a todos los interesados en La Sal, sea deportistas, t\u00e9cnicos o profesionales de la comunicaci\u00f3n. Una herramienta que, permite, entre otras muchas posibilidades &#8211; tramite de inscripciones, gesti\u00f3n de resultados, etc, etc.- realizar un seguimiento de la evoluci\u00f3n deportiva de La Ruta de La Sal pr\u00e1cticamente a tiempo real, con acceso a im\u00e1genes y videos en alta definici\u00f3n, abriendo las posibilidades medi\u00e1ticas de la Ruta de La Sal de una manera muy significativa.<\/div>\n<div id=\"_mcePaste\" style=\"text-align: justify;\"><strong>La XXVI regata de altura de La Ruta de la Sal cuenta con la colaboraci\u00f3n del Consell \u00a0d\u2019Eivissa, \u00a0la Consellerie \u00a0de Turisme del Govern de les Illes Balears, el Ajuntament de Sant Antoni de Portmany, la Estaci\u00f3 N\u00e1utica de Sant Antoni y Sant Josep, as\u00ed como de los Ayuntamientos de Denia y Sitges<\/strong><\/div>\n<div id=\"_mcePaste\" style=\"text-align: justify;\"><strong>Esta organizada, por ANAM, Associaci\u00f3 de Navegants d\u2019Altura Mediterranis, en estrecha colaboraci\u00f3n con el CM Port Ginesta, RC N\u00e1utico Denia, CN Sant Antoni de Portmany de Ibiza y la RANC, con el soporte de Ports de Balears, Sociedad Estatal de Salvamento y Seguridad Mar\u00edtima, Guardia Civil del Mar y el apoyo de la Federaci\u00f3 Catalana de Vela, Federaci\u00f3n de Vela de la Comunidad Valenciana y la Federaci\u00f3 Balear de Vela.<\/strong><\/div>\n<\/div>\n<\/div>\n<\/div>\n<\/div>\n","protected":false},"excerpt":{"rendered":"<p>26 \u00a0Ruta de La Sal &#8211; Trofeo Pepe Ferres. Regata de Altura. 28 al 31 Marzo 2013. www.larutadelasal.com -\u201cThe Best Skipper\u201d \u00a0y \u201cCaf\u00e9 del Mar\u201d vencedores absolutos de la 26 Ruta de La Sal &#8211; Trofeo Pepe Ferres. -Se confirmaron los pron\u00f3sticos \u00a0\u201cThe Best Skipper\u201d de Enrique y Siga Curt y \u201cCaf\u00e9 del Mar\u201d de [&hellip;]<\/p>\n","protected":false},"author":1,"featured_media":3855,"comment_status":"open","ping_status":"open","sticky":false,"template":"","format":"standard","meta":{"_acf_changed":false,"footnotes":""},"categories":[3],"tags":[],"acf":[],"yoast_head":"<!-- This site is optimized with the Yoast SEO plugin v23.0 - https:\/\/yoast.com\/wordpress\/plugins\/seo\/ -->\n<title>\u201cThe Best Skipper\u201d y \u201cCaf\u00e9 del Mar\u201d vencedores absolutos de la 26 Ruta de La Sal \u2013 Trofeo Pepe Ferres. | Regata La Ruta de la Sal<\/title>\n<meta name=\"robots\" content=\"noindex, follow, max-snippet:-1, max-image-preview:large, max-video-preview:-1\" \/>\n<meta property=\"og:locale\" content=\"es_ES\" \/>\n<meta property=\"og:type\" content=\"article\" \/>\n<meta property=\"og:title\" content=\"\u201cThe Best Skipper\u201d y \u201cCaf\u00e9 del Mar\u201d vencedores absolutos de la 26 Ruta de La Sal \u2013 Trofeo Pepe Ferres. | Regata La Ruta de la Sal\" \/>\n<meta property=\"og:description\" content=\"26 \u00a0Ruta de La Sal &#8211; Trofeo Pepe Ferres. Regata de Altura. 28 al 31 Marzo 2013. www.larutadelasal.com -\u201cThe Best Skipper\u201d \u00a0y \u201cCaf\u00e9 del Mar\u201d vencedores absolutos de la 26 Ruta de La Sal &#8211; Trofeo Pepe Ferres. -Se confirmaron los pron\u00f3sticos \u00a0\u201cThe Best Skipper\u201d de Enrique y Siga Curt y \u201cCaf\u00e9 del Mar\u201d de [&hellip;]\" \/>\n<meta property=\"og:url\" content=\"https:\/\/labs.100x100.net\/projects\/rutasal\/the-best-skipper-y-cafe-del-mar-vencedores-absolutos-de-la-26-ruta-de-la-sal-trofeo-pepe-ferres\/\" \/>\n<meta property=\"og:site_name\" content=\"Regata La Ruta de la Sal\" \/>\n<meta property=\"article:publisher\" content=\"https:\/\/www.facebook.com\/rutadelasal\/\" \/>\n<meta property=\"article:published_time\" content=\"2013-03-30T11:02:02+00:00\" \/>\n<meta property=\"article:modified_time\" content=\"2019-03-14T09:55:24+00:00\" \/>\n<meta property=\"og:image\" content=\"https:\/\/labs.100x100.net\/projects\/rutasal\/custom\/uploads\/2013\/03\/8600178982_51e907822d.jpg\" \/>\n\t<meta property=\"og:image:width\" content=\"500\" \/>\n\t<meta property=\"og:image:height\" content=\"354\" \/>\n\t<meta property=\"og:image:type\" content=\"image\/jpeg\" \/>\n<meta name=\"author\" content=\"La Ruta de la Sal\" \/>\n<meta name=\"twitter:card\" content=\"summary_large_image\" \/>\n<meta name=\"twitter:creator\" content=\"@AnamMedi\" \/>\n<meta name=\"twitter:site\" content=\"@AnamMedi\" \/>\n<meta name=\"twitter:label1\" content=\"Escrito por\" \/>\n\t<meta name=\"twitter:data1\" content=\"La Ruta de la Sal\" \/>\n\t<meta name=\"twitter:label2\" content=\"Tiempo de lectura\" \/>\n\t<meta name=\"twitter:data2\" content=\"5 minutos\" \/>\n<script type=\"application\/ld+json\" class=\"yoast-schema-graph\">{\"@context\":\"https:\/\/schema.org\",\"@graph\":[{\"@type\":\"WebPage\",\"@id\":\"https:\/\/labs.100x100.net\/projects\/rutasal\/the-best-skipper-y-cafe-del-mar-vencedores-absolutos-de-la-26-ruta-de-la-sal-trofeo-pepe-ferres\/\",\"url\":\"https:\/\/labs.100x100.net\/projects\/rutasal\/the-best-skipper-y-cafe-del-mar-vencedores-absolutos-de-la-26-ruta-de-la-sal-trofeo-pepe-ferres\/\",\"name\":\"\u201cThe Best Skipper\u201d y \u201cCaf\u00e9 del Mar\u201d vencedores absolutos de la 26 Ruta de La Sal \u2013 Trofeo Pepe Ferres. | Regata La Ruta de la Sal\",\"isPartOf\":{\"@id\":\"https:\/\/labs.100x100.net\/projects\/rutasal\/#website\"},\"primaryImageOfPage\":{\"@id\":\"https:\/\/labs.100x100.net\/projects\/rutasal\/the-best-skipper-y-cafe-del-mar-vencedores-absolutos-de-la-26-ruta-de-la-sal-trofeo-pepe-ferres\/#primaryimage\"},\"image\":{\"@id\":\"https:\/\/labs.100x100.net\/projects\/rutasal\/the-best-skipper-y-cafe-del-mar-vencedores-absolutos-de-la-26-ruta-de-la-sal-trofeo-pepe-ferres\/#primaryimage\"},\"thumbnailUrl\":\"https:\/\/labs.100x100.net\/projects\/rutasal\/custom\/uploads\/2013\/03\/8600178982_51e907822d.jpg\",\"datePublished\":\"2013-03-30T11:02:02+00:00\",\"dateModified\":\"2019-03-14T09:55:24+00:00\",\"author\":{\"@id\":\"https:\/\/labs.100x100.net\/projects\/rutasal\/#\/schema\/person\/214eeb4a2e78fd8373a0a94f6d93c9ca\"},\"breadcrumb\":{\"@id\":\"https:\/\/labs.100x100.net\/projects\/rutasal\/the-best-skipper-y-cafe-del-mar-vencedores-absolutos-de-la-26-ruta-de-la-sal-trofeo-pepe-ferres\/#breadcrumb\"},\"inLanguage\":\"es\",\"potentialAction\":[{\"@type\":\"ReadAction\",\"target\":[\"https:\/\/labs.100x100.net\/projects\/rutasal\/the-best-skipper-y-cafe-del-mar-vencedores-absolutos-de-la-26-ruta-de-la-sal-trofeo-pepe-ferres\/\"]}]},{\"@type\":\"ImageObject\",\"inLanguage\":\"es\",\"@id\":\"https:\/\/labs.100x100.net\/projects\/rutasal\/the-best-skipper-y-cafe-del-mar-vencedores-absolutos-de-la-26-ruta-de-la-sal-trofeo-pepe-ferres\/#primaryimage\",\"url\":\"https:\/\/labs.100x100.net\/projects\/rutasal\/custom\/uploads\/2013\/03\/8600178982_51e907822d.jpg\",\"contentUrl\":\"https:\/\/labs.100x100.net\/projects\/rutasal\/custom\/uploads\/2013\/03\/8600178982_51e907822d.jpg\",\"width\":500,\"height\":354},{\"@type\":\"BreadcrumbList\",\"@id\":\"https:\/\/labs.100x100.net\/projects\/rutasal\/the-best-skipper-y-cafe-del-mar-vencedores-absolutos-de-la-26-ruta-de-la-sal-trofeo-pepe-ferres\/#breadcrumb\",\"itemListElement\":[{\"@type\":\"ListItem\",\"position\":1,\"name\":\"Portada\",\"item\":\"https:\/\/labs.100x100.net\/projects\/rutasal\/\"},{\"@type\":\"ListItem\",\"position\":2,\"name\":\"\u201cThe Best Skipper\u201d y \u201cCaf\u00e9 del Mar\u201d vencedores absolutos de la 26 Ruta de La Sal \u2013 Trofeo Pepe Ferres.\"}]},{\"@type\":\"WebSite\",\"@id\":\"https:\/\/labs.100x100.net\/projects\/rutasal\/#website\",\"url\":\"https:\/\/labs.100x100.net\/projects\/rutasal\/\",\"name\":\"Regata La Ruta de la Sal\",\"description\":\"Regata La Ruta de la Sal es una regata de Altura Mediterr\u00e1nea para barcos de crucero a vela con destino en Ibiza, que se disputa anualmente en Semana Santa.\",\"potentialAction\":[{\"@type\":\"SearchAction\",\"target\":{\"@type\":\"EntryPoint\",\"urlTemplate\":\"https:\/\/labs.100x100.net\/projects\/rutasal\/?s={search_term_string}\"},\"query-input\":\"required name=search_term_string\"}],\"inLanguage\":\"es\"},{\"@type\":\"Person\",\"@id\":\"https:\/\/labs.100x100.net\/projects\/rutasal\/#\/schema\/person\/214eeb4a2e78fd8373a0a94f6d93c9ca\",\"name\":\"La Ruta de la Sal\",\"image\":{\"@type\":\"ImageObject\",\"inLanguage\":\"es\",\"@id\":\"https:\/\/labs.100x100.net\/projects\/rutasal\/#\/schema\/person\/image\/\",\"url\":\"https:\/\/secure.gravatar.com\/avatar\/b247286d4b801d6b1cfcfb3807587284?s=96&d=mm&r=g\",\"contentUrl\":\"https:\/\/secure.gravatar.com\/avatar\/b247286d4b801d6b1cfcfb3807587284?s=96&d=mm&r=g\",\"caption\":\"La Ruta de la Sal\"}}]}<\/script>\n<!-- \/ Yoast SEO plugin. -->","yoast_head_json":{"title":"\u201cThe Best Skipper\u201d y \u201cCaf\u00e9 del Mar\u201d vencedores absolutos de la 26 Ruta de La Sal \u2013 Trofeo Pepe Ferres. | Regata La Ruta de la Sal","robots":{"index":"noindex","follow":"follow","max-snippet":"max-snippet:-1","max-image-preview":"max-image-preview:large","max-video-preview":"max-video-preview:-1"},"og_locale":"es_ES","og_type":"article","og_title":"\u201cThe Best Skipper\u201d y \u201cCaf\u00e9 del Mar\u201d vencedores absolutos de la 26 Ruta de La Sal \u2013 Trofeo Pepe Ferres. | Regata La Ruta de la Sal","og_description":"26 \u00a0Ruta de La Sal &#8211; Trofeo Pepe Ferres. Regata de Altura. 28 al 31 Marzo 2013. www.larutadelasal.com -\u201cThe Best Skipper\u201d \u00a0y \u201cCaf\u00e9 del Mar\u201d vencedores absolutos de la 26 Ruta de La Sal &#8211; Trofeo Pepe Ferres. -Se confirmaron los pron\u00f3sticos \u00a0\u201cThe Best Skipper\u201d de Enrique y Siga Curt y \u201cCaf\u00e9 del Mar\u201d de [&hellip;]","og_url":"https:\/\/labs.100x100.net\/projects\/rutasal\/the-best-skipper-y-cafe-del-mar-vencedores-absolutos-de-la-26-ruta-de-la-sal-trofeo-pepe-ferres\/","og_site_name":"Regata La Ruta de la Sal","article_publisher":"https:\/\/www.facebook.com\/rutadelasal\/","article_published_time":"2013-03-30T11:02:02+00:00","article_modified_time":"2019-03-14T09:55:24+00:00","og_image":[{"width":500,"height":354,"url":"https:\/\/labs.100x100.net\/projects\/rutasal\/custom\/uploads\/2013\/03\/8600178982_51e907822d.jpg","type":"image\/jpeg"}],"author":"La Ruta de la Sal","twitter_card":"summary_large_image","twitter_creator":"@AnamMedi","twitter_site":"@AnamMedi","twitter_misc":{"Escrito por":"La Ruta de la Sal","Tiempo de lectura":"5 minutos"},"schema":{"@context":"https:\/\/schema.org","@graph":[{"@type":"WebPage","@id":"https:\/\/labs.100x100.net\/projects\/rutasal\/the-best-skipper-y-cafe-del-mar-vencedores-absolutos-de-la-26-ruta-de-la-sal-trofeo-pepe-ferres\/","url":"https:\/\/labs.100x100.net\/projects\/rutasal\/the-best-skipper-y-cafe-del-mar-vencedores-absolutos-de-la-26-ruta-de-la-sal-trofeo-pepe-ferres\/","name":"\u201cThe Best Skipper\u201d y \u201cCaf\u00e9 del Mar\u201d vencedores absolutos de la 26 Ruta de La Sal \u2013 Trofeo Pepe Ferres. | Regata La Ruta de la Sal","isPartOf":{"@id":"https:\/\/labs.100x100.net\/projects\/rutasal\/#website"},"primaryImageOfPage":{"@id":"https:\/\/labs.100x100.net\/projects\/rutasal\/the-best-skipper-y-cafe-del-mar-vencedores-absolutos-de-la-26-ruta-de-la-sal-trofeo-pepe-ferres\/#primaryimage"},"image":{"@id":"https:\/\/labs.100x100.net\/projects\/rutasal\/the-best-skipper-y-cafe-del-mar-vencedores-absolutos-de-la-26-ruta-de-la-sal-trofeo-pepe-ferres\/#primaryimage"},"thumbnailUrl":"https:\/\/labs.100x100.net\/projects\/rutasal\/custom\/uploads\/2013\/03\/8600178982_51e907822d.jpg","datePublished":"2013-03-30T11:02:02+00:00","dateModified":"2019-03-14T09:55:24+00:00","author":{"@id":"https:\/\/labs.100x100.net\/projects\/rutasal\/#\/schema\/person\/214eeb4a2e78fd8373a0a94f6d93c9ca"},"breadcrumb":{"@id":"https:\/\/labs.100x100.net\/projects\/rutasal\/the-best-skipper-y-cafe-del-mar-vencedores-absolutos-de-la-26-ruta-de-la-sal-trofeo-pepe-ferres\/#breadcrumb"},"inLanguage":"es","potentialAction":[{"@type":"ReadAction","target":["https:\/\/labs.100x100.net\/projects\/rutasal\/the-best-skipper-y-cafe-del-mar-vencedores-absolutos-de-la-26-ruta-de-la-sal-trofeo-pepe-ferres\/"]}]},{"@type":"ImageObject","inLanguage":"es","@id":"https:\/\/labs.100x100.net\/projects\/rutasal\/the-best-skipper-y-cafe-del-mar-vencedores-absolutos-de-la-26-ruta-de-la-sal-trofeo-pepe-ferres\/#primaryimage","url":"https:\/\/labs.100x100.net\/projects\/rutasal\/custom\/uploads\/2013\/03\/8600178982_51e907822d.jpg","contentUrl":"https:\/\/labs.100x100.net\/projects\/rutasal\/custom\/uploads\/2013\/03\/8600178982_51e907822d.jpg","width":500,"height":354},{"@type":"BreadcrumbList","@id":"https:\/\/labs.100x100.net\/projects\/rutasal\/the-best-skipper-y-cafe-del-mar-vencedores-absolutos-de-la-26-ruta-de-la-sal-trofeo-pepe-ferres\/#breadcrumb","itemListElement":[{"@type":"ListItem","position":1,"name":"Portada","item":"https:\/\/labs.100x100.net\/projects\/rutasal\/"},{"@type":"ListItem","position":2,"name":"\u201cThe Best Skipper\u201d y \u201cCaf\u00e9 del Mar\u201d vencedores absolutos de la 26 Ruta de La Sal \u2013 Trofeo Pepe Ferres."}]},{"@type":"WebSite","@id":"https:\/\/labs.100x100.net\/projects\/rutasal\/#website","url":"https:\/\/labs.100x100.net\/projects\/rutasal\/","name":"Regata La Ruta de la Sal","description":"Regata La Ruta de la Sal es una regata de Altura Mediterr\u00e1nea para barcos de crucero a vela con destino en Ibiza, que se disputa anualmente en Semana Santa.","potentialAction":[{"@type":"SearchAction","target":{"@type":"EntryPoint","urlTemplate":"https:\/\/labs.100x100.net\/projects\/rutasal\/?s={search_term_string}"},"query-input":"required name=search_term_string"}],"inLanguage":"es"},{"@type":"Person","@id":"https:\/\/labs.100x100.net\/projects\/rutasal\/#\/schema\/person\/214eeb4a2e78fd8373a0a94f6d93c9ca","name":"La Ruta de la Sal","image":{"@type":"ImageObject","inLanguage":"es","@id":"https:\/\/labs.100x100.net\/projects\/rutasal\/#\/schema\/person\/image\/","url":"https:\/\/secure.gravatar.com\/avatar\/b247286d4b801d6b1cfcfb3807587284?s=96&d=mm&r=g","contentUrl":"https:\/\/secure.gravatar.com\/avatar\/b247286d4b801d6b1cfcfb3807587284?s=96&d=mm&r=g","caption":"La Ruta de la Sal"}}]}},"_links":{"self":[{"href":"https:\/\/labs.100x100.net\/projects\/rutasal\/wp-json\/wp\/v2\/posts\/1411"}],"collection":[{"href":"https:\/\/labs.100x100.net\/projects\/rutasal\/wp-json\/wp\/v2\/posts"}],"about":[{"href":"https:\/\/labs.100x100.net\/projects\/rutasal\/wp-json\/wp\/v2\/types\/post"}],"author":[{"embeddable":true,"href":"https:\/\/labs.100x100.net\/projects\/rutasal\/wp-json\/wp\/v2\/users\/1"}],"replies":[{"embeddable":true,"href":"https:\/\/labs.100x100.net\/projects\/rutasal\/wp-json\/wp\/v2\/comments?post=1411"}],"version-history":[{"count":1,"href":"https:\/\/labs.100x100.net\/projects\/rutasal\/wp-json\/wp\/v2\/posts\/1411\/revisions"}],"predecessor-version":[{"id":3856,"href":"https:\/\/labs.100x100.net\/projects\/rutasal\/wp-json\/wp\/v2\/posts\/1411\/revisions\/3856"}],"wp:featuredmedia":[{"embeddable":true,"href":"https:\/\/labs.100x100.net\/projects\/rutasal\/wp-json\/wp\/v2\/media\/3855"}],"wp:attachment":[{"href":"https:\/\/labs.100x100.net\/projects\/rutasal\/wp-json\/wp\/v2\/media?parent=1411"}],"wp:term":[{"taxonomy":"category","embeddable":true,"href":"https:\/\/labs.100x100.net\/projects\/rutasal\/wp-json\/wp\/v2\/categories?post=1411"},{"taxonomy":"post_tag","embeddable":true,"href":"https:\/\/labs.100x100.net\/projects\/rutasal\/wp-json\/wp\/v2\/tags?post=1411"}],"curies":[{"name":"wp","href":"https:\/\/api.w.org\/{rel}","templated":true}]}}