{"id":1403,"date":"2013-03-29T17:45:48","date_gmt":"2013-03-29T17:45:48","guid":{"rendered":"https:\/\/larutadelasal.com\/?p=1403"},"modified":"2019-03-14T11:56:17","modified_gmt":"2019-03-14T09:56:17","slug":"the-best-skipper-en-la-version-norte-y-cafe-del-mar-en-la-version-este-a-punto-de-ganar-la-26-ruta-de-la-sal","status":"publish","type":"post","link":"https:\/\/labs.100x100.net\/projects\/rutasal\/the-best-skipper-en-la-version-norte-y-cafe-del-mar-en-la-version-este-a-punto-de-ganar-la-26-ruta-de-la-sal\/","title":{"rendered":"\u201cThe Best Skipper\u201d en la Version Norte y \u201cCaf\u00e9 del Mar\u201d en la Version Este, a punto de ganar la 26 Ruta de La Sal."},"content":{"rendered":"<p><strong>26 \u00a0Ruta de La Sal &#8211; Trofeo Pepe Ferres.<br \/>\n<\/strong><strong>Regata de Altura.<br \/>\n<\/strong><strong>28 al 31 Marzo 2013.<br \/>\n<\/strong><strong>www.larutadelasal.com<\/strong><\/p>\n<p><strong>CN de Sant Antoni de Portmani \u2013 18:00 h.<\/strong><\/p>\n<h1><strong>\u201cThe Best Skipper\u201d en la Version Norte y \u201cCaf\u00e9 del Mar\u201d en la Version Este, a punto de ganar la 26 Ruta de La Sal.<\/strong><\/h1>\n<p style=\"text-align: justify;\"><strong><span style=\"text-decoration: underline;\">-Los duros vientos del SO de las ultimas hoaras estan dificultando mucho las ultimas millas de regata para una flota en la que navegan unas 15 embarcaciones.<\/span><\/strong><\/p>\n<p style=\"text-align: justify;\">Faltando unas 15 embarcaciones por clasificar todo parece indicar, y as\u00ed lo reflejan los resultados generales provisionales, que los ganadores de la 26 Regata de Altura de La Ruta de La Sal, ser\u00e1n;<\/p>\n<p style=\"text-align: justify;\">En la <strong>Versi\u00f3n Norte, el Hanse 461 de Enrique y Siga Curt, \u201cThe Best Skipper\u201d<\/strong> que cruzo la l\u00ednea de llegada esta ma\u00f1ana, en quinta posici\u00f3n en real,<strong> a las 08:04:02 h, con un registro de 22h, 04m, 02s<\/strong>, que, indica que ser\u00e1 suficiente para anotar este importante \u00e9xito deportivo a su ya, magnifico, palmares.<\/p>\n<p style=\"text-align: justify;\"><a class=\"tt-flickr tt-flickr-Medium\" title=\"_AFB4822\" href=\"http:\/\/www.flickr.com\/photos\/circuitoanam\/8596838663\/\"><img loading=\"lazy\" decoding=\"async\" class=\"alignnone\" src=\"http:\/\/farm9.staticflickr.com\/8528\/8596838663_dd6e44bee7.jpg\" alt=\"_AFB4822\" width=\"320\" height=\"229\" \/><\/a> <a class=\"tt-flickr tt-flickr-Medium\" title=\"DSC_63432\" href=\"http:\/\/www.flickr.com\/photos\/circuitoanam\/8600178982\/\"><img loading=\"lazy\" decoding=\"async\" class=\"alignright\" src=\"http:\/\/farm9.staticflickr.com\/8528\/8600178982_51e907822d.jpg\" alt=\"DSC_63432\" width=\"320\" height=\"229\" \/><\/a><\/p>\n<p style=\"text-align: justify;\">Cerrando el podium provisional en la ruta desde Barcelona, <strong>se sit\u00faan el Baltic 52 \u201cTrick\u201dde CN del Arenal \u2013Mallorca.- de Joan Lozano y el Swam 56 \u201cClem\u201d de Amanda Hartley. \u2013 respectivamente.-<\/strong><\/p>\n<p style=\"text-align: justify;\">En la<strong> Versi\u00f3n Este, la victoria ser\u00e1, para el \u201cCaf\u00e9 del Mar\u201d de Juan Carlos Sanchis del CN de Sant Antoni de Portmany<\/strong>. Un rapid\u00edsimo J92S, dise\u00f1o de Rod Johnstone, que <strong>con un tiempo 18h, 02m, 27s<\/strong> puede apuntarse una importante victoria que, una vez m\u00e1s, acredita el magnifico nivel de los equipos Ibicencos en esta dif\u00edcil regata. <strong>En la segunda plaza el Sun Fast 36, de Felix Comas de Hevia \u201cEl Marino Denia\u201d- del CN Arenal- \u00a0y la tercera el A31 \u201cFertiberia\u201d de Jes\u00fas Pintos de RCN de La Coru\u00f1a.<\/strong><\/p>\n","protected":false},"excerpt":{"rendered":"<p>26 \u00a0Ruta de La Sal &#8211; Trofeo Pepe Ferres. Regata de Altura. 28 al 31 Marzo 2013. www.larutadelasal.com CN de Sant Antoni de Portmani \u2013 18:00 h. \u201cThe Best Skipper\u201d en la Version Norte y \u201cCaf\u00e9 del Mar\u201d en la Version Este, a punto de ganar la 26 Ruta de La Sal. -Los duros vientos [&hellip;]<\/p>\n","protected":false},"author":1,"featured_media":3857,"comment_status":"open","ping_status":"open","sticky":false,"template":"","format":"standard","meta":{"_acf_changed":false,"footnotes":""},"categories":[3],"tags":[],"acf":[],"yoast_head":"<!-- This site is optimized with the Yoast SEO plugin v23.0 - https:\/\/yoast.com\/wordpress\/plugins\/seo\/ -->\n<title>\u201cThe Best Skipper\u201d en la Version Norte y \u201cCaf\u00e9 del Mar\u201d en la Version Este, a punto de ganar la 26 Ruta de La Sal. | Regata La Ruta de la Sal<\/title>\n<meta name=\"robots\" content=\"noindex, follow, max-snippet:-1, max-image-preview:large, max-video-preview:-1\" \/>\n<meta property=\"og:locale\" content=\"es_ES\" \/>\n<meta property=\"og:type\" content=\"article\" \/>\n<meta property=\"og:title\" content=\"\u201cThe Best Skipper\u201d en la Version Norte y \u201cCaf\u00e9 del Mar\u201d en la Version Este, a punto de ganar la 26 Ruta de La Sal. | Regata La Ruta de la Sal\" \/>\n<meta property=\"og:description\" content=\"26 \u00a0Ruta de La Sal &#8211; Trofeo Pepe Ferres. Regata de Altura. 28 al 31 Marzo 2013. www.larutadelasal.com CN de Sant Antoni de Portmani \u2013 18:00 h. \u201cThe Best Skipper\u201d en la Version Norte y \u201cCaf\u00e9 del Mar\u201d en la Version Este, a punto de ganar la 26 Ruta de La Sal. -Los duros vientos [&hellip;]\" \/>\n<meta property=\"og:url\" content=\"https:\/\/labs.100x100.net\/projects\/rutasal\/the-best-skipper-en-la-version-norte-y-cafe-del-mar-en-la-version-este-a-punto-de-ganar-la-26-ruta-de-la-sal\/\" \/>\n<meta property=\"og:site_name\" content=\"Regata La Ruta de la Sal\" \/>\n<meta property=\"article:publisher\" content=\"https:\/\/www.facebook.com\/rutadelasal\/\" \/>\n<meta property=\"article:published_time\" content=\"2013-03-29T17:45:48+00:00\" \/>\n<meta property=\"article:modified_time\" content=\"2019-03-14T09:56:17+00:00\" \/>\n<meta property=\"og:image\" content=\"https:\/\/labs.100x100.net\/projects\/rutasal\/custom\/uploads\/2013\/03\/8596838663_dd6e44bee7.jpg\" \/>\n\t<meta property=\"og:image:width\" content=\"500\" \/>\n\t<meta property=\"og:image:height\" content=\"350\" \/>\n\t<meta property=\"og:image:type\" content=\"image\/jpeg\" \/>\n<meta name=\"author\" content=\"La Ruta de la Sal\" \/>\n<meta name=\"twitter:card\" content=\"summary_large_image\" \/>\n<meta name=\"twitter:creator\" content=\"@AnamMedi\" \/>\n<meta name=\"twitter:site\" content=\"@AnamMedi\" \/>\n<meta name=\"twitter:label1\" content=\"Escrito por\" \/>\n\t<meta name=\"twitter:data1\" content=\"La Ruta de la Sal\" \/>\n\t<meta name=\"twitter:label2\" content=\"Tiempo de lectura\" \/>\n\t<meta name=\"twitter:data2\" content=\"1 minuto\" \/>\n<script type=\"application\/ld+json\" class=\"yoast-schema-graph\">{\"@context\":\"https:\/\/schema.org\",\"@graph\":[{\"@type\":\"WebPage\",\"@id\":\"https:\/\/labs.100x100.net\/projects\/rutasal\/the-best-skipper-en-la-version-norte-y-cafe-del-mar-en-la-version-este-a-punto-de-ganar-la-26-ruta-de-la-sal\/\",\"url\":\"https:\/\/labs.100x100.net\/projects\/rutasal\/the-best-skipper-en-la-version-norte-y-cafe-del-mar-en-la-version-este-a-punto-de-ganar-la-26-ruta-de-la-sal\/\",\"name\":\"\u201cThe Best Skipper\u201d en la Version Norte y \u201cCaf\u00e9 del Mar\u201d en la Version Este, a punto de ganar la 26 Ruta de La Sal. | Regata La Ruta de la Sal\",\"isPartOf\":{\"@id\":\"https:\/\/labs.100x100.net\/projects\/rutasal\/#website\"},\"primaryImageOfPage\":{\"@id\":\"https:\/\/labs.100x100.net\/projects\/rutasal\/the-best-skipper-en-la-version-norte-y-cafe-del-mar-en-la-version-este-a-punto-de-ganar-la-26-ruta-de-la-sal\/#primaryimage\"},\"image\":{\"@id\":\"https:\/\/labs.100x100.net\/projects\/rutasal\/the-best-skipper-en-la-version-norte-y-cafe-del-mar-en-la-version-este-a-punto-de-ganar-la-26-ruta-de-la-sal\/#primaryimage\"},\"thumbnailUrl\":\"https:\/\/labs.100x100.net\/projects\/rutasal\/custom\/uploads\/2013\/03\/8596838663_dd6e44bee7.jpg\",\"datePublished\":\"2013-03-29T17:45:48+00:00\",\"dateModified\":\"2019-03-14T09:56:17+00:00\",\"author\":{\"@id\":\"https:\/\/labs.100x100.net\/projects\/rutasal\/#\/schema\/person\/214eeb4a2e78fd8373a0a94f6d93c9ca\"},\"breadcrumb\":{\"@id\":\"https:\/\/labs.100x100.net\/projects\/rutasal\/the-best-skipper-en-la-version-norte-y-cafe-del-mar-en-la-version-este-a-punto-de-ganar-la-26-ruta-de-la-sal\/#breadcrumb\"},\"inLanguage\":\"es\",\"potentialAction\":[{\"@type\":\"ReadAction\",\"target\":[\"https:\/\/labs.100x100.net\/projects\/rutasal\/the-best-skipper-en-la-version-norte-y-cafe-del-mar-en-la-version-este-a-punto-de-ganar-la-26-ruta-de-la-sal\/\"]}]},{\"@type\":\"ImageObject\",\"inLanguage\":\"es\",\"@id\":\"https:\/\/labs.100x100.net\/projects\/rutasal\/the-best-skipper-en-la-version-norte-y-cafe-del-mar-en-la-version-este-a-punto-de-ganar-la-26-ruta-de-la-sal\/#primaryimage\",\"url\":\"https:\/\/labs.100x100.net\/projects\/rutasal\/custom\/uploads\/2013\/03\/8596838663_dd6e44bee7.jpg\",\"contentUrl\":\"https:\/\/labs.100x100.net\/projects\/rutasal\/custom\/uploads\/2013\/03\/8596838663_dd6e44bee7.jpg\",\"width\":500,\"height\":350},{\"@type\":\"BreadcrumbList\",\"@id\":\"https:\/\/labs.100x100.net\/projects\/rutasal\/the-best-skipper-en-la-version-norte-y-cafe-del-mar-en-la-version-este-a-punto-de-ganar-la-26-ruta-de-la-sal\/#breadcrumb\",\"itemListElement\":[{\"@type\":\"ListItem\",\"position\":1,\"name\":\"Portada\",\"item\":\"https:\/\/labs.100x100.net\/projects\/rutasal\/\"},{\"@type\":\"ListItem\",\"position\":2,\"name\":\"\u201cThe Best Skipper\u201d en la Version Norte y \u201cCaf\u00e9 del Mar\u201d en la Version Este, a punto de ganar la 26 Ruta de La Sal.\"}]},{\"@type\":\"WebSite\",\"@id\":\"https:\/\/labs.100x100.net\/projects\/rutasal\/#website\",\"url\":\"https:\/\/labs.100x100.net\/projects\/rutasal\/\",\"name\":\"Regata La Ruta de la Sal\",\"description\":\"Regata La Ruta de la Sal es una regata de Altura Mediterr\u00e1nea para barcos de crucero a vela con destino en Ibiza, que se disputa anualmente en Semana Santa.\",\"potentialAction\":[{\"@type\":\"SearchAction\",\"target\":{\"@type\":\"EntryPoint\",\"urlTemplate\":\"https:\/\/labs.100x100.net\/projects\/rutasal\/?s={search_term_string}\"},\"query-input\":\"required name=search_term_string\"}],\"inLanguage\":\"es\"},{\"@type\":\"Person\",\"@id\":\"https:\/\/labs.100x100.net\/projects\/rutasal\/#\/schema\/person\/214eeb4a2e78fd8373a0a94f6d93c9ca\",\"name\":\"La Ruta de la Sal\",\"image\":{\"@type\":\"ImageObject\",\"inLanguage\":\"es\",\"@id\":\"https:\/\/labs.100x100.net\/projects\/rutasal\/#\/schema\/person\/image\/\",\"url\":\"https:\/\/secure.gravatar.com\/avatar\/b247286d4b801d6b1cfcfb3807587284?s=96&d=mm&r=g\",\"contentUrl\":\"https:\/\/secure.gravatar.com\/avatar\/b247286d4b801d6b1cfcfb3807587284?s=96&d=mm&r=g\",\"caption\":\"La Ruta de la Sal\"}}]}<\/script>\n<!-- \/ Yoast SEO plugin. -->","yoast_head_json":{"title":"\u201cThe Best Skipper\u201d en la Version Norte y \u201cCaf\u00e9 del Mar\u201d en la Version Este, a punto de ganar la 26 Ruta de La Sal. | Regata La Ruta de la Sal","robots":{"index":"noindex","follow":"follow","max-snippet":"max-snippet:-1","max-image-preview":"max-image-preview:large","max-video-preview":"max-video-preview:-1"},"og_locale":"es_ES","og_type":"article","og_title":"\u201cThe Best Skipper\u201d en la Version Norte y \u201cCaf\u00e9 del Mar\u201d en la Version Este, a punto de ganar la 26 Ruta de La Sal. | Regata La Ruta de la Sal","og_description":"26 \u00a0Ruta de La Sal &#8211; Trofeo Pepe Ferres. Regata de Altura. 28 al 31 Marzo 2013. www.larutadelasal.com CN de Sant Antoni de Portmani \u2013 18:00 h. \u201cThe Best Skipper\u201d en la Version Norte y \u201cCaf\u00e9 del Mar\u201d en la Version Este, a punto de ganar la 26 Ruta de La Sal. -Los duros vientos [&hellip;]","og_url":"https:\/\/labs.100x100.net\/projects\/rutasal\/the-best-skipper-en-la-version-norte-y-cafe-del-mar-en-la-version-este-a-punto-de-ganar-la-26-ruta-de-la-sal\/","og_site_name":"Regata La Ruta de la Sal","article_publisher":"https:\/\/www.facebook.com\/rutadelasal\/","article_published_time":"2013-03-29T17:45:48+00:00","article_modified_time":"2019-03-14T09:56:17+00:00","og_image":[{"width":500,"height":350,"url":"https:\/\/labs.100x100.net\/projects\/rutasal\/custom\/uploads\/2013\/03\/8596838663_dd6e44bee7.jpg","type":"image\/jpeg"}],"author":"La Ruta de la Sal","twitter_card":"summary_large_image","twitter_creator":"@AnamMedi","twitter_site":"@AnamMedi","twitter_misc":{"Escrito por":"La Ruta de la Sal","Tiempo de lectura":"1 minuto"},"schema":{"@context":"https:\/\/schema.org","@graph":[{"@type":"WebPage","@id":"https:\/\/labs.100x100.net\/projects\/rutasal\/the-best-skipper-en-la-version-norte-y-cafe-del-mar-en-la-version-este-a-punto-de-ganar-la-26-ruta-de-la-sal\/","url":"https:\/\/labs.100x100.net\/projects\/rutasal\/the-best-skipper-en-la-version-norte-y-cafe-del-mar-en-la-version-este-a-punto-de-ganar-la-26-ruta-de-la-sal\/","name":"\u201cThe Best Skipper\u201d en la Version Norte y \u201cCaf\u00e9 del Mar\u201d en la Version Este, a punto de ganar la 26 Ruta de La Sal. | Regata La Ruta de la Sal","isPartOf":{"@id":"https:\/\/labs.100x100.net\/projects\/rutasal\/#website"},"primaryImageOfPage":{"@id":"https:\/\/labs.100x100.net\/projects\/rutasal\/the-best-skipper-en-la-version-norte-y-cafe-del-mar-en-la-version-este-a-punto-de-ganar-la-26-ruta-de-la-sal\/#primaryimage"},"image":{"@id":"https:\/\/labs.100x100.net\/projects\/rutasal\/the-best-skipper-en-la-version-norte-y-cafe-del-mar-en-la-version-este-a-punto-de-ganar-la-26-ruta-de-la-sal\/#primaryimage"},"thumbnailUrl":"https:\/\/labs.100x100.net\/projects\/rutasal\/custom\/uploads\/2013\/03\/8596838663_dd6e44bee7.jpg","datePublished":"2013-03-29T17:45:48+00:00","dateModified":"2019-03-14T09:56:17+00:00","author":{"@id":"https:\/\/labs.100x100.net\/projects\/rutasal\/#\/schema\/person\/214eeb4a2e78fd8373a0a94f6d93c9ca"},"breadcrumb":{"@id":"https:\/\/labs.100x100.net\/projects\/rutasal\/the-best-skipper-en-la-version-norte-y-cafe-del-mar-en-la-version-este-a-punto-de-ganar-la-26-ruta-de-la-sal\/#breadcrumb"},"inLanguage":"es","potentialAction":[{"@type":"ReadAction","target":["https:\/\/labs.100x100.net\/projects\/rutasal\/the-best-skipper-en-la-version-norte-y-cafe-del-mar-en-la-version-este-a-punto-de-ganar-la-26-ruta-de-la-sal\/"]}]},{"@type":"ImageObject","inLanguage":"es","@id":"https:\/\/labs.100x100.net\/projects\/rutasal\/the-best-skipper-en-la-version-norte-y-cafe-del-mar-en-la-version-este-a-punto-de-ganar-la-26-ruta-de-la-sal\/#primaryimage","url":"https:\/\/labs.100x100.net\/projects\/rutasal\/custom\/uploads\/2013\/03\/8596838663_dd6e44bee7.jpg","contentUrl":"https:\/\/labs.100x100.net\/projects\/rutasal\/custom\/uploads\/2013\/03\/8596838663_dd6e44bee7.jpg","width":500,"height":350},{"@type":"BreadcrumbList","@id":"https:\/\/labs.100x100.net\/projects\/rutasal\/the-best-skipper-en-la-version-norte-y-cafe-del-mar-en-la-version-este-a-punto-de-ganar-la-26-ruta-de-la-sal\/#breadcrumb","itemListElement":[{"@type":"ListItem","position":1,"name":"Portada","item":"https:\/\/labs.100x100.net\/projects\/rutasal\/"},{"@type":"ListItem","position":2,"name":"\u201cThe Best Skipper\u201d en la Version Norte y \u201cCaf\u00e9 del Mar\u201d en la Version Este, a punto de ganar la 26 Ruta de La Sal."}]},{"@type":"WebSite","@id":"https:\/\/labs.100x100.net\/projects\/rutasal\/#website","url":"https:\/\/labs.100x100.net\/projects\/rutasal\/","name":"Regata La Ruta de la Sal","description":"Regata La Ruta de la Sal es una regata de Altura Mediterr\u00e1nea para barcos de crucero a vela con destino en Ibiza, que se disputa anualmente en Semana Santa.","potentialAction":[{"@type":"SearchAction","target":{"@type":"EntryPoint","urlTemplate":"https:\/\/labs.100x100.net\/projects\/rutasal\/?s={search_term_string}"},"query-input":"required name=search_term_string"}],"inLanguage":"es"},{"@type":"Person","@id":"https:\/\/labs.100x100.net\/projects\/rutasal\/#\/schema\/person\/214eeb4a2e78fd8373a0a94f6d93c9ca","name":"La Ruta de la Sal","image":{"@type":"ImageObject","inLanguage":"es","@id":"https:\/\/labs.100x100.net\/projects\/rutasal\/#\/schema\/person\/image\/","url":"https:\/\/secure.gravatar.com\/avatar\/b247286d4b801d6b1cfcfb3807587284?s=96&d=mm&r=g","contentUrl":"https:\/\/secure.gravatar.com\/avatar\/b247286d4b801d6b1cfcfb3807587284?s=96&d=mm&r=g","caption":"La Ruta de la Sal"}}]}},"_links":{"self":[{"href":"https:\/\/labs.100x100.net\/projects\/rutasal\/wp-json\/wp\/v2\/posts\/1403"}],"collection":[{"href":"https:\/\/labs.100x100.net\/projects\/rutasal\/wp-json\/wp\/v2\/posts"}],"about":[{"href":"https:\/\/labs.100x100.net\/projects\/rutasal\/wp-json\/wp\/v2\/types\/post"}],"author":[{"embeddable":true,"href":"https:\/\/labs.100x100.net\/projects\/rutasal\/wp-json\/wp\/v2\/users\/1"}],"replies":[{"embeddable":true,"href":"https:\/\/labs.100x100.net\/projects\/rutasal\/wp-json\/wp\/v2\/comments?post=1403"}],"version-history":[{"count":1,"href":"https:\/\/labs.100x100.net\/projects\/rutasal\/wp-json\/wp\/v2\/posts\/1403\/revisions"}],"predecessor-version":[{"id":3858,"href":"https:\/\/labs.100x100.net\/projects\/rutasal\/wp-json\/wp\/v2\/posts\/1403\/revisions\/3858"}],"wp:featuredmedia":[{"embeddable":true,"href":"https:\/\/labs.100x100.net\/projects\/rutasal\/wp-json\/wp\/v2\/media\/3857"}],"wp:attachment":[{"href":"https:\/\/labs.100x100.net\/projects\/rutasal\/wp-json\/wp\/v2\/media?parent=1403"}],"wp:term":[{"taxonomy":"category","embeddable":true,"href":"https:\/\/labs.100x100.net\/projects\/rutasal\/wp-json\/wp\/v2\/categories?post=1403"},{"taxonomy":"post_tag","embeddable":true,"href":"https:\/\/labs.100x100.net\/projects\/rutasal\/wp-json\/wp\/v2\/tags?post=1403"}],"curies":[{"name":"wp","href":"https:\/\/api.w.org\/{rel}","templated":true}]}}