{"id":1393,"date":"2013-03-29T11:56:10","date_gmt":"2013-03-29T11:56:10","guid":{"rendered":"https:\/\/larutadelasal.com\/?p=1393"},"modified":"2019-03-14T11:56:56","modified_gmt":"2019-03-14T09:56:56","slug":"los-vientos-muy-generalizados-de-o-so-de-hasta-fuerza-5-con-puntas-de-6-estan-haciendo-que-la-regata-sea-muy-rapida","status":"publish","type":"post","link":"https:\/\/labs.100x100.net\/projects\/rutasal\/los-vientos-muy-generalizados-de-o-so-de-hasta-fuerza-5-con-puntas-de-6-estan-haciendo-que-la-regata-sea-muy-rapida\/","title":{"rendered":"Los vientos, muy  generalizados, de O-SO de hasta fuerza 5 con puntas de 6, est\u00e1n haciendo que la regata sea muy r\u00e1pida."},"content":{"rendered":"<p style=\"text-align: justify;\"><strong>26 \u00a0Ruta de La Sal &#8211; Trofeo Pepe Ferres.<br \/>\nRegata de Altura.<br \/>\n28 al 31 Marzo 2013.<br \/>\nwww.larutadelasal.com<\/strong><\/p>\n<p style=\"text-align: justify;\"><strong><span style=\"text-decoration: underline;\">-\u201cExcalibur\u201d del alem\u00e1n Christian Moller en la Versi\u00f3n Norte y \u201c2 Much\u201dde Jos\u00e9 Fabre, en la Versi\u00f3n Este, ganadores en Tiempo Real de la 26 Ruta de La Sal.<\/span><\/strong><\/p>\n<p style=\"text-align: justify;\"><strong><span style=\"text-decoration: underline;\">&#8211; El \u201c2 Much\u201d ya fue ganador en tiempo real de la Versi\u00f3n Este de La Sal en el 2011.<\/span><\/strong><span style=\"text-decoration: underline;\"><strong> Los vientos, muy \u00a0generalizados, de O-SO de hasta fuerza 5 con puntas de 6, est\u00e1n haciendo que la regata sea muy r\u00e1pida.<\/strong><\/span><\/p>\n<p style=\"text-align: justify;\"><span style=\"text-decoration: underline;\"><strong>&#8211;<\/strong><\/span><strong><span style=\"text-decoration: underline;\">Los vientos, muy \u00a0generalizados, de O-SO de hasta fuerza 5 con puntas de 6, est\u00e1n haciendo que la regata sea muy r\u00e1pida.<\/span><\/strong><\/p>\n<p style=\"text-align: justify;\">Hoy, Viernes 29 de Marzo, <strong>a las 03:51:36 h<\/strong> de la madrugada ha cruzado la l\u00ednea de llegada en Cab Negret, Sant Antoni de Portmany \u2013 Ibiza.- el velero mallorqu\u00edn \u201c<strong>2 Much<\/strong>\u201d <strong>de Jos\u00e9 Fabre, proclam\u00e1ndose vencedor en Tiempo Real de la Versi\u00f3n Este de La Sal 2013<\/strong>, <strong>con un registro de 15h,58m,04s<\/strong> invertido en cubrir las 117 millas del recorrido desde Denia hasta Sant Antoni. Titulo que ya logro registrar este mismo equipo en la edici\u00f3n del 2011 de La Sal.<\/p>\n<p style=\"text-align: justify;\">Tras el \u201c2 Much\u201d, un X-65 del CN de Palma Nova dise\u00f1ado en el 2009 por Niels Jepessen, se clasificaron en segundo y tercer puesto en tiempo real; el Swam 80 \u201cPlis Play\u201d de Vicente Garc\u00eda del RCR de Alicante, que entro a las 04:30:10h. y \u201cCondor de Javea\u201d un First 50 LK de Carlos Fern\u00e1ndez \u2013 CN de Javea.- que logro cruzar la llegada a las 05:59:04 h.<\/p>\n<p style=\"text-align: justify;\"><strong>\u201cExcalibur\u201d, ganador en tiempo real de la Versi\u00f3n Norte,<\/strong> llego a Sant Antoni de Portmay, tras cubrir las 140 millas desde Port Ginesta \u2013 Barcelona.-, <strong> a las 05:38:50 h de esta ma\u00f1ana,<\/strong> lo que da como resultado un tiempo de competici\u00f3n de 19 h, 38m, 50s. Un registro magnifico, considerado que gran parte de la traves\u00eda desde la Ciudad Condal ha sido con vientos de proa.<\/p>\n<p style=\"text-align: justify;\"><a class=\"tt-flickr tt-flickr-Medium\" title=\"_AFB5090\" href=\"http:\/\/www.flickr.com\/photos\/circuitoanam\/8600269564\/\"><img loading=\"lazy\" decoding=\"async\" class=\"alignnone\" src=\"http:\/\/farm9.staticflickr.com\/8526\/8600269564_9ae6aef52f.jpg\" alt=\"_AFB5090\" width=\"320\" height=\"229\" \/><\/a> <a class=\"tt-flickr tt-flickr-Medium\" title=\"_AFB5107\" href=\"http:\/\/www.flickr.com\/photos\/circuitoanam\/8599167541\/\"><img loading=\"lazy\" decoding=\"async\" class=\"alignright\" src=\"http:\/\/farm9.staticflickr.com\/8112\/8599167541_9d9eb80dd6.jpg\" alt=\"_AFB5107\" width=\"320\" height=\"229\" \/><\/a><\/p>\n<p style=\"text-align: justify;\"><strong>La segunda plaza en la clasificaci\u00f3n en tiempo real de la Versi\u00f3n Norte de La Sal 2013, fue, curiosamente , para el \u201cCaro\u201d de Maximilian Klink<\/strong> un equipo tambi\u00e9n alem\u00e1n y un barco id\u00e9ntico al vencedor \u2013 Excalibur- ambos dise\u00f1os de Judel\/Vrolijk de 50 pies construidos por Knierim Yachts. \u201cCaro\u201d cruzo la l\u00ednea en Cab Negret a las 06:20:51 h. de hoy 29 de Marzo del 2013. La tercera plaza para el Swam 56 \u201cClem\u201d de Amanda Hartley que llego a Sant Antoni a 07:18:19 h, invirtiendo un total de 21h, 18m, 19s en la traves\u00eda desde Port Ginesta.<\/p>\n<p style=\"text-align: justify;\">A la hora de redactar estas l\u00edneas quedan muchos barcos en competici\u00f3n; se han clasificado unas 68 embarcaciones de ambas largadas, lo que impide, por el momento, avanzar unas clasificaciones en tiempos compensados lo suficientemente fiables. El viento, tras una ca\u00edda de un par de horas, marca, ahora, una intensidad de \u00a0fuerza 3 \/ 4 con tendencia a ir arreciando a lo largo de la tarde. Un panorama que permitir\u00e1, normalmente, que a \u00faltimas horas del d\u00eda la flota haya llegado al puerto y, en consecuencia, se dispongan de resultados compensados ya muy definitivos.<\/p>\n<p style=\"text-align: justify;\"><strong>Ma\u00f1ana a la 12:00 h am. se celebrara una Rueda de Prensa con los equipos ganadores de la regata en la Carpa de La Sal, en el CN de Sant Antoni de Portmany.<\/strong><\/p>\n<div id=\"_mcePaste\" style=\"text-align: justify;\"><strong>www.larutadelasal.com ofrece un servicio integral de asistencia a todos los interesados en La Sal, sea deportistas, t\u00e9cnicos o profesionales de la comunicaci\u00f3n. Una herramienta que, permite, entre otras muchas posibilidades &#8211; tramite de inscripciones, gesti\u00f3n de resultados, etc, etc.- realizar un seguimiento de la evoluci\u00f3n deportiva de La Ruta de La Sal pr\u00e1cticamente a tiempo real, con acceso a im\u00e1genes y videos en alta definici\u00f3n, abriendo las posibilidades medi\u00e1ticas de la Ruta de La Sal de una manera muy significativa.<\/strong><\/div>\n<div id=\"_mcePaste\" style=\"text-align: justify;\"><strong>La XXVI regata de altura de La Ruta de la Sal cuenta con la colaboraci\u00f3n del Consell \u00a0d\u2019Eivissa, \u00a0la Consellerie \u00a0de Turisme del Govern de les Illes Balears, el Ajuntament de Sant Antoni de Portmany, la Estaci\u00f3 N\u00e1utica de Sant Antoni y Sant Josep, as\u00ed como de los Ayuntamientos de Denia y Sitges<\/strong><\/div>\n<div id=\"_mcePaste\" style=\"text-align: justify;\"><strong>Esta organizada, por ANAM, Associaci\u00f3 de Navegants d\u2019Altura Mediterranis, en estrecha colaboraci\u00f3n con el CM Port Ginesta, RC N\u00e1utico Denia, CN Sant Antoni de Portmany de Ibiza y la RANC, con el soporte de Ports de Balears, Sociedad Estatal de Salvamento y Seguridad Mar\u00edtima, Guardia Civil del Mar y el apoyo de la Federaci\u00f3 Catalana de Vela, Federaci\u00f3n de Vela de la Comunidad Valenciana y la Federaci\u00f3 Balear de Vela.<\/strong><\/div>\n<p style=\"text-align: justify;\">\n","protected":false},"excerpt":{"rendered":"<p>26 \u00a0Ruta de La Sal &#8211; Trofeo Pepe Ferres. Regata de Altura. 28 al 31 Marzo 2013. www.larutadelasal.com -\u201cExcalibur\u201d del alem\u00e1n Christian Moller en la Versi\u00f3n Norte y \u201c2 Much\u201dde Jos\u00e9 Fabre, en la Versi\u00f3n Este, ganadores en Tiempo Real de la 26 Ruta de La Sal. &#8211; El \u201c2 Much\u201d ya fue ganador en [&hellip;]<\/p>\n","protected":false},"author":1,"featured_media":3859,"comment_status":"open","ping_status":"open","sticky":false,"template":"","format":"standard","meta":{"_acf_changed":false,"footnotes":""},"categories":[3],"tags":[],"acf":[],"yoast_head":"<!-- This site is optimized with the Yoast SEO plugin v23.0 - https:\/\/yoast.com\/wordpress\/plugins\/seo\/ -->\n<title>Los vientos, muy generalizados, de O-SO de hasta fuerza 5 con puntas de 6, est\u00e1n haciendo que la regata sea muy r\u00e1pida. | Regata La Ruta de la Sal<\/title>\n<meta name=\"robots\" content=\"noindex, follow, max-snippet:-1, max-image-preview:large, max-video-preview:-1\" \/>\n<meta property=\"og:locale\" content=\"es_ES\" \/>\n<meta property=\"og:type\" content=\"article\" \/>\n<meta property=\"og:title\" content=\"Los vientos, muy generalizados, de O-SO de hasta fuerza 5 con puntas de 6, est\u00e1n haciendo que la regata sea muy r\u00e1pida. | Regata La Ruta de la Sal\" \/>\n<meta property=\"og:description\" content=\"26 \u00a0Ruta de La Sal &#8211; Trofeo Pepe Ferres. Regata de Altura. 28 al 31 Marzo 2013. www.larutadelasal.com -\u201cExcalibur\u201d del alem\u00e1n Christian Moller en la Versi\u00f3n Norte y \u201c2 Much\u201dde Jos\u00e9 Fabre, en la Versi\u00f3n Este, ganadores en Tiempo Real de la 26 Ruta de La Sal. &#8211; El \u201c2 Much\u201d ya fue ganador en [&hellip;]\" \/>\n<meta property=\"og:url\" content=\"https:\/\/labs.100x100.net\/projects\/rutasal\/los-vientos-muy-generalizados-de-o-so-de-hasta-fuerza-5-con-puntas-de-6-estan-haciendo-que-la-regata-sea-muy-rapida\/\" \/>\n<meta property=\"og:site_name\" content=\"Regata La Ruta de la Sal\" \/>\n<meta property=\"article:publisher\" content=\"https:\/\/www.facebook.com\/rutadelasal\/\" \/>\n<meta property=\"article:published_time\" content=\"2013-03-29T11:56:10+00:00\" \/>\n<meta property=\"article:modified_time\" content=\"2019-03-14T09:56:56+00:00\" \/>\n<meta property=\"og:image\" content=\"https:\/\/labs.100x100.net\/projects\/rutasal\/custom\/uploads\/2013\/03\/8596838929_679aea3f3c.jpg\" \/>\n\t<meta property=\"og:image:width\" content=\"500\" \/>\n\t<meta property=\"og:image:height\" content=\"350\" \/>\n\t<meta property=\"og:image:type\" content=\"image\/jpeg\" \/>\n<meta name=\"author\" content=\"La Ruta de la Sal\" \/>\n<meta name=\"twitter:card\" content=\"summary_large_image\" \/>\n<meta name=\"twitter:creator\" content=\"@AnamMedi\" \/>\n<meta name=\"twitter:site\" content=\"@AnamMedi\" \/>\n<meta name=\"twitter:label1\" content=\"Escrito por\" \/>\n\t<meta name=\"twitter:data1\" content=\"La Ruta de la Sal\" \/>\n\t<meta name=\"twitter:label2\" content=\"Tiempo de lectura\" \/>\n\t<meta name=\"twitter:data2\" content=\"4 minutos\" \/>\n<script type=\"application\/ld+json\" class=\"yoast-schema-graph\">{\"@context\":\"https:\/\/schema.org\",\"@graph\":[{\"@type\":\"WebPage\",\"@id\":\"https:\/\/labs.100x100.net\/projects\/rutasal\/los-vientos-muy-generalizados-de-o-so-de-hasta-fuerza-5-con-puntas-de-6-estan-haciendo-que-la-regata-sea-muy-rapida\/\",\"url\":\"https:\/\/labs.100x100.net\/projects\/rutasal\/los-vientos-muy-generalizados-de-o-so-de-hasta-fuerza-5-con-puntas-de-6-estan-haciendo-que-la-regata-sea-muy-rapida\/\",\"name\":\"Los vientos, muy generalizados, de O-SO de hasta fuerza 5 con puntas de 6, est\u00e1n haciendo que la regata sea muy r\u00e1pida. | Regata La Ruta de la Sal\",\"isPartOf\":{\"@id\":\"https:\/\/labs.100x100.net\/projects\/rutasal\/#website\"},\"primaryImageOfPage\":{\"@id\":\"https:\/\/labs.100x100.net\/projects\/rutasal\/los-vientos-muy-generalizados-de-o-so-de-hasta-fuerza-5-con-puntas-de-6-estan-haciendo-que-la-regata-sea-muy-rapida\/#primaryimage\"},\"image\":{\"@id\":\"https:\/\/labs.100x100.net\/projects\/rutasal\/los-vientos-muy-generalizados-de-o-so-de-hasta-fuerza-5-con-puntas-de-6-estan-haciendo-que-la-regata-sea-muy-rapida\/#primaryimage\"},\"thumbnailUrl\":\"https:\/\/labs.100x100.net\/projects\/rutasal\/custom\/uploads\/2013\/03\/8596838929_679aea3f3c.jpg\",\"datePublished\":\"2013-03-29T11:56:10+00:00\",\"dateModified\":\"2019-03-14T09:56:56+00:00\",\"author\":{\"@id\":\"https:\/\/labs.100x100.net\/projects\/rutasal\/#\/schema\/person\/214eeb4a2e78fd8373a0a94f6d93c9ca\"},\"breadcrumb\":{\"@id\":\"https:\/\/labs.100x100.net\/projects\/rutasal\/los-vientos-muy-generalizados-de-o-so-de-hasta-fuerza-5-con-puntas-de-6-estan-haciendo-que-la-regata-sea-muy-rapida\/#breadcrumb\"},\"inLanguage\":\"es\",\"potentialAction\":[{\"@type\":\"ReadAction\",\"target\":[\"https:\/\/labs.100x100.net\/projects\/rutasal\/los-vientos-muy-generalizados-de-o-so-de-hasta-fuerza-5-con-puntas-de-6-estan-haciendo-que-la-regata-sea-muy-rapida\/\"]}]},{\"@type\":\"ImageObject\",\"inLanguage\":\"es\",\"@id\":\"https:\/\/labs.100x100.net\/projects\/rutasal\/los-vientos-muy-generalizados-de-o-so-de-hasta-fuerza-5-con-puntas-de-6-estan-haciendo-que-la-regata-sea-muy-rapida\/#primaryimage\",\"url\":\"https:\/\/labs.100x100.net\/projects\/rutasal\/custom\/uploads\/2013\/03\/8596838929_679aea3f3c.jpg\",\"contentUrl\":\"https:\/\/labs.100x100.net\/projects\/rutasal\/custom\/uploads\/2013\/03\/8596838929_679aea3f3c.jpg\",\"width\":500,\"height\":350},{\"@type\":\"BreadcrumbList\",\"@id\":\"https:\/\/labs.100x100.net\/projects\/rutasal\/los-vientos-muy-generalizados-de-o-so-de-hasta-fuerza-5-con-puntas-de-6-estan-haciendo-que-la-regata-sea-muy-rapida\/#breadcrumb\",\"itemListElement\":[{\"@type\":\"ListItem\",\"position\":1,\"name\":\"Portada\",\"item\":\"https:\/\/labs.100x100.net\/projects\/rutasal\/\"},{\"@type\":\"ListItem\",\"position\":2,\"name\":\"Los vientos, muy generalizados, de O-SO de hasta fuerza 5 con puntas de 6, est\u00e1n haciendo que la regata sea muy r\u00e1pida.\"}]},{\"@type\":\"WebSite\",\"@id\":\"https:\/\/labs.100x100.net\/projects\/rutasal\/#website\",\"url\":\"https:\/\/labs.100x100.net\/projects\/rutasal\/\",\"name\":\"Regata La Ruta de la Sal\",\"description\":\"Regata La Ruta de la Sal es una regata de Altura Mediterr\u00e1nea para barcos de crucero a vela con destino en Ibiza, que se disputa anualmente en Semana Santa.\",\"potentialAction\":[{\"@type\":\"SearchAction\",\"target\":{\"@type\":\"EntryPoint\",\"urlTemplate\":\"https:\/\/labs.100x100.net\/projects\/rutasal\/?s={search_term_string}\"},\"query-input\":\"required name=search_term_string\"}],\"inLanguage\":\"es\"},{\"@type\":\"Person\",\"@id\":\"https:\/\/labs.100x100.net\/projects\/rutasal\/#\/schema\/person\/214eeb4a2e78fd8373a0a94f6d93c9ca\",\"name\":\"La Ruta de la Sal\",\"image\":{\"@type\":\"ImageObject\",\"inLanguage\":\"es\",\"@id\":\"https:\/\/labs.100x100.net\/projects\/rutasal\/#\/schema\/person\/image\/\",\"url\":\"https:\/\/secure.gravatar.com\/avatar\/b247286d4b801d6b1cfcfb3807587284?s=96&d=mm&r=g\",\"contentUrl\":\"https:\/\/secure.gravatar.com\/avatar\/b247286d4b801d6b1cfcfb3807587284?s=96&d=mm&r=g\",\"caption\":\"La Ruta de la Sal\"}}]}<\/script>\n<!-- \/ Yoast SEO plugin. -->","yoast_head_json":{"title":"Los vientos, muy generalizados, de O-SO de hasta fuerza 5 con puntas de 6, est\u00e1n haciendo que la regata sea muy r\u00e1pida. | Regata La Ruta de la Sal","robots":{"index":"noindex","follow":"follow","max-snippet":"max-snippet:-1","max-image-preview":"max-image-preview:large","max-video-preview":"max-video-preview:-1"},"og_locale":"es_ES","og_type":"article","og_title":"Los vientos, muy generalizados, de O-SO de hasta fuerza 5 con puntas de 6, est\u00e1n haciendo que la regata sea muy r\u00e1pida. | Regata La Ruta de la Sal","og_description":"26 \u00a0Ruta de La Sal &#8211; Trofeo Pepe Ferres. Regata de Altura. 28 al 31 Marzo 2013. www.larutadelasal.com -\u201cExcalibur\u201d del alem\u00e1n Christian Moller en la Versi\u00f3n Norte y \u201c2 Much\u201dde Jos\u00e9 Fabre, en la Versi\u00f3n Este, ganadores en Tiempo Real de la 26 Ruta de La Sal. &#8211; El \u201c2 Much\u201d ya fue ganador en [&hellip;]","og_url":"https:\/\/labs.100x100.net\/projects\/rutasal\/los-vientos-muy-generalizados-de-o-so-de-hasta-fuerza-5-con-puntas-de-6-estan-haciendo-que-la-regata-sea-muy-rapida\/","og_site_name":"Regata La Ruta de la Sal","article_publisher":"https:\/\/www.facebook.com\/rutadelasal\/","article_published_time":"2013-03-29T11:56:10+00:00","article_modified_time":"2019-03-14T09:56:56+00:00","og_image":[{"width":500,"height":350,"url":"https:\/\/labs.100x100.net\/projects\/rutasal\/custom\/uploads\/2013\/03\/8596838929_679aea3f3c.jpg","type":"image\/jpeg"}],"author":"La Ruta de la Sal","twitter_card":"summary_large_image","twitter_creator":"@AnamMedi","twitter_site":"@AnamMedi","twitter_misc":{"Escrito por":"La Ruta de la Sal","Tiempo de lectura":"4 minutos"},"schema":{"@context":"https:\/\/schema.org","@graph":[{"@type":"WebPage","@id":"https:\/\/labs.100x100.net\/projects\/rutasal\/los-vientos-muy-generalizados-de-o-so-de-hasta-fuerza-5-con-puntas-de-6-estan-haciendo-que-la-regata-sea-muy-rapida\/","url":"https:\/\/labs.100x100.net\/projects\/rutasal\/los-vientos-muy-generalizados-de-o-so-de-hasta-fuerza-5-con-puntas-de-6-estan-haciendo-que-la-regata-sea-muy-rapida\/","name":"Los vientos, muy generalizados, de O-SO de hasta fuerza 5 con puntas de 6, est\u00e1n haciendo que la regata sea muy r\u00e1pida. | Regata La Ruta de la Sal","isPartOf":{"@id":"https:\/\/labs.100x100.net\/projects\/rutasal\/#website"},"primaryImageOfPage":{"@id":"https:\/\/labs.100x100.net\/projects\/rutasal\/los-vientos-muy-generalizados-de-o-so-de-hasta-fuerza-5-con-puntas-de-6-estan-haciendo-que-la-regata-sea-muy-rapida\/#primaryimage"},"image":{"@id":"https:\/\/labs.100x100.net\/projects\/rutasal\/los-vientos-muy-generalizados-de-o-so-de-hasta-fuerza-5-con-puntas-de-6-estan-haciendo-que-la-regata-sea-muy-rapida\/#primaryimage"},"thumbnailUrl":"https:\/\/labs.100x100.net\/projects\/rutasal\/custom\/uploads\/2013\/03\/8596838929_679aea3f3c.jpg","datePublished":"2013-03-29T11:56:10+00:00","dateModified":"2019-03-14T09:56:56+00:00","author":{"@id":"https:\/\/labs.100x100.net\/projects\/rutasal\/#\/schema\/person\/214eeb4a2e78fd8373a0a94f6d93c9ca"},"breadcrumb":{"@id":"https:\/\/labs.100x100.net\/projects\/rutasal\/los-vientos-muy-generalizados-de-o-so-de-hasta-fuerza-5-con-puntas-de-6-estan-haciendo-que-la-regata-sea-muy-rapida\/#breadcrumb"},"inLanguage":"es","potentialAction":[{"@type":"ReadAction","target":["https:\/\/labs.100x100.net\/projects\/rutasal\/los-vientos-muy-generalizados-de-o-so-de-hasta-fuerza-5-con-puntas-de-6-estan-haciendo-que-la-regata-sea-muy-rapida\/"]}]},{"@type":"ImageObject","inLanguage":"es","@id":"https:\/\/labs.100x100.net\/projects\/rutasal\/los-vientos-muy-generalizados-de-o-so-de-hasta-fuerza-5-con-puntas-de-6-estan-haciendo-que-la-regata-sea-muy-rapida\/#primaryimage","url":"https:\/\/labs.100x100.net\/projects\/rutasal\/custom\/uploads\/2013\/03\/8596838929_679aea3f3c.jpg","contentUrl":"https:\/\/labs.100x100.net\/projects\/rutasal\/custom\/uploads\/2013\/03\/8596838929_679aea3f3c.jpg","width":500,"height":350},{"@type":"BreadcrumbList","@id":"https:\/\/labs.100x100.net\/projects\/rutasal\/los-vientos-muy-generalizados-de-o-so-de-hasta-fuerza-5-con-puntas-de-6-estan-haciendo-que-la-regata-sea-muy-rapida\/#breadcrumb","itemListElement":[{"@type":"ListItem","position":1,"name":"Portada","item":"https:\/\/labs.100x100.net\/projects\/rutasal\/"},{"@type":"ListItem","position":2,"name":"Los vientos, muy generalizados, de O-SO de hasta fuerza 5 con puntas de 6, est\u00e1n haciendo que la regata sea muy r\u00e1pida."}]},{"@type":"WebSite","@id":"https:\/\/labs.100x100.net\/projects\/rutasal\/#website","url":"https:\/\/labs.100x100.net\/projects\/rutasal\/","name":"Regata La Ruta de la Sal","description":"Regata La Ruta de la Sal es una regata de Altura Mediterr\u00e1nea para barcos de crucero a vela con destino en Ibiza, que se disputa anualmente en Semana Santa.","potentialAction":[{"@type":"SearchAction","target":{"@type":"EntryPoint","urlTemplate":"https:\/\/labs.100x100.net\/projects\/rutasal\/?s={search_term_string}"},"query-input":"required name=search_term_string"}],"inLanguage":"es"},{"@type":"Person","@id":"https:\/\/labs.100x100.net\/projects\/rutasal\/#\/schema\/person\/214eeb4a2e78fd8373a0a94f6d93c9ca","name":"La Ruta de la Sal","image":{"@type":"ImageObject","inLanguage":"es","@id":"https:\/\/labs.100x100.net\/projects\/rutasal\/#\/schema\/person\/image\/","url":"https:\/\/secure.gravatar.com\/avatar\/b247286d4b801d6b1cfcfb3807587284?s=96&d=mm&r=g","contentUrl":"https:\/\/secure.gravatar.com\/avatar\/b247286d4b801d6b1cfcfb3807587284?s=96&d=mm&r=g","caption":"La Ruta de la Sal"}}]}},"_links":{"self":[{"href":"https:\/\/labs.100x100.net\/projects\/rutasal\/wp-json\/wp\/v2\/posts\/1393"}],"collection":[{"href":"https:\/\/labs.100x100.net\/projects\/rutasal\/wp-json\/wp\/v2\/posts"}],"about":[{"href":"https:\/\/labs.100x100.net\/projects\/rutasal\/wp-json\/wp\/v2\/types\/post"}],"author":[{"embeddable":true,"href":"https:\/\/labs.100x100.net\/projects\/rutasal\/wp-json\/wp\/v2\/users\/1"}],"replies":[{"embeddable":true,"href":"https:\/\/labs.100x100.net\/projects\/rutasal\/wp-json\/wp\/v2\/comments?post=1393"}],"version-history":[{"count":1,"href":"https:\/\/labs.100x100.net\/projects\/rutasal\/wp-json\/wp\/v2\/posts\/1393\/revisions"}],"predecessor-version":[{"id":3860,"href":"https:\/\/labs.100x100.net\/projects\/rutasal\/wp-json\/wp\/v2\/posts\/1393\/revisions\/3860"}],"wp:featuredmedia":[{"embeddable":true,"href":"https:\/\/labs.100x100.net\/projects\/rutasal\/wp-json\/wp\/v2\/media\/3859"}],"wp:attachment":[{"href":"https:\/\/labs.100x100.net\/projects\/rutasal\/wp-json\/wp\/v2\/media?parent=1393"}],"wp:term":[{"taxonomy":"category","embeddable":true,"href":"https:\/\/labs.100x100.net\/projects\/rutasal\/wp-json\/wp\/v2\/categories?post=1393"},{"taxonomy":"post_tag","embeddable":true,"href":"https:\/\/labs.100x100.net\/projects\/rutasal\/wp-json\/wp\/v2\/tags?post=1393"}],"curies":[{"name":"wp","href":"https:\/\/api.w.org\/{rel}","templated":true}]}}