{"id":1388,"date":"2013-03-28T14:57:16","date_gmt":"2013-03-28T14:57:16","guid":{"rendered":"https:\/\/larutadelasal.com\/?p=1388"},"modified":"2019-03-14T11:58:09","modified_gmt":"2019-03-14T09:58:09","slug":"la-version-este-de-la-sal-navega-rumbo-a-ibiza","status":"publish","type":"post","link":"https:\/\/labs.100x100.net\/projects\/rutasal\/la-version-este-de-la-sal-navega-rumbo-a-ibiza\/","title":{"rendered":"La Versi\u00f3n Este de La Sal navega rumbo a Ibiza"},"content":{"rendered":"<p style=\"text-align: justify;\">26 \u00a0Ruta de La Sal &#8211; Trofeo Pepe Ferres.<br \/>\nRegata de Altura.<br \/>\n28 al 31 Marzo 2013.<br \/>\nwww.larutadelasal.com<\/p>\n<p style=\"text-align: justify;\"><strong><span style=\"text-decoration: underline;\">&#8211; La Versi\u00f3n Este de La Sal navega rumbo a Ibiza.<\/span><\/strong><\/p>\n<p style=\"text-align: justify;\"><strong><span style=\"text-decoration: underline;\">&#8211; Poco \u00a0viento y buena mar, en la salida de La Sal desde Denia.<\/span><\/strong><\/p>\n<p style=\"text-align: justify;\"><strong><span style=\"text-decoration: underline;\">&#8211; Las condiciones meteorol\u00f3gicas del Mar Balear, hacen prever una regata r\u00e1pida y con muchas opciones t\u00e1cticas.<\/span><\/strong><\/p>\n<p style=\"text-align: justify;\">La Versi\u00f3n Este de la 26 regata de altura de La Ruta de la Sal, con 86 barcos inscritos, ha zarpado a las \u00a014:00 h de hoy \u00a0Jueves 28 de Marzo \u00a0desde el RC N\u00e1utico de Denia con destino a Cab Negret en Sant Antoni de Portmany. Una singladura de 120 millas que implicara tomar Formentera por babor, la Isla de Tagomago y, navegar por la costa norte de Ibiza hasta Sant Antoni de Portmany.<\/p>\n<p style=\"text-align: justify;\">Contrariamente a lo previsto seg\u00fan los partes \u00a0meteorol\u00f3gicos, \u00a0finalmente la salida se ha realizado bajo un viento del N de tan s\u00f3lo 4 nudos con mar plana y, en general un escenario atmosf\u00e9rico muy bonancible e inestable, \u00a0claramente zonal, que normalmente, tras alguna encalmada parcial, ir\u00e1 evolucionando hacia una salida entrada de vientos del O -SO que ir\u00e1n ganado intensidad r\u00e1pidamente, tal y como esta pronosticado para las pr\u00f3ximas 30 horas para las \u00e1reas donde se navegara la regata. De hecho 1 hora antes de la salida soplaba en Denia un Poniente de 8 &#8211; 10 nudos que hac\u00eda prever los pron\u00f3sticos se iban a cumplir al 100%.<\/p>\n<p style=\"text-align: justify;\"><a class=\"tt-flickr tt-flickr-Medium\" title=\"_AFB4485-copia\" href=\"http:\/\/www.flickr.com\/photos\/circuitoanam\/8597095419\/\"><img loading=\"lazy\" decoding=\"async\" class=\"aligncenter\" src=\"http:\/\/farm9.staticflickr.com\/8513\/8597095419_b1d43f9172.jpg\" alt=\"_AFB4485-copia\" width=\"320\" height=\"229\" \/><\/a><\/p>\n<p style=\"text-align: justify;\">Una situaci\u00f3n que permitir\u00e1 que la flota, pase de la lenta ce\u00f1ida con la que se ha iniciado la regata, a \u00a0navegar con vientos abiertos que \u00a0har\u00e1n que evolucionen con puntas altas \u00a0hasta el Islote de Tagomago.<\/p>\n<p style=\"text-align: justify;\">Las \u00faltimas millas por la costa norte de Ibiza hasta Sant Antoni de Portmany ser\u00e1n mucho m\u00e1s t\u00e1cticas y determinantes de cara a los resultados finales.<\/p>\n<p style=\"text-align: justify;\">La llegada de los participantes a Ibiza esta prevista a partir de la madrugada del viernes 29 de Marzo.<br \/>\nConsiderar a estos efectos que el record de velocidad de la traves\u00eda de las 120 millas de la Versi\u00f3n Este est\u00e1 fijado en 13h. , 10m. , 15s. , registradas por el Swam 80 \u201cPlis-Play\u201d de Vicente Garc\u00eda en la edici\u00f3n del 2012 de La Sal. \u00a0Equipo que este a\u00f1o vuelve a estar en la regata con claras posibilidades de registrar una nueva victoria.<\/p>\n<p style=\"text-align: justify;\">Tambi\u00e9n compiten en esta salida los ganadores absolutos de la pasada edici\u00f3n, Manuel Guasch &#8211; Fortuna 9, \u201cAivis\u201d- y \u00a0Ram\u00f3n Balanzat- Fortuna 9 \u00a0\u201cPosidonia Uno\u201d &#8211; ambos del CN de Ibiza, que, en general tendr\u00e1n que defender sus t\u00edtulos ante una flota de un alt\u00edsimo nivel deportivo , entre los que se apuntan , entre otros, el X-Yacht 65 \u00ab2 Much\u00bb de Jose Fabre de CN de Palma Nova, o el \u00a0J92 de CN de Sant Antoni de Portmany \u00abCaf\u00e9 del Mar\u00bb de J.C. Sanchis. El Bavaria 49 \u00abEscualo Tres\u00bb de Marcelino Cardona del CN de Denia quien ostenta \u00e9l titulo de ser el \u00fanico participante que ha navegado en todas las ediciones de La Sal y el X35 \u00abMini Plis-Play\u00bb de Isabel Garc\u00eda del RCR de Alicante.<\/p>\n<p style=\"text-align: justify;\">www.larutadelasal.com ofrece un servicio integral de asistencia a todos los interesados en La Sal, sea deportista, t\u00e9cnico o profesional de la comunicaci\u00f3n. Una herramienta que, permite, entre otras muchas posibilidades &#8211; tramite de inscripciones, gesti\u00f3n de resultados, etc, etc.- realizar un seguimiento de la evoluci\u00f3n deportiva de La Ruta de La Sal pr\u00e1cticamente a tiempo real, con acceso a im\u00e1genes y videos en alta definici\u00f3n, abriendo las posibilidades medi\u00e1ticas de la Ruta de La Sal de una manera muy significativa.<\/p>\n<p style=\"text-align: justify;\">La XXVI regata de altura de La Ruta de la Sal cuenta con la colaboraci\u00f3n del Consell \u00a0d\u2019Eivissa, \u00a0la Consellerie \u00a0de Turisme del Govern de les Illes Balears, el Ajuntament de Sant Antoni de Portmany, la Estaci\u00f3 N\u00e1utica de Sant Antoni y Sant Josep, as\u00ed como de los Ayuntamientos de Denia y Sitges.<\/p>\n<p style=\"text-align: justify;\">Esta organizada, por ANAM, Associaci\u00f3 de Navegants d\u2019Altura Mediterranis, en estrecha colaboraci\u00f3n con el CM Port Ginesta, RC N\u00e1utico Denia, CN Sant Antoni de Portmany de Ibiza y la RANC, con el soporte de Ports de Balears, Sociedad Estatal de Salvamento y Seguridad Mar\u00edtima, Guardia Civil del Mar y el apoyo de la Federaci\u00f3 Catalana de Vela, Federaci\u00f3n de Vela de la Comunidad Valenciana y la Federaci\u00f3 Balear de Vela.<\/p>\n","protected":false},"excerpt":{"rendered":"<p>26 \u00a0Ruta de La Sal &#8211; Trofeo Pepe Ferres. Regata de Altura. 28 al 31 Marzo 2013. www.larutadelasal.com &#8211; La Versi\u00f3n Este de La Sal navega rumbo a Ibiza. &#8211; Poco \u00a0viento y buena mar, en la salida de La Sal desde Denia. &#8211; Las condiciones meteorol\u00f3gicas del Mar Balear, hacen prever una regata r\u00e1pida [&hellip;]<\/p>\n","protected":false},"author":1,"featured_media":3861,"comment_status":"open","ping_status":"open","sticky":false,"template":"","format":"standard","meta":{"_acf_changed":false,"footnotes":""},"categories":[3],"tags":[],"acf":[],"yoast_head":"<!-- This site is optimized with the Yoast SEO plugin v23.0 - https:\/\/yoast.com\/wordpress\/plugins\/seo\/ -->\n<title>La Versi\u00f3n Este de La Sal navega rumbo a Ibiza | Regata La Ruta de la Sal<\/title>\n<meta name=\"robots\" content=\"noindex, follow, max-snippet:-1, max-image-preview:large, max-video-preview:-1\" \/>\n<meta property=\"og:locale\" content=\"es_ES\" \/>\n<meta property=\"og:type\" content=\"article\" \/>\n<meta property=\"og:title\" content=\"La Versi\u00f3n Este de La Sal navega rumbo a Ibiza | Regata La Ruta de la Sal\" \/>\n<meta property=\"og:description\" content=\"26 \u00a0Ruta de La Sal &#8211; Trofeo Pepe Ferres. Regata de Altura. 28 al 31 Marzo 2013. www.larutadelasal.com &#8211; La Versi\u00f3n Este de La Sal navega rumbo a Ibiza. &#8211; Poco \u00a0viento y buena mar, en la salida de La Sal desde Denia. &#8211; Las condiciones meteorol\u00f3gicas del Mar Balear, hacen prever una regata r\u00e1pida [&hellip;]\" \/>\n<meta property=\"og:url\" content=\"https:\/\/labs.100x100.net\/projects\/rutasal\/la-version-este-de-la-sal-navega-rumbo-a-ibiza\/\" \/>\n<meta property=\"og:site_name\" content=\"Regata La Ruta de la Sal\" \/>\n<meta property=\"article:publisher\" content=\"https:\/\/www.facebook.com\/rutadelasal\/\" \/>\n<meta property=\"article:published_time\" content=\"2013-03-28T14:57:16+00:00\" \/>\n<meta property=\"article:modified_time\" content=\"2019-03-14T09:58:09+00:00\" \/>\n<meta property=\"og:image\" content=\"https:\/\/labs.100x100.net\/projects\/rutasal\/custom\/uploads\/2013\/03\/8597095419_b1d43f9172.jpg\" \/>\n\t<meta property=\"og:image:width\" content=\"500\" \/>\n\t<meta property=\"og:image:height\" content=\"350\" \/>\n\t<meta property=\"og:image:type\" content=\"image\/jpeg\" \/>\n<meta name=\"author\" content=\"La Ruta de la Sal\" \/>\n<meta name=\"twitter:card\" content=\"summary_large_image\" \/>\n<meta name=\"twitter:creator\" content=\"@AnamMedi\" \/>\n<meta name=\"twitter:site\" content=\"@AnamMedi\" \/>\n<meta name=\"twitter:label1\" content=\"Escrito por\" \/>\n\t<meta name=\"twitter:data1\" content=\"La Ruta de la Sal\" \/>\n\t<meta name=\"twitter:label2\" content=\"Tiempo de lectura\" \/>\n\t<meta name=\"twitter:data2\" content=\"4 minutos\" \/>\n<script type=\"application\/ld+json\" class=\"yoast-schema-graph\">{\"@context\":\"https:\/\/schema.org\",\"@graph\":[{\"@type\":\"WebPage\",\"@id\":\"https:\/\/labs.100x100.net\/projects\/rutasal\/la-version-este-de-la-sal-navega-rumbo-a-ibiza\/\",\"url\":\"https:\/\/labs.100x100.net\/projects\/rutasal\/la-version-este-de-la-sal-navega-rumbo-a-ibiza\/\",\"name\":\"La Versi\u00f3n Este de La Sal navega rumbo a Ibiza | Regata La Ruta de la Sal\",\"isPartOf\":{\"@id\":\"https:\/\/labs.100x100.net\/projects\/rutasal\/#website\"},\"primaryImageOfPage\":{\"@id\":\"https:\/\/labs.100x100.net\/projects\/rutasal\/la-version-este-de-la-sal-navega-rumbo-a-ibiza\/#primaryimage\"},\"image\":{\"@id\":\"https:\/\/labs.100x100.net\/projects\/rutasal\/la-version-este-de-la-sal-navega-rumbo-a-ibiza\/#primaryimage\"},\"thumbnailUrl\":\"https:\/\/labs.100x100.net\/projects\/rutasal\/custom\/uploads\/2013\/03\/8597095419_b1d43f9172.jpg\",\"datePublished\":\"2013-03-28T14:57:16+00:00\",\"dateModified\":\"2019-03-14T09:58:09+00:00\",\"author\":{\"@id\":\"https:\/\/labs.100x100.net\/projects\/rutasal\/#\/schema\/person\/214eeb4a2e78fd8373a0a94f6d93c9ca\"},\"breadcrumb\":{\"@id\":\"https:\/\/labs.100x100.net\/projects\/rutasal\/la-version-este-de-la-sal-navega-rumbo-a-ibiza\/#breadcrumb\"},\"inLanguage\":\"es\",\"potentialAction\":[{\"@type\":\"ReadAction\",\"target\":[\"https:\/\/labs.100x100.net\/projects\/rutasal\/la-version-este-de-la-sal-navega-rumbo-a-ibiza\/\"]}]},{\"@type\":\"ImageObject\",\"inLanguage\":\"es\",\"@id\":\"https:\/\/labs.100x100.net\/projects\/rutasal\/la-version-este-de-la-sal-navega-rumbo-a-ibiza\/#primaryimage\",\"url\":\"https:\/\/labs.100x100.net\/projects\/rutasal\/custom\/uploads\/2013\/03\/8597095419_b1d43f9172.jpg\",\"contentUrl\":\"https:\/\/labs.100x100.net\/projects\/rutasal\/custom\/uploads\/2013\/03\/8597095419_b1d43f9172.jpg\",\"width\":500,\"height\":350},{\"@type\":\"BreadcrumbList\",\"@id\":\"https:\/\/labs.100x100.net\/projects\/rutasal\/la-version-este-de-la-sal-navega-rumbo-a-ibiza\/#breadcrumb\",\"itemListElement\":[{\"@type\":\"ListItem\",\"position\":1,\"name\":\"Portada\",\"item\":\"https:\/\/labs.100x100.net\/projects\/rutasal\/\"},{\"@type\":\"ListItem\",\"position\":2,\"name\":\"La Versi\u00f3n Este de La Sal navega rumbo a Ibiza\"}]},{\"@type\":\"WebSite\",\"@id\":\"https:\/\/labs.100x100.net\/projects\/rutasal\/#website\",\"url\":\"https:\/\/labs.100x100.net\/projects\/rutasal\/\",\"name\":\"Regata La Ruta de la Sal\",\"description\":\"Regata La Ruta de la Sal es una regata de Altura Mediterr\u00e1nea para barcos de crucero a vela con destino en Ibiza, que se disputa anualmente en Semana Santa.\",\"potentialAction\":[{\"@type\":\"SearchAction\",\"target\":{\"@type\":\"EntryPoint\",\"urlTemplate\":\"https:\/\/labs.100x100.net\/projects\/rutasal\/?s={search_term_string}\"},\"query-input\":\"required name=search_term_string\"}],\"inLanguage\":\"es\"},{\"@type\":\"Person\",\"@id\":\"https:\/\/labs.100x100.net\/projects\/rutasal\/#\/schema\/person\/214eeb4a2e78fd8373a0a94f6d93c9ca\",\"name\":\"La Ruta de la Sal\",\"image\":{\"@type\":\"ImageObject\",\"inLanguage\":\"es\",\"@id\":\"https:\/\/labs.100x100.net\/projects\/rutasal\/#\/schema\/person\/image\/\",\"url\":\"https:\/\/secure.gravatar.com\/avatar\/b247286d4b801d6b1cfcfb3807587284?s=96&d=mm&r=g\",\"contentUrl\":\"https:\/\/secure.gravatar.com\/avatar\/b247286d4b801d6b1cfcfb3807587284?s=96&d=mm&r=g\",\"caption\":\"La Ruta de la Sal\"}}]}<\/script>\n<!-- \/ Yoast SEO plugin. -->","yoast_head_json":{"title":"La Versi\u00f3n Este de La Sal navega rumbo a Ibiza | Regata La Ruta de la Sal","robots":{"index":"noindex","follow":"follow","max-snippet":"max-snippet:-1","max-image-preview":"max-image-preview:large","max-video-preview":"max-video-preview:-1"},"og_locale":"es_ES","og_type":"article","og_title":"La Versi\u00f3n Este de La Sal navega rumbo a Ibiza | Regata La Ruta de la Sal","og_description":"26 \u00a0Ruta de La Sal &#8211; Trofeo Pepe Ferres. Regata de Altura. 28 al 31 Marzo 2013. www.larutadelasal.com &#8211; La Versi\u00f3n Este de La Sal navega rumbo a Ibiza. &#8211; Poco \u00a0viento y buena mar, en la salida de La Sal desde Denia. &#8211; Las condiciones meteorol\u00f3gicas del Mar Balear, hacen prever una regata r\u00e1pida [&hellip;]","og_url":"https:\/\/labs.100x100.net\/projects\/rutasal\/la-version-este-de-la-sal-navega-rumbo-a-ibiza\/","og_site_name":"Regata La Ruta de la Sal","article_publisher":"https:\/\/www.facebook.com\/rutadelasal\/","article_published_time":"2013-03-28T14:57:16+00:00","article_modified_time":"2019-03-14T09:58:09+00:00","og_image":[{"width":500,"height":350,"url":"https:\/\/labs.100x100.net\/projects\/rutasal\/custom\/uploads\/2013\/03\/8597095419_b1d43f9172.jpg","type":"image\/jpeg"}],"author":"La Ruta de la Sal","twitter_card":"summary_large_image","twitter_creator":"@AnamMedi","twitter_site":"@AnamMedi","twitter_misc":{"Escrito por":"La Ruta de la Sal","Tiempo de lectura":"4 minutos"},"schema":{"@context":"https:\/\/schema.org","@graph":[{"@type":"WebPage","@id":"https:\/\/labs.100x100.net\/projects\/rutasal\/la-version-este-de-la-sal-navega-rumbo-a-ibiza\/","url":"https:\/\/labs.100x100.net\/projects\/rutasal\/la-version-este-de-la-sal-navega-rumbo-a-ibiza\/","name":"La Versi\u00f3n Este de La Sal navega rumbo a Ibiza | Regata La Ruta de la Sal","isPartOf":{"@id":"https:\/\/labs.100x100.net\/projects\/rutasal\/#website"},"primaryImageOfPage":{"@id":"https:\/\/labs.100x100.net\/projects\/rutasal\/la-version-este-de-la-sal-navega-rumbo-a-ibiza\/#primaryimage"},"image":{"@id":"https:\/\/labs.100x100.net\/projects\/rutasal\/la-version-este-de-la-sal-navega-rumbo-a-ibiza\/#primaryimage"},"thumbnailUrl":"https:\/\/labs.100x100.net\/projects\/rutasal\/custom\/uploads\/2013\/03\/8597095419_b1d43f9172.jpg","datePublished":"2013-03-28T14:57:16+00:00","dateModified":"2019-03-14T09:58:09+00:00","author":{"@id":"https:\/\/labs.100x100.net\/projects\/rutasal\/#\/schema\/person\/214eeb4a2e78fd8373a0a94f6d93c9ca"},"breadcrumb":{"@id":"https:\/\/labs.100x100.net\/projects\/rutasal\/la-version-este-de-la-sal-navega-rumbo-a-ibiza\/#breadcrumb"},"inLanguage":"es","potentialAction":[{"@type":"ReadAction","target":["https:\/\/labs.100x100.net\/projects\/rutasal\/la-version-este-de-la-sal-navega-rumbo-a-ibiza\/"]}]},{"@type":"ImageObject","inLanguage":"es","@id":"https:\/\/labs.100x100.net\/projects\/rutasal\/la-version-este-de-la-sal-navega-rumbo-a-ibiza\/#primaryimage","url":"https:\/\/labs.100x100.net\/projects\/rutasal\/custom\/uploads\/2013\/03\/8597095419_b1d43f9172.jpg","contentUrl":"https:\/\/labs.100x100.net\/projects\/rutasal\/custom\/uploads\/2013\/03\/8597095419_b1d43f9172.jpg","width":500,"height":350},{"@type":"BreadcrumbList","@id":"https:\/\/labs.100x100.net\/projects\/rutasal\/la-version-este-de-la-sal-navega-rumbo-a-ibiza\/#breadcrumb","itemListElement":[{"@type":"ListItem","position":1,"name":"Portada","item":"https:\/\/labs.100x100.net\/projects\/rutasal\/"},{"@type":"ListItem","position":2,"name":"La Versi\u00f3n Este de La Sal navega rumbo a Ibiza"}]},{"@type":"WebSite","@id":"https:\/\/labs.100x100.net\/projects\/rutasal\/#website","url":"https:\/\/labs.100x100.net\/projects\/rutasal\/","name":"Regata La Ruta de la Sal","description":"Regata La Ruta de la Sal es una regata de Altura Mediterr\u00e1nea para barcos de crucero a vela con destino en Ibiza, que se disputa anualmente en Semana Santa.","potentialAction":[{"@type":"SearchAction","target":{"@type":"EntryPoint","urlTemplate":"https:\/\/labs.100x100.net\/projects\/rutasal\/?s={search_term_string}"},"query-input":"required name=search_term_string"}],"inLanguage":"es"},{"@type":"Person","@id":"https:\/\/labs.100x100.net\/projects\/rutasal\/#\/schema\/person\/214eeb4a2e78fd8373a0a94f6d93c9ca","name":"La Ruta de la Sal","image":{"@type":"ImageObject","inLanguage":"es","@id":"https:\/\/labs.100x100.net\/projects\/rutasal\/#\/schema\/person\/image\/","url":"https:\/\/secure.gravatar.com\/avatar\/b247286d4b801d6b1cfcfb3807587284?s=96&d=mm&r=g","contentUrl":"https:\/\/secure.gravatar.com\/avatar\/b247286d4b801d6b1cfcfb3807587284?s=96&d=mm&r=g","caption":"La Ruta de la Sal"}}]}},"_links":{"self":[{"href":"https:\/\/labs.100x100.net\/projects\/rutasal\/wp-json\/wp\/v2\/posts\/1388"}],"collection":[{"href":"https:\/\/labs.100x100.net\/projects\/rutasal\/wp-json\/wp\/v2\/posts"}],"about":[{"href":"https:\/\/labs.100x100.net\/projects\/rutasal\/wp-json\/wp\/v2\/types\/post"}],"author":[{"embeddable":true,"href":"https:\/\/labs.100x100.net\/projects\/rutasal\/wp-json\/wp\/v2\/users\/1"}],"replies":[{"embeddable":true,"href":"https:\/\/labs.100x100.net\/projects\/rutasal\/wp-json\/wp\/v2\/comments?post=1388"}],"version-history":[{"count":2,"href":"https:\/\/labs.100x100.net\/projects\/rutasal\/wp-json\/wp\/v2\/posts\/1388\/revisions"}],"predecessor-version":[{"id":3863,"href":"https:\/\/labs.100x100.net\/projects\/rutasal\/wp-json\/wp\/v2\/posts\/1388\/revisions\/3863"}],"wp:featuredmedia":[{"embeddable":true,"href":"https:\/\/labs.100x100.net\/projects\/rutasal\/wp-json\/wp\/v2\/media\/3861"}],"wp:attachment":[{"href":"https:\/\/labs.100x100.net\/projects\/rutasal\/wp-json\/wp\/v2\/media?parent=1388"}],"wp:term":[{"taxonomy":"category","embeddable":true,"href":"https:\/\/labs.100x100.net\/projects\/rutasal\/wp-json\/wp\/v2\/categories?post=1388"},{"taxonomy":"post_tag","embeddable":true,"href":"https:\/\/labs.100x100.net\/projects\/rutasal\/wp-json\/wp\/v2\/tags?post=1388"}],"curies":[{"name":"wp","href":"https:\/\/api.w.org\/{rel}","templated":true}]}}