{"id":1379,"date":"2013-03-28T11:46:34","date_gmt":"2013-03-28T11:46:34","guid":{"rendered":"https:\/\/larutadelasal.com\/?p=1379"},"modified":"2019-03-14T11:58:46","modified_gmt":"2019-03-14T09:58:46","slug":"1379","status":"publish","type":"post","link":"https:\/\/labs.100x100.net\/projects\/rutasal\/1379\/","title":{"rendered":"Espectacular salida de la Version Norte de La Sal 2013, con toda la flota ci\u00f1endo rumbo a ibiza"},"content":{"rendered":"<p style=\"text-align: justify;\"><strong>26 \u00a0Ruta de La Sal &#8211; Trofeo Pepe Ferres.<br \/>\nRegata de Altura.<br \/>\n28 al 31 Marzo 2013.<br \/>\nwww.larutadelasal.com<\/strong><\/p>\n<p style=\"text-align: justify;\"><strong><span style=\"text-decoration: underline;\">&#8211; La 26 regata de altura de La Ruta de La Sal navega rumbo a Ibiza.<\/span><\/strong><\/p>\n<p style=\"text-align: justify;\"><strong><span style=\"text-decoration: underline;\">-Espectacular salida de la Version Norte de La Sal 2013, con toda la flota ci\u00f1endo rumbo a ibiza.<\/span><\/strong><\/p>\n<p style=\"text-align: justify;\"><strong><span style=\"text-decoration: underline;\">-.156 \u00a0embarcaciones \u00a0y m\u00e1s de 1.300 \u00a0tripulantes inscritos en la 26 \u00a0Regata de La Ruta de La Sal.<\/span><\/strong><\/p>\n<p style=\"text-align: justify;\"><strong><span style=\"text-decoration: underline;\">-.La flota en competici\u00f3n re\u00fane pabellones de 8 nacionalidades distintas y equipos procedentes de todos los litorales de la Pen\u00ednsula Ib\u00e9rica, as\u00ed como de las Islas Baleares y Canarias.<\/span><\/strong><\/p>\n<p><span style=\"text-decoration: underline;\"><strong>Las condiciones metereologicas del Mar Balear, hacen prever una regata r\u00e1pida y con muchas opciones t\u00e1cticas.<\/strong><\/span><\/p>\n<p><a class=\"tt-flickr tt-flickr-Medium\" title=\"26 La Ruta de la Sal 2013 (Trofeo Pepe Ferr\u00e9s) \u00a9 AlfredFarre.com\" href=\"http:\/\/www.flickr.com\/photos\/circuitoanam\/8597927754\/\"><img loading=\"lazy\" decoding=\"async\" class=\"alignnone\" src=\"http:\/\/farm9.staticflickr.com\/8386\/8597927754_aabd4fab52.jpg\" alt=\"26 La Ruta de la Sal 2013 (Trofeo Pepe Ferr\u00e9s) \u00a9 AlfredFarre.com\" width=\"320\" height=\"229\" \/><\/a> <a class=\"tt-flickr tt-flickr-Medium\" title=\"_AFB4671\" href=\"http:\/\/www.flickr.com\/photos\/circuitoanam\/8596841595\/\"><img loading=\"lazy\" decoding=\"async\" class=\"alignright\" src=\"http:\/\/farm9.staticflickr.com\/8529\/8596841595_8391b7f8f5.jpg\" alt=\"_AFB4671\" width=\"320\" height=\"229\" \/><\/a><br \/>\nHoy, Jueves 28 de Marzo del 2013, Jueves Santo, a las 10:00 h desde el CM. Port Ginesta \u2013 Barcelona.-, \u00a0se ha dado la salida a la flota de la Versi\u00f3n Norte de la 26 Ruta de La Sal que tendr\u00e1 que competir \u00a0sobre un recorrido de 140 millas con rumbo directo hasta el CN. Sant Antoni de Portmany en Ibiza.<\/p>\n<p style=\"text-align: justify;\">La salida de los 69 inscritos en este recorrido desde la Ciudad Condal hasta Ibiza, ha sido realmente espectacular. \u00a0La flota, navegando en una formaci\u00f3n muy compacta, ha cruzado la l\u00ednea de salida ci\u00f1endo con proa hacia altamar, &#8211; rumbo Mallorca.- con un magnifico viento del O \u2013 SO \u00a0de entre 15 y 20 nudos y con mar plana. Unas condiciones que avanzan una traves\u00eda r\u00e1pida hasta Ibiza. Liderando la flota, tras las primeras millas de competici\u00f3n, se ubicaba \u00a0el Swam 56, \u201cCLEM\u201d de Amanda Harley y tras \u00e9l, los veleros alemanes, \u201cCaro\u201d y \u201cExcalibur\u201d, dos dise\u00f1os id\u00e9nticos de 50 pies de Judel\/Vrolijk que ser\u00e1n, en estas condiciones, dos claro favoritos al podium final.<\/p>\n<p style=\"text-align: justify;\"><a class=\"tt-flickr tt-flickr-Medium\" title=\"26 La Ruta de la Sal 2013 (Trofeo Pepe Ferr\u00e9s) \u00a9 AlfredFarre.com\" href=\"http:\/\/www.flickr.com\/photos\/circuitoanam\/8596755439\/\"><img loading=\"lazy\" decoding=\"async\" class=\"alignnone\" src=\"http:\/\/farm9.staticflickr.com\/8390\/8596755439_75ab326e24.jpg\" alt=\"26 La Ruta de la Sal 2013 (Trofeo Pepe Ferr\u00e9s) \u00a9 AlfredFarre.com\" width=\"320\" height=\"229\" \/><\/a> <a class=\"tt-flickr tt-flickr-Medium\" title=\"26 La Ruta de la Sal 2013 (Trofeo Pepe Ferr\u00e9s) \u00a9 AlfredFarre.com\" href=\"http:\/\/www.flickr.com\/photos\/circuitoanam\/8596755069\/\"><img loading=\"lazy\" decoding=\"async\" class=\"alignright\" src=\"http:\/\/farm9.staticflickr.com\/8529\/8596755069_208ec4e3d6.jpg\" alt=\"26 La Ruta de la Sal 2013 (Trofeo Pepe Ferr\u00e9s) \u00a9 AlfredFarre.com\" width=\"320\" height=\"229\" \/><\/a><\/p>\n<p style=\"text-align: justify;\"><a class=\"tt-flickr tt-flickr-Medium\" title=\"26 La Ruta de la Sal 2013 (Trofeo Pepe Ferr\u00e9s) \u00a9 AlfredFarre.com\" href=\"http:\/\/www.flickr.com\/photos\/circuitoanam\/8597859596\/\"><img loading=\"lazy\" decoding=\"async\" class=\"alignnone\" src=\"http:\/\/farm9.staticflickr.com\/8111\/8597859596_6f576920b0.jpg\" alt=\"26 La Ruta de la Sal 2013 (Trofeo Pepe Ferr\u00e9s) \u00a9 AlfredFarre.com\" width=\"320\" height=\"229\" \/><\/a> <a class=\"tt-flickr tt-flickr-Medium\" title=\"26 La Ruta de la Sal 2013 (Trofeo Pepe Ferr\u00e9s) \u00a9 AlfredFarre.com\" href=\"http:\/\/www.flickr.com\/photos\/circuitoanam\/8597859350\/\"><img loading=\"lazy\" decoding=\"async\" class=\"alignright\" src=\"http:\/\/farm9.staticflickr.com\/8249\/8597859350_5615cfa119.jpg\" alt=\"26 La Ruta de la Sal 2013 (Trofeo Pepe Ferr\u00e9s) \u00a9 AlfredFarre.com\" width=\"320\" height=\"229\" \/><\/a><\/p>\n<p style=\"text-align: justify;\">Los partes, que hablan de vientos dominantes del SO \u00a0de Fuerza 3-4 y puntas de Fuerza 5-6 para las pr\u00f3ximas 30 horas hacen prever que la \u00a0Versi\u00f3n Norte ser\u00e1 una traves\u00eda hasta Ibiza con vientos de proa. Una ce\u00f1ida m\u00e1s o menos cerrada con \u00e1reas de marejada que convertir\u00e1n a la competici\u00f3n en una navegaci\u00f3n muy t\u00e1ctica, abierta a diferentes estrategias de navegaci\u00f3n. Un escenario t\u00edpico de del Mar Balear en esta \u00e9poca de a\u00f1o que hace que el nivel deportivo de la regata gane muchos puntos.<\/p>\n<p style=\"text-align: justify;\">Destacar que ayer, Mi\u00e9rcoles 27 de Marzo del 2013, la Reuni\u00f3n de Patrones fue presidida por el Capit\u00e1n Mar\u00edtimo de Barcelona, Javier Valencia, y por Jaime Zaragoza, Director de Seguridad y Salvamento Mar\u00edtimo de Barcelona. Acto tras el que tuvo lugar, en el restaurante El Capit\u00e1n de Port Ginesta, la Recepci\u00f3n de Bienvenida a las Tripulaciones participantes en La Sal 2013<br \/>\nLa Versi\u00f3n Este, con 86 barcos inscritos, tiene programada su salida hoy a las \u00a014:00 h desde el RC N\u00e1utico de Denia con destino a Cab Negret en Sant Antoni de Portmany. Una singladura de 120 millas que implicara tomar Formentera por babor, la Isla de Tagomago y, navegar por la costa norte de Ibiza hasta Sant Antoni.<\/p>\n<p style=\"text-align: justify;\"><a class=\"tt-flickr tt-flickr-Medium\" title=\"26 La Ruta de la Sal 2013 (Trofeo Pepe Ferr\u00e9s) \u00a9 AlfredFarre.com\" href=\"http:\/\/www.flickr.com\/photos\/circuitoanam\/8597974820\/\"><img loading=\"lazy\" decoding=\"async\" class=\"alignnone\" src=\"http:\/\/farm9.staticflickr.com\/8513\/8597974820_324b179d34.jpg\" alt=\"26 La Ruta de la Sal 2013 (Trofeo Pepe Ferr\u00e9s) \u00a9 AlfredFarre.com\" width=\"320\" height=\"229\" \/><\/a> <a class=\"tt-flickr tt-flickr-Medium\" title=\"26 La Ruta de la Sal 2013 (Trofeo Pepe Ferr\u00e9s) \u00a9 AlfredFarre.com\" href=\"http:\/\/www.flickr.com\/photos\/circuitoanam\/8597972846\/\"><img loading=\"lazy\" decoding=\"async\" class=\"alignright\" src=\"http:\/\/farm9.staticflickr.com\/8508\/8597972846_c1270b90da.jpg\" alt=\"26 La Ruta de la Sal 2013 (Trofeo Pepe Ferr\u00e9s) \u00a9 AlfredFarre.com\" width=\"320\" height=\"229\" \/><\/a><\/p>\n<p style=\"text-align: justify;\"><a class=\"tt-flickr tt-flickr-Medium\" title=\"_AFB4426-copia\" href=\"http:\/\/www.flickr.com\/photos\/circuitoanam\/8597981374\/\"><img loading=\"lazy\" decoding=\"async\" class=\"alignnone\" src=\"http:\/\/farm9.staticflickr.com\/8101\/8597981374_f68c0dd411.jpg\" alt=\"_AFB4426-copia\" width=\"320\" height=\"229\" \/><\/a> <a class=\"tt-flickr tt-flickr-Medium\" title=\"_AFB4370-copia\" href=\"http:\/\/www.flickr.com\/photos\/circuitoanam\/8597981334\/\"><img loading=\"lazy\" decoding=\"async\" class=\"alignright\" src=\"http:\/\/farm9.staticflickr.com\/8109\/8597981334_41da82afe8.jpg\" alt=\"_AFB4370-copia\" width=\"320\" height=\"229\" \/><\/a><\/p>\n<p style=\"text-align: justify;\">Para la flota de Denia normalmente bajo la influencia de vientos abiertos y de buena intensidad, en principio la regata se dibuja como una traves\u00eda muy din\u00e1mica y veloz. \u00a0Si bien la entrada hasta Sant Antoni de Portmany por la costa norte de Ibiza, tendr\u00e1 su peso, bajo un punto de vista t\u00e1ctico.<\/p>\n<p style=\"text-align: justify;\">La llegada de los participantes a Ibiza esta prevista a partir de la madrugada del viernes 29 de Marzo y, normalmente se podr\u00eda alargar \u00a0hasta la madrugada del S\u00e1bado 30.<\/p>\n<p style=\"text-align: justify;\">Considerar a estos efectos que el record de velocidad de la traves\u00eda de las 120 millas de la Versi\u00f3n Este esta fijado en 13h. , 10m. , 15s. , registradas por el Swam 80 \u201cPlis-Play\u201d de Vicente Garc\u00eda en la edici\u00f3n del 2012 de La Sal. En la Versi\u00f3n Norte, con 140 millas de singladura, el record absoluto se sit\u00faa en unas incre\u00edbles \u00a013h. , 18m., 54s. que tardo el velero alem\u00e1n \u201cCaro\u201d un \u00a0Vrolijk 50 de Maximilian Klink en la regata de 2011. Ambos equipos participaran, como claros favoritos, en la cita de este a\u00f1o. As\u00ed como los ganadores de la pasada edici\u00f3n, Manuel Guasch &#8211; Fortuna 9, \u201cAivis\u201d- y \u00a0Ram\u00f3n Balanzat- Fortuna 9 \u00a0\u201cPosidonia Uno\u201d &#8211; ambos del CN de Ibiza, que, en general tendr\u00e1n que defender sus t\u00edtulos ante una flota de un alt\u00edsimo nivel deportivo, en la que existen participantes que \u00a0acumulan un total de 20 victorias absolutas \u00a0en diferentes ediciones de esta gran regata. Aut\u00e9nticos especialistas en la navegaci\u00f3n deportiva de altura, como, lo son el la Versi\u00f3n Norte, el alem\u00e1n \u00abExcalibur\u00bb, de Christian Moller, un rapid\u00edsimo Knierim 50 -identico al Caro &#8211; perfecto para este tipo de regatas. El Swam 56, \u00abCLEM\u00bb de Amanda Harley, un equipo con un magnifico palmares internacional en regatas de altamar y varios triunfos absolutos en diferentes ediciones de La Sal. Amador Magraner, tambi\u00e9n con un magnifico historial \u00a0La Ruta de la Sal, que participara en esta ocasi\u00f3n con el S&amp;S 63 \u00abRossina di Mare\u00bb del RCN de Puerto de Pollensa. En la Versi\u00f3n Este, al margen de los ya citados, \u00abPlis-Play\u00bb, \u00abAivis\u00bb y \u201cPosidonia Uno\u201d, hay que considerar, entre otros, al X-Yacht 65 \u00ab2 Much\u00bb de Jose Fabre de CN de Palma Nova, o el \u00a0J92 de CN de Sant Antoni de Portmany \u00abCaf\u00e9 del Mar\u00bb de J.C. Sanchis. El Bavaria 49 \u00abEscualo Tres\u00bb de Marcelino Cardona del CN de Denia quien ostenta \u00e9l titulo de ser el \u00fanico participante que ha navegado en todas las ediciones de La Sal, y el X35 \u00abMini Plis-Play\u00bb de Isabel Garc\u00eda del RCR de Alicante. Entre otros.<\/p>\n<div id=\"_mcePaste\" style=\"text-align: justify;\"><strong>www.larutadelasal.com ofrece un servicio integral de asistencia a todos los interesados en La Sal, sea deportistas, t\u00e9cnicos o profesionales de la comunicaci\u00f3n. Una herramienta que, permite, entre otras muchas posibilidades &#8211; tramite de inscripciones, gesti\u00f3n de resultados, etc, etc.- realizar un seguimiento de la evoluci\u00f3n deportiva de La Ruta de La Sal pr\u00e1cticamente a tiempo real, con acceso a im\u00e1genes y videos en alta definici\u00f3n, abriendo las posibilidades medi\u00e1ticas de la Ruta de La Sal de una manera muy significativa.<\/strong><\/div>\n<div id=\"_mcePaste\" style=\"text-align: justify;\"><strong>La XXVI regata de altura de La Ruta de la Sal cuenta con la colaboraci\u00f3n del Consell \u00a0d\u2019Eivissa, \u00a0la Consellerie \u00a0de Turisme del Govern de les Illes Balears, el Ajuntament de Sant Antoni de Portmany, la Estaci\u00f3 N\u00e1utica de Sant Antoni y Sant Josep, as\u00ed como de los Ayuntamientos de Denia y Sitges<\/strong><\/div>\n<div id=\"_mcePaste\" style=\"text-align: justify;\"><strong>Esta organizada, por ANAM, Associaci\u00f3 de Navegants d\u2019Altura Mediterranis, en estrecha colaboraci\u00f3n con el CM Port Ginesta, RC N\u00e1utico Denia, CN Sant Antoni de Portmany de Ibiza y la RANC, con el soporte de Ports de Balears, Sociedad Estatal de Salvamento y Seguridad Mar\u00edtima, Guardia Civil del Mar y el apoyo de la Federaci\u00f3 Catalana de Vela, Federaci\u00f3n de Vela de la Comunidad Valenciana y la Federaci\u00f3 Balear de Vela.<\/strong><\/div>\n","protected":false},"excerpt":{"rendered":"<p>26  Ruta de La Sal &#8211; Trofeo Pepe Ferres.<br \/>\nRegata de Altura.<br \/>\n28 al 31 Marzo 2013.<br \/>\nwww.larutadelasal.com<\/p>\n<p>&#8211; La 26 regata de altura de La Ruta de La Sal navega rumbo a Ibiza.<\/p>\n<p>-Expectacular salida de la Version Norte de La Sal 2013, con toda la flota ci\u00f1endo rumbo a ibiza.<\/p>\n<p>-.156  embarcaciones  y m\u00e1s de 1.300  tripulantes inscritos en la 26  Regata de La Ruta de La Sal.<\/p>\n<p>-.La flota en competici\u00f3n re\u00fane pabellones de 8 nacionalidades distintas y equipos procedentes de todos los litorales de la Pen\u00ednsula Ib\u00e9rica, as\u00ed como de las Islas Baleares y Canarias.<\/p>\n","protected":false},"author":1,"featured_media":3864,"comment_status":"open","ping_status":"open","sticky":false,"template":"","format":"standard","meta":{"_acf_changed":false,"footnotes":""},"categories":[3],"tags":[],"acf":[],"yoast_head":"<!-- This site is optimized with the Yoast SEO plugin v23.0 - https:\/\/yoast.com\/wordpress\/plugins\/seo\/ -->\n<title>Espectacular salida de la Version Norte de La Sal 2013, con toda la flota ci\u00f1endo rumbo a ibiza | Regata La Ruta de la Sal<\/title>\n<meta name=\"robots\" content=\"noindex, follow, max-snippet:-1, max-image-preview:large, max-video-preview:-1\" \/>\n<meta property=\"og:locale\" content=\"es_ES\" \/>\n<meta property=\"og:type\" content=\"article\" \/>\n<meta property=\"og:title\" content=\"Espectacular salida de la Version Norte de La Sal 2013, con toda la flota ci\u00f1endo rumbo a ibiza | Regata La Ruta de la Sal\" \/>\n<meta property=\"og:description\" content=\"26 Ruta de La Sal - Trofeo Pepe Ferres. Regata de Altura. 28 al 31 Marzo 2013. www.larutadelasal.com  - La 26 regata de altura de La Ruta de La Sal navega rumbo a Ibiza.  -Expectacular salida de la Version Norte de La Sal 2013, con toda la flota ci\u00f1endo rumbo a ibiza.  -.156 embarcaciones y m\u00e1s de 1.300 tripulantes inscritos en la 26 Regata de La Ruta de La Sal.  -.La flota en competici\u00f3n re\u00fane pabellones de 8 nacionalidades distintas y equipos procedentes de todos los litorales de la Pen\u00ednsula Ib\u00e9rica, as\u00ed como de las Islas Baleares y Canarias.\" \/>\n<meta property=\"og:url\" content=\"https:\/\/labs.100x100.net\/projects\/rutasal\/1379\/\" \/>\n<meta property=\"og:site_name\" content=\"Regata La Ruta de la Sal\" \/>\n<meta property=\"article:publisher\" content=\"https:\/\/www.facebook.com\/rutadelasal\/\" \/>\n<meta property=\"article:published_time\" content=\"2013-03-28T11:46:34+00:00\" \/>\n<meta property=\"article:modified_time\" content=\"2019-03-14T09:58:46+00:00\" \/>\n<meta property=\"og:image\" content=\"https:\/\/labs.100x100.net\/projects\/rutasal\/custom\/uploads\/2013\/03\/8596755069_208ec4e3d6.jpg\" \/>\n\t<meta property=\"og:image:width\" content=\"500\" \/>\n\t<meta property=\"og:image:height\" content=\"350\" \/>\n\t<meta property=\"og:image:type\" content=\"image\/jpeg\" \/>\n<meta name=\"author\" content=\"La Ruta de la Sal\" \/>\n<meta name=\"twitter:card\" content=\"summary_large_image\" \/>\n<meta name=\"twitter:creator\" content=\"@AnamMedi\" \/>\n<meta name=\"twitter:site\" content=\"@AnamMedi\" \/>\n<meta name=\"twitter:label1\" content=\"Escrito por\" \/>\n\t<meta name=\"twitter:data1\" content=\"La Ruta de la Sal\" \/>\n\t<meta name=\"twitter:label2\" content=\"Tiempo de lectura\" \/>\n\t<meta name=\"twitter:data2\" content=\"6 minutos\" \/>\n<script type=\"application\/ld+json\" class=\"yoast-schema-graph\">{\"@context\":\"https:\/\/schema.org\",\"@graph\":[{\"@type\":\"WebPage\",\"@id\":\"https:\/\/labs.100x100.net\/projects\/rutasal\/1379\/\",\"url\":\"https:\/\/labs.100x100.net\/projects\/rutasal\/1379\/\",\"name\":\"Espectacular salida de la Version Norte de La Sal 2013, con toda la flota ci\u00f1endo rumbo a ibiza | Regata La Ruta de la Sal\",\"isPartOf\":{\"@id\":\"https:\/\/labs.100x100.net\/projects\/rutasal\/#website\"},\"primaryImageOfPage\":{\"@id\":\"https:\/\/labs.100x100.net\/projects\/rutasal\/1379\/#primaryimage\"},\"image\":{\"@id\":\"https:\/\/labs.100x100.net\/projects\/rutasal\/1379\/#primaryimage\"},\"thumbnailUrl\":\"https:\/\/labs.100x100.net\/projects\/rutasal\/custom\/uploads\/2013\/03\/8596755069_208ec4e3d6.jpg\",\"datePublished\":\"2013-03-28T11:46:34+00:00\",\"dateModified\":\"2019-03-14T09:58:46+00:00\",\"author\":{\"@id\":\"https:\/\/labs.100x100.net\/projects\/rutasal\/#\/schema\/person\/214eeb4a2e78fd8373a0a94f6d93c9ca\"},\"breadcrumb\":{\"@id\":\"https:\/\/labs.100x100.net\/projects\/rutasal\/1379\/#breadcrumb\"},\"inLanguage\":\"es\",\"potentialAction\":[{\"@type\":\"ReadAction\",\"target\":[\"https:\/\/labs.100x100.net\/projects\/rutasal\/1379\/\"]}]},{\"@type\":\"ImageObject\",\"inLanguage\":\"es\",\"@id\":\"https:\/\/labs.100x100.net\/projects\/rutasal\/1379\/#primaryimage\",\"url\":\"https:\/\/labs.100x100.net\/projects\/rutasal\/custom\/uploads\/2013\/03\/8596755069_208ec4e3d6.jpg\",\"contentUrl\":\"https:\/\/labs.100x100.net\/projects\/rutasal\/custom\/uploads\/2013\/03\/8596755069_208ec4e3d6.jpg\",\"width\":500,\"height\":350},{\"@type\":\"BreadcrumbList\",\"@id\":\"https:\/\/labs.100x100.net\/projects\/rutasal\/1379\/#breadcrumb\",\"itemListElement\":[{\"@type\":\"ListItem\",\"position\":1,\"name\":\"Portada\",\"item\":\"https:\/\/labs.100x100.net\/projects\/rutasal\/\"},{\"@type\":\"ListItem\",\"position\":2,\"name\":\"Espectacular salida de la Version Norte de La Sal 2013, con toda la flota ci\u00f1endo rumbo a ibiza\"}]},{\"@type\":\"WebSite\",\"@id\":\"https:\/\/labs.100x100.net\/projects\/rutasal\/#website\",\"url\":\"https:\/\/labs.100x100.net\/projects\/rutasal\/\",\"name\":\"Regata La Ruta de la Sal\",\"description\":\"Regata La Ruta de la Sal es una regata de Altura Mediterr\u00e1nea para barcos de crucero a vela con destino en Ibiza, que se disputa anualmente en Semana Santa.\",\"potentialAction\":[{\"@type\":\"SearchAction\",\"target\":{\"@type\":\"EntryPoint\",\"urlTemplate\":\"https:\/\/labs.100x100.net\/projects\/rutasal\/?s={search_term_string}\"},\"query-input\":\"required name=search_term_string\"}],\"inLanguage\":\"es\"},{\"@type\":\"Person\",\"@id\":\"https:\/\/labs.100x100.net\/projects\/rutasal\/#\/schema\/person\/214eeb4a2e78fd8373a0a94f6d93c9ca\",\"name\":\"La Ruta de la Sal\",\"image\":{\"@type\":\"ImageObject\",\"inLanguage\":\"es\",\"@id\":\"https:\/\/labs.100x100.net\/projects\/rutasal\/#\/schema\/person\/image\/\",\"url\":\"https:\/\/secure.gravatar.com\/avatar\/b247286d4b801d6b1cfcfb3807587284?s=96&d=mm&r=g\",\"contentUrl\":\"https:\/\/secure.gravatar.com\/avatar\/b247286d4b801d6b1cfcfb3807587284?s=96&d=mm&r=g\",\"caption\":\"La Ruta de la Sal\"}}]}<\/script>\n<!-- \/ Yoast SEO plugin. -->","yoast_head_json":{"title":"Espectacular salida de la Version Norte de La Sal 2013, con toda la flota ci\u00f1endo rumbo a ibiza | Regata La Ruta de la Sal","robots":{"index":"noindex","follow":"follow","max-snippet":"max-snippet:-1","max-image-preview":"max-image-preview:large","max-video-preview":"max-video-preview:-1"},"og_locale":"es_ES","og_type":"article","og_title":"Espectacular salida de la Version Norte de La Sal 2013, con toda la flota ci\u00f1endo rumbo a ibiza | Regata La Ruta de la Sal","og_description":"26 Ruta de La Sal - Trofeo Pepe Ferres. Regata de Altura. 28 al 31 Marzo 2013. www.larutadelasal.com  - La 26 regata de altura de La Ruta de La Sal navega rumbo a Ibiza.  -Expectacular salida de la Version Norte de La Sal 2013, con toda la flota ci\u00f1endo rumbo a ibiza.  -.156 embarcaciones y m\u00e1s de 1.300 tripulantes inscritos en la 26 Regata de La Ruta de La Sal.  -.La flota en competici\u00f3n re\u00fane pabellones de 8 nacionalidades distintas y equipos procedentes de todos los litorales de la Pen\u00ednsula Ib\u00e9rica, as\u00ed como de las Islas Baleares y Canarias.","og_url":"https:\/\/labs.100x100.net\/projects\/rutasal\/1379\/","og_site_name":"Regata La Ruta de la Sal","article_publisher":"https:\/\/www.facebook.com\/rutadelasal\/","article_published_time":"2013-03-28T11:46:34+00:00","article_modified_time":"2019-03-14T09:58:46+00:00","og_image":[{"width":500,"height":350,"url":"https:\/\/labs.100x100.net\/projects\/rutasal\/custom\/uploads\/2013\/03\/8596755069_208ec4e3d6.jpg","type":"image\/jpeg"}],"author":"La Ruta de la Sal","twitter_card":"summary_large_image","twitter_creator":"@AnamMedi","twitter_site":"@AnamMedi","twitter_misc":{"Escrito por":"La Ruta de la Sal","Tiempo de lectura":"6 minutos"},"schema":{"@context":"https:\/\/schema.org","@graph":[{"@type":"WebPage","@id":"https:\/\/labs.100x100.net\/projects\/rutasal\/1379\/","url":"https:\/\/labs.100x100.net\/projects\/rutasal\/1379\/","name":"Espectacular salida de la Version Norte de La Sal 2013, con toda la flota ci\u00f1endo rumbo a ibiza | Regata La Ruta de la Sal","isPartOf":{"@id":"https:\/\/labs.100x100.net\/projects\/rutasal\/#website"},"primaryImageOfPage":{"@id":"https:\/\/labs.100x100.net\/projects\/rutasal\/1379\/#primaryimage"},"image":{"@id":"https:\/\/labs.100x100.net\/projects\/rutasal\/1379\/#primaryimage"},"thumbnailUrl":"https:\/\/labs.100x100.net\/projects\/rutasal\/custom\/uploads\/2013\/03\/8596755069_208ec4e3d6.jpg","datePublished":"2013-03-28T11:46:34+00:00","dateModified":"2019-03-14T09:58:46+00:00","author":{"@id":"https:\/\/labs.100x100.net\/projects\/rutasal\/#\/schema\/person\/214eeb4a2e78fd8373a0a94f6d93c9ca"},"breadcrumb":{"@id":"https:\/\/labs.100x100.net\/projects\/rutasal\/1379\/#breadcrumb"},"inLanguage":"es","potentialAction":[{"@type":"ReadAction","target":["https:\/\/labs.100x100.net\/projects\/rutasal\/1379\/"]}]},{"@type":"ImageObject","inLanguage":"es","@id":"https:\/\/labs.100x100.net\/projects\/rutasal\/1379\/#primaryimage","url":"https:\/\/labs.100x100.net\/projects\/rutasal\/custom\/uploads\/2013\/03\/8596755069_208ec4e3d6.jpg","contentUrl":"https:\/\/labs.100x100.net\/projects\/rutasal\/custom\/uploads\/2013\/03\/8596755069_208ec4e3d6.jpg","width":500,"height":350},{"@type":"BreadcrumbList","@id":"https:\/\/labs.100x100.net\/projects\/rutasal\/1379\/#breadcrumb","itemListElement":[{"@type":"ListItem","position":1,"name":"Portada","item":"https:\/\/labs.100x100.net\/projects\/rutasal\/"},{"@type":"ListItem","position":2,"name":"Espectacular salida de la Version Norte de La Sal 2013, con toda la flota ci\u00f1endo rumbo a ibiza"}]},{"@type":"WebSite","@id":"https:\/\/labs.100x100.net\/projects\/rutasal\/#website","url":"https:\/\/labs.100x100.net\/projects\/rutasal\/","name":"Regata La Ruta de la Sal","description":"Regata La Ruta de la Sal es una regata de Altura Mediterr\u00e1nea para barcos de crucero a vela con destino en Ibiza, que se disputa anualmente en Semana Santa.","potentialAction":[{"@type":"SearchAction","target":{"@type":"EntryPoint","urlTemplate":"https:\/\/labs.100x100.net\/projects\/rutasal\/?s={search_term_string}"},"query-input":"required name=search_term_string"}],"inLanguage":"es"},{"@type":"Person","@id":"https:\/\/labs.100x100.net\/projects\/rutasal\/#\/schema\/person\/214eeb4a2e78fd8373a0a94f6d93c9ca","name":"La Ruta de la Sal","image":{"@type":"ImageObject","inLanguage":"es","@id":"https:\/\/labs.100x100.net\/projects\/rutasal\/#\/schema\/person\/image\/","url":"https:\/\/secure.gravatar.com\/avatar\/b247286d4b801d6b1cfcfb3807587284?s=96&d=mm&r=g","contentUrl":"https:\/\/secure.gravatar.com\/avatar\/b247286d4b801d6b1cfcfb3807587284?s=96&d=mm&r=g","caption":"La Ruta de la Sal"}}]}},"_links":{"self":[{"href":"https:\/\/labs.100x100.net\/projects\/rutasal\/wp-json\/wp\/v2\/posts\/1379"}],"collection":[{"href":"https:\/\/labs.100x100.net\/projects\/rutasal\/wp-json\/wp\/v2\/posts"}],"about":[{"href":"https:\/\/labs.100x100.net\/projects\/rutasal\/wp-json\/wp\/v2\/types\/post"}],"author":[{"embeddable":true,"href":"https:\/\/labs.100x100.net\/projects\/rutasal\/wp-json\/wp\/v2\/users\/1"}],"replies":[{"embeddable":true,"href":"https:\/\/labs.100x100.net\/projects\/rutasal\/wp-json\/wp\/v2\/comments?post=1379"}],"version-history":[{"count":1,"href":"https:\/\/labs.100x100.net\/projects\/rutasal\/wp-json\/wp\/v2\/posts\/1379\/revisions"}],"predecessor-version":[{"id":3865,"href":"https:\/\/labs.100x100.net\/projects\/rutasal\/wp-json\/wp\/v2\/posts\/1379\/revisions\/3865"}],"wp:featuredmedia":[{"embeddable":true,"href":"https:\/\/labs.100x100.net\/projects\/rutasal\/wp-json\/wp\/v2\/media\/3864"}],"wp:attachment":[{"href":"https:\/\/labs.100x100.net\/projects\/rutasal\/wp-json\/wp\/v2\/media?parent=1379"}],"wp:term":[{"taxonomy":"category","embeddable":true,"href":"https:\/\/labs.100x100.net\/projects\/rutasal\/wp-json\/wp\/v2\/categories?post=1379"},{"taxonomy":"post_tag","embeddable":true,"href":"https:\/\/labs.100x100.net\/projects\/rutasal\/wp-json\/wp\/v2\/tags?post=1379"}],"curies":[{"name":"wp","href":"https:\/\/api.w.org\/{rel}","templated":true}]}}