{"id":1375,"date":"2013-03-27T11:53:53","date_gmt":"2013-03-27T09:53:53","guid":{"rendered":"https:\/\/larutadelasal.com\/?p=1375"},"modified":"2019-03-15T00:25:58","modified_gmt":"2019-03-14T22:25:58","slug":"avance-informativo","status":"publish","type":"post","link":"https:\/\/labs.100x100.net\/projects\/rutasal\/avance-informativo\/","title":{"rendered":"Avance informativo"},"content":{"rendered":"<p style=\"text-align: justify;\"><strong>26 \u00a0Ruta de La Sal &#8211; Trofeo Pepe Ferres.<\/strong><\/p>\n<p><strong>Regata de Altura.<\/strong><\/p>\n<p><strong>28 al 31 Marzo 2013.<\/strong><\/p>\n<p><strong>www.larutadelasal.com<\/strong><\/p>\n<p style=\"text-align: justify;\"><strong>&#8211; El Jueves Santo se dar\u00e1 la salida a la 26 Regata de la Ruta de la Sal-Trofeo Pepe Ferres.<\/strong><\/p>\n<p style=\"text-align: justify;\"><strong>-156 embarcaciones inscritas en la que ser\u00e1, en esta temporada, la regata de altura con m\u00e1s participantes de todo el Mediterr\u00e1neo.<\/strong><\/p>\n<p style=\"text-align: justify;\"><strong>-. Los ganadores de la pasada edici\u00f3n, Manuel Guasch &#8211; Fortuna 9, \u201cAivis\u201d- y \u00a0Ram\u00f3n Balanzat- Fortuna 9 \u00a0\u201cPosidonia Uno\u201d &#8211; ambos del CN de Ibiza, tendr\u00e1n que defender sus t\u00edtulos ante una flota de un alt\u00edsimo nivel deportivo.<\/strong><\/p>\n<p style=\"text-align: justify;\"><strong>&#8211; La meteorolog\u00eda avanza una regata, r\u00e1pida y con muchas opciones t\u00e1cticas.<\/strong><\/p>\n<p style=\"text-align: justify;\">Pasado ma\u00f1ana , Jueves 28 de Marzo del 2013, jueves Santo, se dar\u00e1n las salidas, desde Port Ginesta \u2013 Barcelona- \u00a0y Denia con destino a Sant Antoni de Portmany \u2013Ibiza- de la 26 edici\u00f3n de la regata de La Ruta de La Sal \u2013 Trofeo Pepe Ferres.<\/p>\n<p style=\"text-align: justify;\">En principio, salvando las excepciones de una \u00e9poca del a\u00f1o tan poco previsible meteorol\u00f3gicamente hablando, los partes avanzan unas condiciones buenas para la navegaci\u00f3n, bajo unos escenarios generales de cierta inestabilidad en los que se adelanta en el Mar Balear un predominio, bastante marcado, de vientos del S &#8211; SO \u2013 ocasionalmente del O .- con intensidades que durante el Jueves 28 oscilaran entre fuerza 2\/4, mientras que el Viernes 19 el viento, que se mantendr\u00e1 del mismo cuadrante, subir\u00e1 hasta fuerza 4-5 con puntas de 6.<\/p>\n<p style=\"text-align: justify;\"><strong>La largada \u00a0de la Versi\u00f3n Norte, con 69 barcos en competici\u00f3n, se realizara con vientos de SE d\u00e9 fuerza 2, que ir\u00e1n rolando a lo largo del d\u00eda hacia S con intensidades que alcanzaran la fuerza 4, entrando, a partir de la madrugada del Viernes 29, vientos del SO que ir\u00e1n arreciando.<\/strong><\/p>\n<p style=\"text-align: justify;\"><strong>En Denia, Versi\u00f3n Este, con 86 equipos inscritos, la flota cruzara la l\u00ednea de salida, seg\u00fan las previsiones, con vientos del O de fuerza 3-4 algo racheados, que ir\u00e1n rolando hacia el SO, mientras que su intensidad s\u00e9 ira moderando a lo largo de la jornada con promedios de Fuerza 2-3. \u00a0Para ambas salidas el estado de la mar ser\u00e1 bastante variable, aunque predominaran las \u00e1reas de marejadilla con tendencia a marejada.<\/strong><\/p>\n<p style=\"text-align: justify;\"><strong>En Sant Antoni de Portmany, a partir de primeras horas de la madrugada del Viernes 29, se esperan vientos del SO de fuerza 4 que se podr\u00edan mantener durante todo el d\u00eda, con una marcada tendencia a ir aumentando en intensidad a partir del mediod\u00eda, para \u00a0ya a partir de \u00faltimas horas de la tarde, alcanzar puntas que podr\u00edan rozar la fuerza 6. El s\u00e1bado 30 de Marzo se esperan vientos del O de fuerza 6-7. Escenario que se puede hacer extensivo a todo el Mar Balear.<\/strong><\/p>\n<p style=\"text-align: justify;\">Unas condiciones \u00a0que, gen\u00e9ticamente avanzan para la Versi\u00f3n Norte una traves\u00eda hasta Ibiza con vientos dominantes de proa. Una ce\u00f1ida mas o menos cerrada. Practicante una navegaci\u00f3n muy t\u00e1ctica, abierta a diferentes estrategias de navegaci\u00f3n, &#8211; derrota por el Golfo de Sant Jordi o, por el contrario \u00a0hacia la costa Norte de Mallorca?&#8230;.- que, seg\u00fan el caso podr\u00edan marcas importantes diferencias de tiempos en la llegada. Para la flota de Denia con vientos mucho m\u00e1s abiertos y de buena intensidad, en principio se dibuja de una regata mucho m\u00e1s r\u00e1pida. Si bien la entrada hasta Sant Antoni de Portmany por la costa norte de Ibiza, tendr\u00e1 su peso, bajo un punto de vista t\u00e1ctico.<\/p>\n<p style=\"text-align: justify;\">La llegada de los participantes a Ibiza esta prevista a partir de la madrugada del viernes 29 de Marzo y, normalmente se alargara, hasta la madrugada del S\u00e1bado 30.<\/p>\n<p style=\"text-align: justify;\"><strong>Destacar que el record de velocidad de la traves\u00eda de la Versi\u00f3n Este esta fijado en 13h. , 10m. , 15s. , establecido por el Swam 80 \u201cPlis-Play\u201d de Vicente Garc\u00eda en la edici\u00f3n del 2012 de La Sal. El de la Versi\u00f3n Norte en las extraordinarias 13h. , 18m., 54s. que registro el velero alem\u00e1n \u201cCaro\u201d un \u00a0Vrolijk 50 de Maximilian Klink en la regata de 2011. Ambos equipos participaran, como claros favoritos, en la cita de este a\u00f1o. Asi como los ganadores de la pasada edici\u00f3n, Manuel Guasch &#8211; Fortuna 9, \u201cAivis\u201d- y \u00a0Ram\u00f3n Balanzat- Fortuna 9 \u00a0\u201cPosidonia Uno\u201d &#8211; ambos del CN de Ibiza, que, en general tendr\u00e1n que defender sus t\u00edtulos ante una flota de un alt\u00edsimo nivel deportivo, en la que existen participantes que \u00a0acumulan un total de 20 victorias absolutas \u00a0en diferentes ediciones de esta gran regata.<\/strong><\/p>\n<p style=\"text-align: justify;\"><strong>La salida de la Versi\u00f3n Este esta prevista para las 14:00 h del pr\u00f3ximo Jueves 28 de Marzo \u00a0desde el RC N\u00e1utico de Denia con destino a Cab Negret en Sant Antoni de Portmany. Una singladura de 120 millas que implicara tomar Formentera por babor, la Isla de Tagomago y, navegar por la costa norte de Ibiza hasta Sant Antoni.<\/strong><\/p>\n<p style=\"text-align: justify;\"><strong>La Versi\u00f3n Norte de La Sal \u00a0zarpara el jueves 28 de Marzo \u00a0del 2013 a las 10:00 h desde el CM. Port Ginesta \u2013 Barcelona.-, \u00a0compitiendo sobre un recorrido de 140 millas con rumbo directo hasta el CN. Sant Antoni de Portmany en Ibiza.<\/strong><\/p>\n<p style=\"text-align: justify;\">Por tercer a\u00f1o consecutivo en esta \u00a026 edici\u00f3n de la Ruta de La Sal del se pondr\u00e1 en desafi\u00f3 \u00a0el Trofeo Pepe Ferres \u00a0que ser\u00e1 adjudicado a los vencedores absolutos de ambas Versiones de la regata. Un premio destinado a convertirse en una menci\u00f3n muy especial dentro del \u00e1mbito de la vela mediterr\u00e1nea de altura, siendo un recuerdo muy singular y emotivo del fundador de la Ruta de La Sal. Pepe Ferres. Para muchos, uno de los promotores de la navegaci\u00f3n de altura en el Mediterr\u00e1neo m\u00e1s emblem\u00e1ticos y exitosos de las \u00faltimas d\u00e9cadas.<\/p>\n<p style=\"text-align: justify;\">Finalmente indicar que la \u00a0pagina web de La Ruta Ruta de La Sal &#8211; www.larutadelasal.com ofrece un servicio integral de asistencia a todos los interesados en La Sal, sea deportistas, t\u00e9cnicos o profesionales de la comunicaci\u00f3n. Una herramienta que, permite, entre otras muchas posibilidades &#8211; tramite de inscripciones, gesti\u00f3n de resultados, etc., etc.- realizar un seguimiento de la evoluci\u00f3n deportiva de La Ruta de La Sal pr\u00e1cticamente a tiempo real, con acceso a im\u00e1genes y videos en alta definici\u00f3n, abriendo las posibilidades medi\u00e1ticas de la Ruta de La Sal de una manera muy significativa.<\/p>\n<div id=\"_mcePaste\" style=\"text-align: justify;\"><strong>La XXVI regata de altura de La Ruta de la Sal cuenta con la colaboraci\u00f3n del Consell \u00a0d\u2019Eivissa, \u00a0la Consellerie \u00a0de Turisme del Govern de les Illes Balears, el Ajuntament de Sant Antoni de Portmany, la Estaci\u00f3 N\u00e1utica de Sant Antoni y Sant Josep, as\u00ed como de los Ayuntamientos de Denia y Sitges<\/strong><\/div>\n<div id=\"_mcePaste\" style=\"text-align: justify;\"><strong>Esta organizada, por ANAM, Associaci\u00f3 de Navegants d\u2019Altura Mediterranis, en estrecha colaboraci\u00f3n con el CM Port Ginesta, RC N\u00e1utico Denia, CN Sant Antoni de Portmany de Ibiza y la RANC, con el soporte de Ports de Balears, Sociedad Estatal de Salvamento y Seguridad Mar\u00edtima, Guardia Civil del Mar y el apoyo de la Federaci\u00f3 Catalana de Vela, Federaci\u00f3n de Vela de la Comunidad Valenciana y la Federaci\u00f3 Balear de Vela<\/strong>.<\/div>\n<p style=\"text-align: justify;\">\n","protected":false},"excerpt":{"rendered":"<p>26 \u00a0Ruta de La Sal &#8211; Trofeo Pepe Ferres. Regata de Altura. 28 al 31 Marzo 2013. www.larutadelasal.com &#8211; El Jueves Santo se dar\u00e1 la salida a la 26 Regata de la Ruta de la Sal-Trofeo Pepe Ferres. -156 embarcaciones inscritas en la que ser\u00e1, en esta temporada, la regata de altura con m\u00e1s participantes [&hellip;]<\/p>\n","protected":false},"author":1,"featured_media":3766,"comment_status":"open","ping_status":"open","sticky":false,"template":"","format":"standard","meta":{"_acf_changed":false,"footnotes":""},"categories":[3],"tags":[],"acf":[],"yoast_head":"<!-- This site is optimized with the Yoast SEO plugin v23.0 - https:\/\/yoast.com\/wordpress\/plugins\/seo\/ -->\n<title>Avance informativo | Regata La Ruta de la Sal<\/title>\n<meta name=\"robots\" content=\"noindex, follow, max-snippet:-1, max-image-preview:large, max-video-preview:-1\" \/>\n<meta property=\"og:locale\" content=\"es_ES\" \/>\n<meta property=\"og:type\" content=\"article\" \/>\n<meta property=\"og:title\" content=\"Avance informativo | Regata La Ruta de la Sal\" \/>\n<meta property=\"og:description\" content=\"26 \u00a0Ruta de La Sal &#8211; Trofeo Pepe Ferres. Regata de Altura. 28 al 31 Marzo 2013. www.larutadelasal.com &#8211; El Jueves Santo se dar\u00e1 la salida a la 26 Regata de la Ruta de la Sal-Trofeo Pepe Ferres. -156 embarcaciones inscritas en la que ser\u00e1, en esta temporada, la regata de altura con m\u00e1s participantes [&hellip;]\" \/>\n<meta property=\"og:url\" content=\"https:\/\/labs.100x100.net\/projects\/rutasal\/avance-informativo\/\" \/>\n<meta property=\"og:site_name\" content=\"Regata La Ruta de la Sal\" \/>\n<meta property=\"article:publisher\" content=\"https:\/\/www.facebook.com\/rutadelasal\/\" \/>\n<meta property=\"article:published_time\" content=\"2013-03-27T09:53:53+00:00\" \/>\n<meta property=\"article:modified_time\" content=\"2019-03-14T22:25:58+00:00\" \/>\n<meta property=\"og:image\" content=\"https:\/\/labs.100x100.net\/projects\/rutasal\/custom\/uploads\/2016\/03\/ruta-de-la-sal-2016.png\" \/>\n\t<meta property=\"og:image:width\" content=\"640\" \/>\n\t<meta property=\"og:image:height\" content=\"429\" \/>\n\t<meta property=\"og:image:type\" content=\"image\/png\" \/>\n<meta name=\"author\" content=\"La Ruta de la Sal\" \/>\n<meta name=\"twitter:card\" content=\"summary_large_image\" \/>\n<meta name=\"twitter:creator\" content=\"@AnamMedi\" \/>\n<meta name=\"twitter:site\" content=\"@AnamMedi\" \/>\n<meta name=\"twitter:label1\" content=\"Escrito por\" \/>\n\t<meta name=\"twitter:data1\" content=\"La Ruta de la Sal\" \/>\n\t<meta name=\"twitter:label2\" content=\"Tiempo de lectura\" \/>\n\t<meta name=\"twitter:data2\" content=\"6 minutos\" \/>\n<script type=\"application\/ld+json\" class=\"yoast-schema-graph\">{\"@context\":\"https:\/\/schema.org\",\"@graph\":[{\"@type\":\"WebPage\",\"@id\":\"https:\/\/labs.100x100.net\/projects\/rutasal\/avance-informativo\/\",\"url\":\"https:\/\/labs.100x100.net\/projects\/rutasal\/avance-informativo\/\",\"name\":\"Avance informativo | Regata La Ruta de la Sal\",\"isPartOf\":{\"@id\":\"https:\/\/labs.100x100.net\/projects\/rutasal\/#website\"},\"primaryImageOfPage\":{\"@id\":\"https:\/\/labs.100x100.net\/projects\/rutasal\/avance-informativo\/#primaryimage\"},\"image\":{\"@id\":\"https:\/\/labs.100x100.net\/projects\/rutasal\/avance-informativo\/#primaryimage\"},\"thumbnailUrl\":\"https:\/\/labs.100x100.net\/projects\/rutasal\/custom\/uploads\/2016\/03\/ruta-de-la-sal-2016.png\",\"datePublished\":\"2013-03-27T09:53:53+00:00\",\"dateModified\":\"2019-03-14T22:25:58+00:00\",\"author\":{\"@id\":\"https:\/\/labs.100x100.net\/projects\/rutasal\/#\/schema\/person\/214eeb4a2e78fd8373a0a94f6d93c9ca\"},\"breadcrumb\":{\"@id\":\"https:\/\/labs.100x100.net\/projects\/rutasal\/avance-informativo\/#breadcrumb\"},\"inLanguage\":\"es\",\"potentialAction\":[{\"@type\":\"ReadAction\",\"target\":[\"https:\/\/labs.100x100.net\/projects\/rutasal\/avance-informativo\/\"]}]},{\"@type\":\"ImageObject\",\"inLanguage\":\"es\",\"@id\":\"https:\/\/labs.100x100.net\/projects\/rutasal\/avance-informativo\/#primaryimage\",\"url\":\"https:\/\/labs.100x100.net\/projects\/rutasal\/custom\/uploads\/2016\/03\/ruta-de-la-sal-2016.png\",\"contentUrl\":\"https:\/\/labs.100x100.net\/projects\/rutasal\/custom\/uploads\/2016\/03\/ruta-de-la-sal-2016.png\",\"width\":640,\"height\":429},{\"@type\":\"BreadcrumbList\",\"@id\":\"https:\/\/labs.100x100.net\/projects\/rutasal\/avance-informativo\/#breadcrumb\",\"itemListElement\":[{\"@type\":\"ListItem\",\"position\":1,\"name\":\"Portada\",\"item\":\"https:\/\/labs.100x100.net\/projects\/rutasal\/\"},{\"@type\":\"ListItem\",\"position\":2,\"name\":\"Avance informativo\"}]},{\"@type\":\"WebSite\",\"@id\":\"https:\/\/labs.100x100.net\/projects\/rutasal\/#website\",\"url\":\"https:\/\/labs.100x100.net\/projects\/rutasal\/\",\"name\":\"Regata La Ruta de la Sal\",\"description\":\"Regata La Ruta de la Sal es una regata de Altura Mediterr\u00e1nea para barcos de crucero a vela con destino en Ibiza, que se disputa anualmente en Semana Santa.\",\"potentialAction\":[{\"@type\":\"SearchAction\",\"target\":{\"@type\":\"EntryPoint\",\"urlTemplate\":\"https:\/\/labs.100x100.net\/projects\/rutasal\/?s={search_term_string}\"},\"query-input\":\"required name=search_term_string\"}],\"inLanguage\":\"es\"},{\"@type\":\"Person\",\"@id\":\"https:\/\/labs.100x100.net\/projects\/rutasal\/#\/schema\/person\/214eeb4a2e78fd8373a0a94f6d93c9ca\",\"name\":\"La Ruta de la Sal\",\"image\":{\"@type\":\"ImageObject\",\"inLanguage\":\"es\",\"@id\":\"https:\/\/labs.100x100.net\/projects\/rutasal\/#\/schema\/person\/image\/\",\"url\":\"https:\/\/secure.gravatar.com\/avatar\/b247286d4b801d6b1cfcfb3807587284?s=96&d=mm&r=g\",\"contentUrl\":\"https:\/\/secure.gravatar.com\/avatar\/b247286d4b801d6b1cfcfb3807587284?s=96&d=mm&r=g\",\"caption\":\"La Ruta de la Sal\"}}]}<\/script>\n<!-- \/ Yoast SEO plugin. -->","yoast_head_json":{"title":"Avance informativo | Regata La Ruta de la Sal","robots":{"index":"noindex","follow":"follow","max-snippet":"max-snippet:-1","max-image-preview":"max-image-preview:large","max-video-preview":"max-video-preview:-1"},"og_locale":"es_ES","og_type":"article","og_title":"Avance informativo | Regata La Ruta de la Sal","og_description":"26 \u00a0Ruta de La Sal &#8211; Trofeo Pepe Ferres. Regata de Altura. 28 al 31 Marzo 2013. www.larutadelasal.com &#8211; El Jueves Santo se dar\u00e1 la salida a la 26 Regata de la Ruta de la Sal-Trofeo Pepe Ferres. -156 embarcaciones inscritas en la que ser\u00e1, en esta temporada, la regata de altura con m\u00e1s participantes [&hellip;]","og_url":"https:\/\/labs.100x100.net\/projects\/rutasal\/avance-informativo\/","og_site_name":"Regata La Ruta de la Sal","article_publisher":"https:\/\/www.facebook.com\/rutadelasal\/","article_published_time":"2013-03-27T09:53:53+00:00","article_modified_time":"2019-03-14T22:25:58+00:00","og_image":[{"width":640,"height":429,"url":"https:\/\/labs.100x100.net\/projects\/rutasal\/custom\/uploads\/2016\/03\/ruta-de-la-sal-2016.png","type":"image\/png"}],"author":"La Ruta de la Sal","twitter_card":"summary_large_image","twitter_creator":"@AnamMedi","twitter_site":"@AnamMedi","twitter_misc":{"Escrito por":"La Ruta de la Sal","Tiempo de lectura":"6 minutos"},"schema":{"@context":"https:\/\/schema.org","@graph":[{"@type":"WebPage","@id":"https:\/\/labs.100x100.net\/projects\/rutasal\/avance-informativo\/","url":"https:\/\/labs.100x100.net\/projects\/rutasal\/avance-informativo\/","name":"Avance informativo | Regata La Ruta de la Sal","isPartOf":{"@id":"https:\/\/labs.100x100.net\/projects\/rutasal\/#website"},"primaryImageOfPage":{"@id":"https:\/\/labs.100x100.net\/projects\/rutasal\/avance-informativo\/#primaryimage"},"image":{"@id":"https:\/\/labs.100x100.net\/projects\/rutasal\/avance-informativo\/#primaryimage"},"thumbnailUrl":"https:\/\/labs.100x100.net\/projects\/rutasal\/custom\/uploads\/2016\/03\/ruta-de-la-sal-2016.png","datePublished":"2013-03-27T09:53:53+00:00","dateModified":"2019-03-14T22:25:58+00:00","author":{"@id":"https:\/\/labs.100x100.net\/projects\/rutasal\/#\/schema\/person\/214eeb4a2e78fd8373a0a94f6d93c9ca"},"breadcrumb":{"@id":"https:\/\/labs.100x100.net\/projects\/rutasal\/avance-informativo\/#breadcrumb"},"inLanguage":"es","potentialAction":[{"@type":"ReadAction","target":["https:\/\/labs.100x100.net\/projects\/rutasal\/avance-informativo\/"]}]},{"@type":"ImageObject","inLanguage":"es","@id":"https:\/\/labs.100x100.net\/projects\/rutasal\/avance-informativo\/#primaryimage","url":"https:\/\/labs.100x100.net\/projects\/rutasal\/custom\/uploads\/2016\/03\/ruta-de-la-sal-2016.png","contentUrl":"https:\/\/labs.100x100.net\/projects\/rutasal\/custom\/uploads\/2016\/03\/ruta-de-la-sal-2016.png","width":640,"height":429},{"@type":"BreadcrumbList","@id":"https:\/\/labs.100x100.net\/projects\/rutasal\/avance-informativo\/#breadcrumb","itemListElement":[{"@type":"ListItem","position":1,"name":"Portada","item":"https:\/\/labs.100x100.net\/projects\/rutasal\/"},{"@type":"ListItem","position":2,"name":"Avance informativo"}]},{"@type":"WebSite","@id":"https:\/\/labs.100x100.net\/projects\/rutasal\/#website","url":"https:\/\/labs.100x100.net\/projects\/rutasal\/","name":"Regata La Ruta de la Sal","description":"Regata La Ruta de la Sal es una regata de Altura Mediterr\u00e1nea para barcos de crucero a vela con destino en Ibiza, que se disputa anualmente en Semana Santa.","potentialAction":[{"@type":"SearchAction","target":{"@type":"EntryPoint","urlTemplate":"https:\/\/labs.100x100.net\/projects\/rutasal\/?s={search_term_string}"},"query-input":"required name=search_term_string"}],"inLanguage":"es"},{"@type":"Person","@id":"https:\/\/labs.100x100.net\/projects\/rutasal\/#\/schema\/person\/214eeb4a2e78fd8373a0a94f6d93c9ca","name":"La Ruta de la Sal","image":{"@type":"ImageObject","inLanguage":"es","@id":"https:\/\/labs.100x100.net\/projects\/rutasal\/#\/schema\/person\/image\/","url":"https:\/\/secure.gravatar.com\/avatar\/b247286d4b801d6b1cfcfb3807587284?s=96&d=mm&r=g","contentUrl":"https:\/\/secure.gravatar.com\/avatar\/b247286d4b801d6b1cfcfb3807587284?s=96&d=mm&r=g","caption":"La Ruta de la Sal"}}]}},"_links":{"self":[{"href":"https:\/\/labs.100x100.net\/projects\/rutasal\/wp-json\/wp\/v2\/posts\/1375"}],"collection":[{"href":"https:\/\/labs.100x100.net\/projects\/rutasal\/wp-json\/wp\/v2\/posts"}],"about":[{"href":"https:\/\/labs.100x100.net\/projects\/rutasal\/wp-json\/wp\/v2\/types\/post"}],"author":[{"embeddable":true,"href":"https:\/\/labs.100x100.net\/projects\/rutasal\/wp-json\/wp\/v2\/users\/1"}],"replies":[{"embeddable":true,"href":"https:\/\/labs.100x100.net\/projects\/rutasal\/wp-json\/wp\/v2\/comments?post=1375"}],"version-history":[{"count":1,"href":"https:\/\/labs.100x100.net\/projects\/rutasal\/wp-json\/wp\/v2\/posts\/1375\/revisions"}],"predecessor-version":[{"id":3853,"href":"https:\/\/labs.100x100.net\/projects\/rutasal\/wp-json\/wp\/v2\/posts\/1375\/revisions\/3853"}],"wp:featuredmedia":[{"embeddable":true,"href":"https:\/\/labs.100x100.net\/projects\/rutasal\/wp-json\/wp\/v2\/media\/3766"}],"wp:attachment":[{"href":"https:\/\/labs.100x100.net\/projects\/rutasal\/wp-json\/wp\/v2\/media?parent=1375"}],"wp:term":[{"taxonomy":"category","embeddable":true,"href":"https:\/\/labs.100x100.net\/projects\/rutasal\/wp-json\/wp\/v2\/categories?post=1375"},{"taxonomy":"post_tag","embeddable":true,"href":"https:\/\/labs.100x100.net\/projects\/rutasal\/wp-json\/wp\/v2\/tags?post=1375"}],"curies":[{"name":"wp","href":"https:\/\/api.w.org\/{rel}","templated":true}]}}