{"id":1358,"date":"2013-04-03T13:23:22","date_gmt":"2013-04-03T13:23:22","guid":{"rendered":"https:\/\/larutadelasal.com\/?p=1358"},"modified":"2019-03-14T11:54:37","modified_gmt":"2019-03-14T09:54:37","slug":"la-ruta-de-la-sal-y-la-regata-del-delta","status":"publish","type":"post","link":"https:\/\/labs.100x100.net\/projects\/rutasal\/la-ruta-de-la-sal-y-la-regata-del-delta\/","title":{"rendered":"La Ruta de la Sal y la Regata del Delta"},"content":{"rendered":"<p style=\"text-align: justify;\">Todos los participantes de La Ruta de la Sal que quieran participar en la Regata Costera del Delta del Ebro, dispondr\u00e1n de <strong>derecho de amarre gratuito<\/strong> en <strong>CM Port Ginesta<\/strong> desde su regreso de La Ruta de la Sal, lunes 1 de abril hasta el 26 de abril, d\u00eda de la salida de la Regata del Delta. Y en <strong>Sant Carles Marin<\/strong>a desde el d\u00eda de la llegada hasta el domingo 12 de mayo y condiciones especiales para los participantes hasta finales de junio de 2013.<\/p>\n<p style=\"text-align: justify;\"><strong>La Regata del Delta<\/strong> naci\u00f3 en el 2009, con salida de Port Ginesta a Sant Carlos Marina.<br \/>\n<strong>En Sant Carlos Marina se dispondr\u00e1 de amarre gratuito hasta el d\u00eda 12 de mayo,<\/strong> para conocer las instalaciones y disfrutar de los muchos atractivos que nos ofrece el Delta del Ebro.<\/p>\n<p style=\"text-align: justify;\"><strong>La Regata del Delt<\/strong>a, es una regata costera, lo que quiere decir que a nivel legal SE EXIGE CERTIFICADO DE NAVEGACI\u00d3N PARA ZONA 4 (SIN BALSA SALVAVIDAS Y SIN RADIOBALIZA)<\/p>\n<h1 style=\"text-align: center;\">CIRCUITO DE REGATAS ANAM<\/h1>\n<p style=\"text-align: justify;\">Para el primer barco que quede vencedor del circuito ANAM:<br \/>\n<strong>AUSMAR<\/strong> le ofrece un vale de descuento por importe de 500\u20ac para la compra de material de seguridad en AUSMAR. www.ausmar.com<\/p>\n<p style=\"text-align: justify;\">Para el segundo barco clasificado:<br \/>\n<strong>ORIGIN MARINE<\/strong> le har\u00e1 entrega de un ancla ROCNA de 25Kg.<\/p>\n<p style=\"text-align: justify;\">Para el tercer clasificado:<br \/>\n<strong>EQUIPYACHT<\/strong> har\u00e1 entrega de un bono para cabulleria valorado en 200\u20ac.<br \/>\n<strong>Esta Entrega de Premios del Circuito ANAM de Regatas, tendr\u00e1 lugar pr\u00f3ximamente en el Sal\u00f3n N\u00e1utico Internacional de Barcelona<\/strong>.<\/p>\n","protected":false},"excerpt":{"rendered":"<p>Todos los participantes de La Ruta de la Sal que quieran participar en la Regata Costera del Delta del Ebro, dispondr\u00e1n de derecho de amarre gratuito en CM Port Ginesta desde su regreso de La Ruta de la Sal, lunes 1 de abril hasta el 26 de abril, d\u00eda de la salida de la Regata del Delta. Y en Sant Carles Marina desde el d\u00eda de la llegada hasta el domingo 12 de mayo y condiciones especiales para los participantes hasta finales de junio de 2013.<\/p>\n","protected":false},"author":1,"featured_media":3589,"comment_status":"open","ping_status":"open","sticky":false,"template":"","format":"standard","meta":{"_acf_changed":false,"footnotes":""},"categories":[3],"tags":[],"acf":[],"yoast_head":"<!-- This site is optimized with the Yoast SEO plugin v23.0 - https:\/\/yoast.com\/wordpress\/plugins\/seo\/ -->\n<title>La Ruta de la Sal y la Regata del Delta | Regata La Ruta de la Sal<\/title>\n<meta name=\"robots\" content=\"noindex, follow, max-snippet:-1, max-image-preview:large, max-video-preview:-1\" \/>\n<meta property=\"og:locale\" content=\"es_ES\" \/>\n<meta property=\"og:type\" content=\"article\" \/>\n<meta property=\"og:title\" content=\"La Ruta de la Sal y la Regata del Delta | Regata La Ruta de la Sal\" \/>\n<meta property=\"og:description\" content=\"Todos los participantes de La Ruta de la Sal que quieran participar en la Regata Costera del Delta del Ebro, dispondr\u00e1n de derecho de amarre gratuito en CM Port Ginesta desde su regreso de La Ruta de la Sal, lunes 1 de abril hasta el 26 de abril, d\u00eda de la salida de la Regata del Delta. Y en Sant Carles Marina desde el d\u00eda de la llegada hasta el domingo 12 de mayo y condiciones especiales para los participantes hasta finales de junio de 2013.\" \/>\n<meta property=\"og:url\" content=\"https:\/\/labs.100x100.net\/projects\/rutasal\/la-ruta-de-la-sal-y-la-regata-del-delta\/\" \/>\n<meta property=\"og:site_name\" content=\"Regata La Ruta de la Sal\" \/>\n<meta property=\"article:publisher\" content=\"https:\/\/www.facebook.com\/rutadelasal\/\" \/>\n<meta property=\"article:published_time\" content=\"2013-04-03T13:23:22+00:00\" \/>\n<meta property=\"article:modified_time\" content=\"2019-03-14T09:54:37+00:00\" \/>\n<meta property=\"og:image\" content=\"https:\/\/labs.100x100.net\/projects\/rutasal\/custom\/uploads\/2018\/04\/40579834504_20dea224ec_n.jpg\" \/>\n\t<meta property=\"og:image:width\" content=\"320\" \/>\n\t<meta property=\"og:image:height\" content=\"213\" \/>\n\t<meta property=\"og:image:type\" content=\"image\/jpeg\" \/>\n<meta name=\"author\" content=\"La Ruta de la Sal\" \/>\n<meta name=\"twitter:card\" content=\"summary_large_image\" \/>\n<meta name=\"twitter:creator\" content=\"@AnamMedi\" \/>\n<meta name=\"twitter:site\" content=\"@AnamMedi\" \/>\n<meta name=\"twitter:label1\" content=\"Escrito por\" \/>\n\t<meta name=\"twitter:data1\" content=\"La Ruta de la Sal\" \/>\n\t<meta name=\"twitter:label2\" content=\"Tiempo de lectura\" \/>\n\t<meta name=\"twitter:data2\" content=\"1 minuto\" \/>\n<script type=\"application\/ld+json\" class=\"yoast-schema-graph\">{\"@context\":\"https:\/\/schema.org\",\"@graph\":[{\"@type\":\"WebPage\",\"@id\":\"https:\/\/labs.100x100.net\/projects\/rutasal\/la-ruta-de-la-sal-y-la-regata-del-delta\/\",\"url\":\"https:\/\/labs.100x100.net\/projects\/rutasal\/la-ruta-de-la-sal-y-la-regata-del-delta\/\",\"name\":\"La Ruta de la Sal y la Regata del Delta | Regata La Ruta de la Sal\",\"isPartOf\":{\"@id\":\"https:\/\/labs.100x100.net\/projects\/rutasal\/#website\"},\"primaryImageOfPage\":{\"@id\":\"https:\/\/labs.100x100.net\/projects\/rutasal\/la-ruta-de-la-sal-y-la-regata-del-delta\/#primaryimage\"},\"image\":{\"@id\":\"https:\/\/labs.100x100.net\/projects\/rutasal\/la-ruta-de-la-sal-y-la-regata-del-delta\/#primaryimage\"},\"thumbnailUrl\":\"https:\/\/labs.100x100.net\/projects\/rutasal\/custom\/uploads\/2018\/04\/40579834504_20dea224ec_n.jpg\",\"datePublished\":\"2013-04-03T13:23:22+00:00\",\"dateModified\":\"2019-03-14T09:54:37+00:00\",\"author\":{\"@id\":\"https:\/\/labs.100x100.net\/projects\/rutasal\/#\/schema\/person\/214eeb4a2e78fd8373a0a94f6d93c9ca\"},\"breadcrumb\":{\"@id\":\"https:\/\/labs.100x100.net\/projects\/rutasal\/la-ruta-de-la-sal-y-la-regata-del-delta\/#breadcrumb\"},\"inLanguage\":\"es\",\"potentialAction\":[{\"@type\":\"ReadAction\",\"target\":[\"https:\/\/labs.100x100.net\/projects\/rutasal\/la-ruta-de-la-sal-y-la-regata-del-delta\/\"]}]},{\"@type\":\"ImageObject\",\"inLanguage\":\"es\",\"@id\":\"https:\/\/labs.100x100.net\/projects\/rutasal\/la-ruta-de-la-sal-y-la-regata-del-delta\/#primaryimage\",\"url\":\"https:\/\/labs.100x100.net\/projects\/rutasal\/custom\/uploads\/2018\/04\/40579834504_20dea224ec_n.jpg\",\"contentUrl\":\"https:\/\/labs.100x100.net\/projects\/rutasal\/custom\/uploads\/2018\/04\/40579834504_20dea224ec_n.jpg\",\"width\":320,\"height\":213},{\"@type\":\"BreadcrumbList\",\"@id\":\"https:\/\/labs.100x100.net\/projects\/rutasal\/la-ruta-de-la-sal-y-la-regata-del-delta\/#breadcrumb\",\"itemListElement\":[{\"@type\":\"ListItem\",\"position\":1,\"name\":\"Portada\",\"item\":\"https:\/\/labs.100x100.net\/projects\/rutasal\/\"},{\"@type\":\"ListItem\",\"position\":2,\"name\":\"La Ruta de la Sal y la Regata del Delta\"}]},{\"@type\":\"WebSite\",\"@id\":\"https:\/\/labs.100x100.net\/projects\/rutasal\/#website\",\"url\":\"https:\/\/labs.100x100.net\/projects\/rutasal\/\",\"name\":\"Regata La Ruta de la Sal\",\"description\":\"Regata La Ruta de la Sal es una regata de Altura Mediterr\u00e1nea para barcos de crucero a vela con destino en Ibiza, que se disputa anualmente en Semana Santa.\",\"potentialAction\":[{\"@type\":\"SearchAction\",\"target\":{\"@type\":\"EntryPoint\",\"urlTemplate\":\"https:\/\/labs.100x100.net\/projects\/rutasal\/?s={search_term_string}\"},\"query-input\":\"required name=search_term_string\"}],\"inLanguage\":\"es\"},{\"@type\":\"Person\",\"@id\":\"https:\/\/labs.100x100.net\/projects\/rutasal\/#\/schema\/person\/214eeb4a2e78fd8373a0a94f6d93c9ca\",\"name\":\"La Ruta de la Sal\",\"image\":{\"@type\":\"ImageObject\",\"inLanguage\":\"es\",\"@id\":\"https:\/\/labs.100x100.net\/projects\/rutasal\/#\/schema\/person\/image\/\",\"url\":\"https:\/\/secure.gravatar.com\/avatar\/b247286d4b801d6b1cfcfb3807587284?s=96&d=mm&r=g\",\"contentUrl\":\"https:\/\/secure.gravatar.com\/avatar\/b247286d4b801d6b1cfcfb3807587284?s=96&d=mm&r=g\",\"caption\":\"La Ruta de la Sal\"}}]}<\/script>\n<!-- \/ Yoast SEO plugin. -->","yoast_head_json":{"title":"La Ruta de la Sal y la Regata del Delta | Regata La Ruta de la Sal","robots":{"index":"noindex","follow":"follow","max-snippet":"max-snippet:-1","max-image-preview":"max-image-preview:large","max-video-preview":"max-video-preview:-1"},"og_locale":"es_ES","og_type":"article","og_title":"La Ruta de la Sal y la Regata del Delta | Regata La Ruta de la Sal","og_description":"Todos los participantes de La Ruta de la Sal que quieran participar en la Regata Costera del Delta del Ebro, dispondr\u00e1n de derecho de amarre gratuito en CM Port Ginesta desde su regreso de La Ruta de la Sal, lunes 1 de abril hasta el 26 de abril, d\u00eda de la salida de la Regata del Delta. Y en Sant Carles Marina desde el d\u00eda de la llegada hasta el domingo 12 de mayo y condiciones especiales para los participantes hasta finales de junio de 2013.","og_url":"https:\/\/labs.100x100.net\/projects\/rutasal\/la-ruta-de-la-sal-y-la-regata-del-delta\/","og_site_name":"Regata La Ruta de la Sal","article_publisher":"https:\/\/www.facebook.com\/rutadelasal\/","article_published_time":"2013-04-03T13:23:22+00:00","article_modified_time":"2019-03-14T09:54:37+00:00","og_image":[{"width":320,"height":213,"url":"https:\/\/labs.100x100.net\/projects\/rutasal\/custom\/uploads\/2018\/04\/40579834504_20dea224ec_n.jpg","type":"image\/jpeg"}],"author":"La Ruta de la Sal","twitter_card":"summary_large_image","twitter_creator":"@AnamMedi","twitter_site":"@AnamMedi","twitter_misc":{"Escrito por":"La Ruta de la Sal","Tiempo de lectura":"1 minuto"},"schema":{"@context":"https:\/\/schema.org","@graph":[{"@type":"WebPage","@id":"https:\/\/labs.100x100.net\/projects\/rutasal\/la-ruta-de-la-sal-y-la-regata-del-delta\/","url":"https:\/\/labs.100x100.net\/projects\/rutasal\/la-ruta-de-la-sal-y-la-regata-del-delta\/","name":"La Ruta de la Sal y la Regata del Delta | Regata La Ruta de la Sal","isPartOf":{"@id":"https:\/\/labs.100x100.net\/projects\/rutasal\/#website"},"primaryImageOfPage":{"@id":"https:\/\/labs.100x100.net\/projects\/rutasal\/la-ruta-de-la-sal-y-la-regata-del-delta\/#primaryimage"},"image":{"@id":"https:\/\/labs.100x100.net\/projects\/rutasal\/la-ruta-de-la-sal-y-la-regata-del-delta\/#primaryimage"},"thumbnailUrl":"https:\/\/labs.100x100.net\/projects\/rutasal\/custom\/uploads\/2018\/04\/40579834504_20dea224ec_n.jpg","datePublished":"2013-04-03T13:23:22+00:00","dateModified":"2019-03-14T09:54:37+00:00","author":{"@id":"https:\/\/labs.100x100.net\/projects\/rutasal\/#\/schema\/person\/214eeb4a2e78fd8373a0a94f6d93c9ca"},"breadcrumb":{"@id":"https:\/\/labs.100x100.net\/projects\/rutasal\/la-ruta-de-la-sal-y-la-regata-del-delta\/#breadcrumb"},"inLanguage":"es","potentialAction":[{"@type":"ReadAction","target":["https:\/\/labs.100x100.net\/projects\/rutasal\/la-ruta-de-la-sal-y-la-regata-del-delta\/"]}]},{"@type":"ImageObject","inLanguage":"es","@id":"https:\/\/labs.100x100.net\/projects\/rutasal\/la-ruta-de-la-sal-y-la-regata-del-delta\/#primaryimage","url":"https:\/\/labs.100x100.net\/projects\/rutasal\/custom\/uploads\/2018\/04\/40579834504_20dea224ec_n.jpg","contentUrl":"https:\/\/labs.100x100.net\/projects\/rutasal\/custom\/uploads\/2018\/04\/40579834504_20dea224ec_n.jpg","width":320,"height":213},{"@type":"BreadcrumbList","@id":"https:\/\/labs.100x100.net\/projects\/rutasal\/la-ruta-de-la-sal-y-la-regata-del-delta\/#breadcrumb","itemListElement":[{"@type":"ListItem","position":1,"name":"Portada","item":"https:\/\/labs.100x100.net\/projects\/rutasal\/"},{"@type":"ListItem","position":2,"name":"La Ruta de la Sal y la Regata del Delta"}]},{"@type":"WebSite","@id":"https:\/\/labs.100x100.net\/projects\/rutasal\/#website","url":"https:\/\/labs.100x100.net\/projects\/rutasal\/","name":"Regata La Ruta de la Sal","description":"Regata La Ruta de la Sal es una regata de Altura Mediterr\u00e1nea para barcos de crucero a vela con destino en Ibiza, que se disputa anualmente en Semana Santa.","potentialAction":[{"@type":"SearchAction","target":{"@type":"EntryPoint","urlTemplate":"https:\/\/labs.100x100.net\/projects\/rutasal\/?s={search_term_string}"},"query-input":"required name=search_term_string"}],"inLanguage":"es"},{"@type":"Person","@id":"https:\/\/labs.100x100.net\/projects\/rutasal\/#\/schema\/person\/214eeb4a2e78fd8373a0a94f6d93c9ca","name":"La Ruta de la Sal","image":{"@type":"ImageObject","inLanguage":"es","@id":"https:\/\/labs.100x100.net\/projects\/rutasal\/#\/schema\/person\/image\/","url":"https:\/\/secure.gravatar.com\/avatar\/b247286d4b801d6b1cfcfb3807587284?s=96&d=mm&r=g","contentUrl":"https:\/\/secure.gravatar.com\/avatar\/b247286d4b801d6b1cfcfb3807587284?s=96&d=mm&r=g","caption":"La Ruta de la Sal"}}]}},"_links":{"self":[{"href":"https:\/\/labs.100x100.net\/projects\/rutasal\/wp-json\/wp\/v2\/posts\/1358"}],"collection":[{"href":"https:\/\/labs.100x100.net\/projects\/rutasal\/wp-json\/wp\/v2\/posts"}],"about":[{"href":"https:\/\/labs.100x100.net\/projects\/rutasal\/wp-json\/wp\/v2\/types\/post"}],"author":[{"embeddable":true,"href":"https:\/\/labs.100x100.net\/projects\/rutasal\/wp-json\/wp\/v2\/users\/1"}],"replies":[{"embeddable":true,"href":"https:\/\/labs.100x100.net\/projects\/rutasal\/wp-json\/wp\/v2\/comments?post=1358"}],"version-history":[{"count":1,"href":"https:\/\/labs.100x100.net\/projects\/rutasal\/wp-json\/wp\/v2\/posts\/1358\/revisions"}],"predecessor-version":[{"id":3854,"href":"https:\/\/labs.100x100.net\/projects\/rutasal\/wp-json\/wp\/v2\/posts\/1358\/revisions\/3854"}],"wp:featuredmedia":[{"embeddable":true,"href":"https:\/\/labs.100x100.net\/projects\/rutasal\/wp-json\/wp\/v2\/media\/3589"}],"wp:attachment":[{"href":"https:\/\/labs.100x100.net\/projects\/rutasal\/wp-json\/wp\/v2\/media?parent=1358"}],"wp:term":[{"taxonomy":"category","embeddable":true,"href":"https:\/\/labs.100x100.net\/projects\/rutasal\/wp-json\/wp\/v2\/categories?post=1358"},{"taxonomy":"post_tag","embeddable":true,"href":"https:\/\/labs.100x100.net\/projects\/rutasal\/wp-json\/wp\/v2\/tags?post=1358"}],"curies":[{"name":"wp","href":"https:\/\/api.w.org\/{rel}","templated":true}]}}