{"id":1349,"date":"2013-03-21T20:05:59","date_gmt":"2013-03-21T20:05:59","guid":{"rendered":"https:\/\/larutadelasal.com\/?p=1349"},"modified":"2019-03-14T11:59:21","modified_gmt":"2019-03-14T09:59:21","slug":"26-ruta-de-la-sal-trofeo-pepe-ferres","status":"publish","type":"post","link":"https:\/\/labs.100x100.net\/projects\/rutasal\/26-ruta-de-la-sal-trofeo-pepe-ferres\/","title":{"rendered":"26  Ruta de La Sal &#8211; Trofeo Pepe Ferres."},"content":{"rendered":"<p style=\"text-align: justify;\"><strong><span style=\"text-decoration: underline;\">&#8211; El Jueves Santo, 28 de Marzo del 2013, se dar\u00e1 la salida de la 26 Regata de la Ruta de la Sal \u2013 Trofeo Pepe Ferres.<\/span><\/strong><\/p>\n<p style=\"text-align: justify;\"><strong><span style=\"text-decoration: underline;\">-.150 \u00a0embarcaciones \u00a0y mas de 1.300 \u00a0tripulantes inscritos en la 26 \u00a0Regata de La Ruta de La Sal.<\/span><\/strong><\/p>\n<p style=\"text-align: justify;\"><strong><span style=\"text-decoration: underline;\">-.La Sal 2013, ser\u00e1 la regata de altura con m\u00e1s participantes de todo el Mediterr\u00e1neo.<\/span><\/strong><\/p>\n<p style=\"text-align: justify;\"><strong><span style=\"text-decoration: underline;\">-.La flota en competici\u00f3n reunir\u00e1 pabellones de 8 nacionalidades distintas. Competir\u00e1n equipos procedentes de todos los litorales del pa\u00eds, as\u00ed como de las Islas Baleares y Canarias.<\/span><\/strong><\/p>\n<p style=\"text-align: justify;\"><span style=\"text-decoration: underline;\">&#8211;<strong>. Los ganadores de la pasada edici\u00f3n, Manuel Guasch &#8211; Fortuna 9, \u201cAivis\u201d- y Ram\u00f3n Balanzat- Fortuna 9 \u00a0\u201cPosidonia Uno\u201d &#8211; ambos del CN de Ibiza, tendr\u00e1n que defender sus t\u00edtulos ante una flota de un alt\u00edsimo nivel deportivo.<\/strong><\/span><\/p>\n<p style=\"text-align: justify;\">A una semana para la salida de la <strong>26 aba. Edici\u00f3n de la Regata de Altura de La Ruta de La Sal \u2013Trofeo Pepe Ferres, prevista para el pr\u00f3ximo jueves 28 de marzo del 2013<\/strong>, Jueves Santo, se \u00a0confirma que la <strong>participaci\u00f3n reunir\u00e1 a unas 150 embarcaciones,<\/strong> entre las que se apunta una significativa flota internacional con pabellones de 8 nacionalidades distintas. Mientras que la representaci\u00f3n espa\u00f1ola, agrupara desaf\u00edos procedentes de todos los litorales de la Pen\u00ednsula Ib\u00e9rica, as\u00ed como del archipi\u00e9lago y de las Islas Baleares.<\/p>\n<p style=\"text-align: justify;\">En definitiva una inscripci\u00f3n importante y plural contra la que <strong>los ganadores de la pasada edici\u00f3n, Manuel Guasch &#8211; Fortuna 9, \u201cAivis\u201d- y Ram\u00f3n Balanzat- Fortuna 9 \u00a0\u201cPosidonia Uno\u201d &#8211; ambos del CN de Ibiza, <\/strong>tendr\u00e1n que defender sus t\u00edtulos del 2012. Compitiendo \u00a0con equipos \u00a0que acumulan muchas millas de experiencia en la navegaci\u00f3n de altura y, sea dicho de paso, muchas victorias en estos 26 a\u00f1os de historia de La Ruta de la Sal. <strong>Solo nueve de ellos \u00a0acumulan un total de 20 victorias absolutas \u00a0en diferentes ediciones de esta gran regata.<\/strong><\/p>\n<p style=\"text-align: justify;\"><strong>Los pron\u00f3sticos metereologicos, aunque aun poco precisos, comienzan a adelantar unas condiciones \u00f3ptimas para la navegaci\u00f3n; en general vientos dominantes de S-SO con intensidades medias de fuerza 3-4. Dentro de un panorama de cierta inestabilidad, t\u00edpico de esta \u00e9poca del a\u00f1o. Seria perfecto.<\/strong><\/p>\n<p style=\"text-align: justify;\"><strong>La Versi\u00f3n Este con unos 80 barcos en competici\u00f3n, agrupara embarcaciones procedentes de unos 27 \u00a0Clubes N\u00e1uticos y Marinas, con entradas espec\u00edficas \u00a0de equipos con base en las costas Cant\u00e1bricas, Atl\u00e1nticas, Andaluzas, Levantinas y de aguas interiores. Tambi\u00e9n una magnifica lista de inscritos procedentes de las Baleares. <\/strong>Concretamente de Ibiza y Palma de Mallorca<strong>. \u00a0La flota con pabell\u00f3n extranjero, en esta derrota, apunta a tres equipos procedentes de Noruega, B\u00e9lgica y Alemania.<\/strong><\/p>\n<p style=\"text-align: justify;\"><strong>La Versi\u00f3n Norte \u00a0con una inscripci\u00f3n de unas 70 embarcaciones, re\u00fane una potent\u00edsima y escrupulosamente representativa flota de equipos de los litorales Catalanes. Una sensible entrada de barcos de las Islas Baleares,<\/strong> con tripulaciones de Mallorca, Menorca e Ibiza y, <strong>finalmente, \u00a0unas 17 embarcaciones con pabellones extranjeros ; representado, concretamente a Alemania, Italia, Inglaterra, Italia, B\u00e9lgica, Malta, Suiza, B\u00e9lgica y, muy especialmente Francia que entra en la competici\u00f3n con m\u00e1s de 6 desaf\u00edos.<\/strong> Confirmando, de alguna manera, una internacionalidad que cada a\u00f1o se hace mas evidente, en la que entran en juego tanto equipos extranjeros formados por \u00a0residentes comunitarios con embarcaciones con base en puertos espa\u00f1oles del mediterr\u00e1neo occidental. Como equipos que se trasladan desde sus pa\u00edses de origen para tomar parte en La Sal, caso de la totalidad de los barcos franceses que, en su mayor\u00eda provienen de puertos de las costas Mediterr\u00e1neas del Languedoc-Rosell\u00f3n y Povenza-Costa Azul.<\/p>\n<p style=\"text-align: justify;\"><strong>Destacar que en general la eslora media de los barcos inscritos en esta 26 aba. edici\u00f3n e la Ruta de la Sal crece sensiblemente con respecto a los registros de a\u00f1os interiores.<\/strong> En la Versi\u00f3n Norte \u00a0la eslora media se fija los 44,33 pies \u2013 14,20 metros \u2013 con esloras m\u00e1ximas del orden de los 68 pies &#8211; 22 metros. \u2013 en este caso, del Jongert 22M. \u201cCrysrtal\u201d , seguido por los 20 metros del Fusion 62, \u201cA todo Trapo\u201d. En la Salida desde Denia, Versi\u00f3n Este, el promedio se sit\u00faa en 42 pies &#8211; \u00a013, 45 metros -, si bien, en esta largada competir\u00e1n los barcos con mas eslora de toda la La Sal 2013; concretamente el Swam 80 \u201cPlis-Play\u201d de 25 metros de eslora y el velero cl\u00e1sico \u00a0Belga \u201cBuccaneer\u201d; \u00a0un dise\u00f1o del legendario dise\u00f1ador Neoceland\u00e9s John Spenser de 73 pies , unos 24 metros, construido, con un programa de \u201cocean-racer\u201d, \u00a0en 1970 con el objetivo de competir, al m\u00e1ximo nivel, en series como la Sydney-Hobart, la Hong Kong -Manila o la \u00a0Transpac de Los \u00c1ngeles a Honolulu. Entre otras.<\/p>\n<p style=\"text-align: justify;\"><strong>La salida de la Versi\u00f3n Este, con unos 80 barcos en competici\u00f3n, \u00a0esta prevista para las 14:00 h del pr\u00f3ximo Jueves 28 de Marzo \u00a0desde el RC N\u00e1utico de Denia con destino a Cab Negret en Sant Antoni de Portmany<\/strong>. Una singladura de 120 millas que implicara tomar Formentera por babor, la Isla de Tagomago y, navegar por la costa norte de Ibiza hasta Sant Antoni.<\/p>\n<p style=\"text-align: justify;\"><strong>Los 70 \u00a0inscritos en la Versi\u00f3n Norte de La Sal \u00a0zarparan el jueves 28 de Marzo \u00a0del 2013 a las 10:00 h desde el CM. Port Ginesta \u2013 Barcelona.-, \u00a0compitiendo sobre un recorrido de 140 millas con rumbo directo hasta el CN. Sant Antoni de Portmany en Ibiza.<\/strong><\/p>\n<p style=\"text-align: justify;\">La llegada de los participantes a Ibiza esta prevista a partir de la madrugada del viernes 29 de Marzo y, normalmente se alargara, dependiendo de las condiciones \u00a0metereologicas, hasta pasado el mediod\u00eda del S\u00e1bado 30 de Marzo del 2013.<\/p>\n<p style=\"text-align: justify;\">Destacar que el record de velocidad de la traves\u00eda de la Versi\u00f3n Este esta fijado en 13h., 10m., 15s. , establecido por el Swam 80 \u201cPlis-Play\u201d de Vicente Garc\u00eda en la edici\u00f3n del 2012 de La Sal. El de la Versi\u00f3n Norte en las extraordinarias 13h., 18m., 54s. que registro el velero alem\u00e1n \u201cCaro\u201d un \u00a0Vrolijk 50 de Maximilian Klink en la regata de 2011. Ambos equipos participaran, como claros favoritos, en la cita de este a\u00f1o.<\/p>\n<p style=\"text-align: justify;\"><strong>Por tercer a\u00f1o consecutivo en esta \u00a026 edici\u00f3n de la Ruta de La Sal del se pondr\u00e1 en desafi\u00f3 \u00a0el Trofeo Pepe Ferres \u00a0que ser\u00e1 adjudicado a los vencedores absolutos de ambas Versiones de la regata. Un premio destinado a convertirse en una menci\u00f3n muy especial dentro del \u00e1mbito de la vela mediterr\u00e1nea de altura, siendo un recuerdo muy singular y emotivo del fundador de la Ruta de La Sal. Pepe Ferres. Para muchos, uno de los promotores de la navegaci\u00f3n de altura en el Mediterr\u00e1neo m\u00e1s emblem\u00e1ticos y exitosos de las \u00faltimas d\u00e9cadas.<\/strong><\/p>\n<div id=\"_mcePaste\" style=\"text-align: justify;\"><strong>La XXVI regata de altura de La Ruta de la Sal cuenta con la colaboraci\u00f3n del Consell \u00a0d\u2019Eivissa, \u00a0la Consellerie \u00a0de Turisme del Govern de les Illes Balears, el Ajuntament de Sant Antoni de Portmany, la Estaci\u00f3 N\u00e1utica de Sant Antoni y Sant Josep, as\u00ed como de los Ayuntamientos de Denia y Sitges<\/strong><\/div>\n<div id=\"_mcePaste\" style=\"text-align: justify;\"><strong>Esta organizada, por ANAM, Associaci\u00f3 de Navegants d\u2019Altura Mediterranis, en estrecha colaboraci\u00f3n con el CM Port Ginesta, RC N\u00e1utico Denia, CN Sant Antoni de Portmany de Ibiza y la RANC, con el soporte de Ports de Balears, Sociedad Estatal de Salvamento y Seguridad Mar\u00edtima, Guardia Civil del Mar y el apoyo de la Federaci\u00f3 Catalana de Vela, Federaci\u00f3n de Vela de la Comunidad Valenciana y la Federaci\u00f3 Balear de Vela.<\/strong><\/div>\n<p style=\"text-align: justify;\">\n","protected":false},"excerpt":{"rendered":"<p>&#8211; El Jueves Santo, 28 de Marzo del 2013, se dar\u00e1 la salida de la 26 Regata de la Ruta de la Sal \u2013 Trofeo Pepe Ferres.<\/p>\n<p>-.150  embarcaciones  y mas de 1.300  tripulantes inscritos en la 26  Regata de La Ruta de La Sal.<\/p>\n<p>-.La Sal 2013, ser\u00e1 la regata de altura con m\u00e1s participantes de todo el Mediterr\u00e1neo.<\/p>\n<p>-.La flota en competici\u00f3n reunir\u00e1 pabellones de 8 nacionalidades distintas. Competir\u00e1n equipos procedentes de todos los litorales del pa\u00eds, as\u00ed como de las Islas Baleares y Canarias.<\/p>\n<p>-. Los ganadores de la pasada edici\u00f3n, Manuel Guasch &#8211; Fortuna 9, \u201cAivis\u201d- y Ram\u00f3n Balanzat- Fortuna 9  \u201cPosidonia Uno\u201d &#8211; ambos del CN de Ibiza, tendr\u00e1n que defender sus t\u00edtulos ante una flota de un alt\u00edsimo nivel deportivo.<\/p>\n","protected":false},"author":1,"featured_media":3784,"comment_status":"open","ping_status":"open","sticky":false,"template":"","format":"standard","meta":{"_acf_changed":false,"footnotes":""},"categories":[3],"tags":[],"acf":[],"yoast_head":"<!-- This site is optimized with the Yoast SEO plugin v23.0 - https:\/\/yoast.com\/wordpress\/plugins\/seo\/ -->\n<title>26 Ruta de La Sal - Trofeo Pepe Ferres. | Regata La Ruta de la Sal<\/title>\n<meta name=\"robots\" content=\"noindex, follow, max-snippet:-1, max-image-preview:large, max-video-preview:-1\" \/>\n<meta property=\"og:locale\" content=\"es_ES\" \/>\n<meta property=\"og:type\" content=\"article\" \/>\n<meta property=\"og:title\" content=\"26 Ruta de La Sal - Trofeo Pepe Ferres. | Regata La Ruta de la Sal\" \/>\n<meta property=\"og:description\" content=\"- El Jueves Santo, 28 de Marzo del 2013, se dar\u00e1 la salida de la 26 Regata de la Ruta de la Sal \u2013 Trofeo Pepe Ferres.  -.150 embarcaciones y mas de 1.300 tripulantes inscritos en la 26 Regata de La Ruta de La Sal.  -.La Sal 2013, ser\u00e1 la regata de altura con m\u00e1s participantes de todo el Mediterr\u00e1neo.  -.La flota en competici\u00f3n reunir\u00e1 pabellones de 8 nacionalidades distintas. Competir\u00e1n equipos procedentes de todos los litorales del pa\u00eds, as\u00ed como de las Islas Baleares y Canarias.  -. Los ganadores de la pasada edici\u00f3n, Manuel Guasch - Fortuna 9, \u201cAivis\u201d- y Ram\u00f3n Balanzat- Fortuna 9 \u201cPosidonia Uno\u201d - ambos del CN de Ibiza, tendr\u00e1n que defender sus t\u00edtulos ante una flota de un alt\u00edsimo nivel deportivo.\" \/>\n<meta property=\"og:url\" content=\"https:\/\/labs.100x100.net\/projects\/rutasal\/26-ruta-de-la-sal-trofeo-pepe-ferres\/\" \/>\n<meta property=\"og:site_name\" content=\"Regata La Ruta de la Sal\" \/>\n<meta property=\"article:publisher\" content=\"https:\/\/www.facebook.com\/rutadelasal\/\" \/>\n<meta property=\"article:published_time\" content=\"2013-03-21T20:05:59+00:00\" \/>\n<meta property=\"article:modified_time\" content=\"2019-03-14T09:59:21+00:00\" \/>\n<meta property=\"og:image\" content=\"https:\/\/labs.100x100.net\/projects\/rutasal\/custom\/uploads\/2011\/11\/ruta-de-la-sal-2010.png\" \/>\n\t<meta property=\"og:image:width\" content=\"796\" \/>\n\t<meta property=\"og:image:height\" content=\"529\" \/>\n\t<meta property=\"og:image:type\" content=\"image\/png\" \/>\n<meta name=\"author\" content=\"La Ruta de la Sal\" \/>\n<meta name=\"twitter:card\" content=\"summary_large_image\" \/>\n<meta name=\"twitter:creator\" content=\"@AnamMedi\" \/>\n<meta name=\"twitter:site\" content=\"@AnamMedi\" \/>\n<meta name=\"twitter:label1\" content=\"Escrito por\" \/>\n\t<meta name=\"twitter:data1\" content=\"La Ruta de la Sal\" \/>\n\t<meta name=\"twitter:label2\" content=\"Tiempo de lectura\" \/>\n\t<meta name=\"twitter:data2\" content=\"6 minutos\" \/>\n<script type=\"application\/ld+json\" class=\"yoast-schema-graph\">{\"@context\":\"https:\/\/schema.org\",\"@graph\":[{\"@type\":\"WebPage\",\"@id\":\"https:\/\/labs.100x100.net\/projects\/rutasal\/26-ruta-de-la-sal-trofeo-pepe-ferres\/\",\"url\":\"https:\/\/labs.100x100.net\/projects\/rutasal\/26-ruta-de-la-sal-trofeo-pepe-ferres\/\",\"name\":\"26 Ruta de La Sal - Trofeo Pepe Ferres. | Regata La Ruta de la Sal\",\"isPartOf\":{\"@id\":\"https:\/\/labs.100x100.net\/projects\/rutasal\/#website\"},\"primaryImageOfPage\":{\"@id\":\"https:\/\/labs.100x100.net\/projects\/rutasal\/26-ruta-de-la-sal-trofeo-pepe-ferres\/#primaryimage\"},\"image\":{\"@id\":\"https:\/\/labs.100x100.net\/projects\/rutasal\/26-ruta-de-la-sal-trofeo-pepe-ferres\/#primaryimage\"},\"thumbnailUrl\":\"https:\/\/labs.100x100.net\/projects\/rutasal\/custom\/uploads\/2011\/11\/ruta-de-la-sal-2010.png\",\"datePublished\":\"2013-03-21T20:05:59+00:00\",\"dateModified\":\"2019-03-14T09:59:21+00:00\",\"author\":{\"@id\":\"https:\/\/labs.100x100.net\/projects\/rutasal\/#\/schema\/person\/214eeb4a2e78fd8373a0a94f6d93c9ca\"},\"breadcrumb\":{\"@id\":\"https:\/\/labs.100x100.net\/projects\/rutasal\/26-ruta-de-la-sal-trofeo-pepe-ferres\/#breadcrumb\"},\"inLanguage\":\"es\",\"potentialAction\":[{\"@type\":\"ReadAction\",\"target\":[\"https:\/\/labs.100x100.net\/projects\/rutasal\/26-ruta-de-la-sal-trofeo-pepe-ferres\/\"]}]},{\"@type\":\"ImageObject\",\"inLanguage\":\"es\",\"@id\":\"https:\/\/labs.100x100.net\/projects\/rutasal\/26-ruta-de-la-sal-trofeo-pepe-ferres\/#primaryimage\",\"url\":\"https:\/\/labs.100x100.net\/projects\/rutasal\/custom\/uploads\/2011\/11\/ruta-de-la-sal-2010.png\",\"contentUrl\":\"https:\/\/labs.100x100.net\/projects\/rutasal\/custom\/uploads\/2011\/11\/ruta-de-la-sal-2010.png\",\"width\":796,\"height\":529},{\"@type\":\"BreadcrumbList\",\"@id\":\"https:\/\/labs.100x100.net\/projects\/rutasal\/26-ruta-de-la-sal-trofeo-pepe-ferres\/#breadcrumb\",\"itemListElement\":[{\"@type\":\"ListItem\",\"position\":1,\"name\":\"Portada\",\"item\":\"https:\/\/labs.100x100.net\/projects\/rutasal\/\"},{\"@type\":\"ListItem\",\"position\":2,\"name\":\"26 Ruta de La Sal &#8211; Trofeo Pepe Ferres.\"}]},{\"@type\":\"WebSite\",\"@id\":\"https:\/\/labs.100x100.net\/projects\/rutasal\/#website\",\"url\":\"https:\/\/labs.100x100.net\/projects\/rutasal\/\",\"name\":\"Regata La Ruta de la Sal\",\"description\":\"Regata La Ruta de la Sal es una regata de Altura Mediterr\u00e1nea para barcos de crucero a vela con destino en Ibiza, que se disputa anualmente en Semana Santa.\",\"potentialAction\":[{\"@type\":\"SearchAction\",\"target\":{\"@type\":\"EntryPoint\",\"urlTemplate\":\"https:\/\/labs.100x100.net\/projects\/rutasal\/?s={search_term_string}\"},\"query-input\":\"required name=search_term_string\"}],\"inLanguage\":\"es\"},{\"@type\":\"Person\",\"@id\":\"https:\/\/labs.100x100.net\/projects\/rutasal\/#\/schema\/person\/214eeb4a2e78fd8373a0a94f6d93c9ca\",\"name\":\"La Ruta de la Sal\",\"image\":{\"@type\":\"ImageObject\",\"inLanguage\":\"es\",\"@id\":\"https:\/\/labs.100x100.net\/projects\/rutasal\/#\/schema\/person\/image\/\",\"url\":\"https:\/\/secure.gravatar.com\/avatar\/b247286d4b801d6b1cfcfb3807587284?s=96&d=mm&r=g\",\"contentUrl\":\"https:\/\/secure.gravatar.com\/avatar\/b247286d4b801d6b1cfcfb3807587284?s=96&d=mm&r=g\",\"caption\":\"La Ruta de la Sal\"}}]}<\/script>\n<!-- \/ Yoast SEO plugin. -->","yoast_head_json":{"title":"26 Ruta de La Sal - Trofeo Pepe Ferres. | Regata La Ruta de la Sal","robots":{"index":"noindex","follow":"follow","max-snippet":"max-snippet:-1","max-image-preview":"max-image-preview:large","max-video-preview":"max-video-preview:-1"},"og_locale":"es_ES","og_type":"article","og_title":"26 Ruta de La Sal - Trofeo Pepe Ferres. | Regata La Ruta de la Sal","og_description":"- El Jueves Santo, 28 de Marzo del 2013, se dar\u00e1 la salida de la 26 Regata de la Ruta de la Sal \u2013 Trofeo Pepe Ferres.  -.150 embarcaciones y mas de 1.300 tripulantes inscritos en la 26 Regata de La Ruta de La Sal.  -.La Sal 2013, ser\u00e1 la regata de altura con m\u00e1s participantes de todo el Mediterr\u00e1neo.  -.La flota en competici\u00f3n reunir\u00e1 pabellones de 8 nacionalidades distintas. Competir\u00e1n equipos procedentes de todos los litorales del pa\u00eds, as\u00ed como de las Islas Baleares y Canarias.  -. Los ganadores de la pasada edici\u00f3n, Manuel Guasch - Fortuna 9, \u201cAivis\u201d- y Ram\u00f3n Balanzat- Fortuna 9 \u201cPosidonia Uno\u201d - ambos del CN de Ibiza, tendr\u00e1n que defender sus t\u00edtulos ante una flota de un alt\u00edsimo nivel deportivo.","og_url":"https:\/\/labs.100x100.net\/projects\/rutasal\/26-ruta-de-la-sal-trofeo-pepe-ferres\/","og_site_name":"Regata La Ruta de la Sal","article_publisher":"https:\/\/www.facebook.com\/rutadelasal\/","article_published_time":"2013-03-21T20:05:59+00:00","article_modified_time":"2019-03-14T09:59:21+00:00","og_image":[{"width":796,"height":529,"url":"https:\/\/labs.100x100.net\/projects\/rutasal\/custom\/uploads\/2011\/11\/ruta-de-la-sal-2010.png","type":"image\/png"}],"author":"La Ruta de la Sal","twitter_card":"summary_large_image","twitter_creator":"@AnamMedi","twitter_site":"@AnamMedi","twitter_misc":{"Escrito por":"La Ruta de la Sal","Tiempo de lectura":"6 minutos"},"schema":{"@context":"https:\/\/schema.org","@graph":[{"@type":"WebPage","@id":"https:\/\/labs.100x100.net\/projects\/rutasal\/26-ruta-de-la-sal-trofeo-pepe-ferres\/","url":"https:\/\/labs.100x100.net\/projects\/rutasal\/26-ruta-de-la-sal-trofeo-pepe-ferres\/","name":"26 Ruta de La Sal - Trofeo Pepe Ferres. | Regata La Ruta de la Sal","isPartOf":{"@id":"https:\/\/labs.100x100.net\/projects\/rutasal\/#website"},"primaryImageOfPage":{"@id":"https:\/\/labs.100x100.net\/projects\/rutasal\/26-ruta-de-la-sal-trofeo-pepe-ferres\/#primaryimage"},"image":{"@id":"https:\/\/labs.100x100.net\/projects\/rutasal\/26-ruta-de-la-sal-trofeo-pepe-ferres\/#primaryimage"},"thumbnailUrl":"https:\/\/labs.100x100.net\/projects\/rutasal\/custom\/uploads\/2011\/11\/ruta-de-la-sal-2010.png","datePublished":"2013-03-21T20:05:59+00:00","dateModified":"2019-03-14T09:59:21+00:00","author":{"@id":"https:\/\/labs.100x100.net\/projects\/rutasal\/#\/schema\/person\/214eeb4a2e78fd8373a0a94f6d93c9ca"},"breadcrumb":{"@id":"https:\/\/labs.100x100.net\/projects\/rutasal\/26-ruta-de-la-sal-trofeo-pepe-ferres\/#breadcrumb"},"inLanguage":"es","potentialAction":[{"@type":"ReadAction","target":["https:\/\/labs.100x100.net\/projects\/rutasal\/26-ruta-de-la-sal-trofeo-pepe-ferres\/"]}]},{"@type":"ImageObject","inLanguage":"es","@id":"https:\/\/labs.100x100.net\/projects\/rutasal\/26-ruta-de-la-sal-trofeo-pepe-ferres\/#primaryimage","url":"https:\/\/labs.100x100.net\/projects\/rutasal\/custom\/uploads\/2011\/11\/ruta-de-la-sal-2010.png","contentUrl":"https:\/\/labs.100x100.net\/projects\/rutasal\/custom\/uploads\/2011\/11\/ruta-de-la-sal-2010.png","width":796,"height":529},{"@type":"BreadcrumbList","@id":"https:\/\/labs.100x100.net\/projects\/rutasal\/26-ruta-de-la-sal-trofeo-pepe-ferres\/#breadcrumb","itemListElement":[{"@type":"ListItem","position":1,"name":"Portada","item":"https:\/\/labs.100x100.net\/projects\/rutasal\/"},{"@type":"ListItem","position":2,"name":"26 Ruta de La Sal &#8211; Trofeo Pepe Ferres."}]},{"@type":"WebSite","@id":"https:\/\/labs.100x100.net\/projects\/rutasal\/#website","url":"https:\/\/labs.100x100.net\/projects\/rutasal\/","name":"Regata La Ruta de la Sal","description":"Regata La Ruta de la Sal es una regata de Altura Mediterr\u00e1nea para barcos de crucero a vela con destino en Ibiza, que se disputa anualmente en Semana Santa.","potentialAction":[{"@type":"SearchAction","target":{"@type":"EntryPoint","urlTemplate":"https:\/\/labs.100x100.net\/projects\/rutasal\/?s={search_term_string}"},"query-input":"required name=search_term_string"}],"inLanguage":"es"},{"@type":"Person","@id":"https:\/\/labs.100x100.net\/projects\/rutasal\/#\/schema\/person\/214eeb4a2e78fd8373a0a94f6d93c9ca","name":"La Ruta de la Sal","image":{"@type":"ImageObject","inLanguage":"es","@id":"https:\/\/labs.100x100.net\/projects\/rutasal\/#\/schema\/person\/image\/","url":"https:\/\/secure.gravatar.com\/avatar\/b247286d4b801d6b1cfcfb3807587284?s=96&d=mm&r=g","contentUrl":"https:\/\/secure.gravatar.com\/avatar\/b247286d4b801d6b1cfcfb3807587284?s=96&d=mm&r=g","caption":"La Ruta de la Sal"}}]}},"_links":{"self":[{"href":"https:\/\/labs.100x100.net\/projects\/rutasal\/wp-json\/wp\/v2\/posts\/1349"}],"collection":[{"href":"https:\/\/labs.100x100.net\/projects\/rutasal\/wp-json\/wp\/v2\/posts"}],"about":[{"href":"https:\/\/labs.100x100.net\/projects\/rutasal\/wp-json\/wp\/v2\/types\/post"}],"author":[{"embeddable":true,"href":"https:\/\/labs.100x100.net\/projects\/rutasal\/wp-json\/wp\/v2\/users\/1"}],"replies":[{"embeddable":true,"href":"https:\/\/labs.100x100.net\/projects\/rutasal\/wp-json\/wp\/v2\/comments?post=1349"}],"version-history":[{"count":1,"href":"https:\/\/labs.100x100.net\/projects\/rutasal\/wp-json\/wp\/v2\/posts\/1349\/revisions"}],"predecessor-version":[{"id":3868,"href":"https:\/\/labs.100x100.net\/projects\/rutasal\/wp-json\/wp\/v2\/posts\/1349\/revisions\/3868"}],"wp:featuredmedia":[{"embeddable":true,"href":"https:\/\/labs.100x100.net\/projects\/rutasal\/wp-json\/wp\/v2\/media\/3784"}],"wp:attachment":[{"href":"https:\/\/labs.100x100.net\/projects\/rutasal\/wp-json\/wp\/v2\/media?parent=1349"}],"wp:term":[{"taxonomy":"category","embeddable":true,"href":"https:\/\/labs.100x100.net\/projects\/rutasal\/wp-json\/wp\/v2\/categories?post=1349"},{"taxonomy":"post_tag","embeddable":true,"href":"https:\/\/labs.100x100.net\/projects\/rutasal\/wp-json\/wp\/v2\/tags?post=1349"}],"curies":[{"name":"wp","href":"https:\/\/api.w.org\/{rel}","templated":true}]}}