{"id":1266,"date":"2013-01-23T16:44:06","date_gmt":"2013-01-23T16:44:06","guid":{"rendered":"https:\/\/larutadelasal.com\/?p=1266"},"modified":"2019-03-14T12:00:25","modified_gmt":"2019-03-14T10:00:25","slug":"en-marcha-la-ruta-de-la-sal-2013","status":"publish","type":"post","link":"https:\/\/labs.100x100.net\/projects\/rutasal\/en-marcha-la-ruta-de-la-sal-2013\/","title":{"rendered":"En Marcha La Ruta de la Sal 2013"},"content":{"rendered":"<p style=\"text-align: justify;\">Amigo\/amiga regatist,<\/p>\n<p style=\"text-align: justify;\">La salida de <strong>La Ruta de la Sal<\/strong>, esta cerca. Si quieres participar y todav\u00eda no has cursado tu\u00a0Inscripci\u00f3n, envianosla lo antes posible y recuerda que<strong> DURANTE ESTE MES DE ENERO\u00a0PUEDES BENEFICIARTE DE UN 10% DE DESCUENTO<\/strong> en el importe de tu inscripci\u00f3n.<\/p>\n<p style=\"text-align: justify;\"><strong>Origin Marine<\/strong> ofrecer\u00e1 para el Primer Clasificado de la versi\u00f3n Norte y de la Versi\u00f3n Este de la Ruta de la Sal, una <strong>ancla Rocna de hasta 33Kg <\/strong>como tama\u00f1o m\u00e1ximo y a los segundos y terceros clasificados, <strong>seis cabos para defensa de la marca americana Titan<\/strong>.<\/p>\n<p style=\"text-align: justify;\"><strong>Rocna Spain adem\u00e1s ofrecer\u00e1 a todos los participantes de La Ruta de la Sal un vale descuento del 20% valido para la compra de una Rocna.<\/strong><\/p>\n<p style=\"text-align: justify;\"><strong>Versatilidad, fortaleza, robustez y fiabilidad<\/strong> son los puntos fuertes de las <strong>Anclas Rocna<\/strong>, que entran a formar parte de una nueva generaci\u00f3n de anclas que supera los inconvenientes de los modelos m\u00e1s tradicionales.<br \/>\nLas Anclas Rocna vienen avaladas por haber obtenido el n\u00famero uno en las pruebas llevadas a cabo por West Marine &amp; Sails en el 2006 y por ser<strong> las \u00fanicas Anclas del Mundo que tienen una garant\u00eda de por vida certificada por el fabricante<\/strong>.<\/p>\n<p style=\"text-align: justify;\">Y recuerda que si necesitas que tramitemos tus licencias federativas, m\u00e1ndanos tus datos a la mayor<br \/>\nbrevedad posible, ya sabes que tienes precio especial para La Ruta de la Sal.<\/p>\n","protected":false},"excerpt":{"rendered":"<p>La salida de La Ruta de la Sal, esta cerca. Si quieres participar y todav\u00eda no has cursado tu Inscripci\u00f3n, envianosla lo antes posible y recuerda que DURANTE ESTE MES DE ENERO PUEDES BENEFICIARTE DE UN 10% DE DESCUENTO en el importe de tu inscripci\u00f3n.<\/p>\n","protected":false},"author":1,"featured_media":3757,"comment_status":"open","ping_status":"open","sticky":false,"template":"","format":"standard","meta":{"_acf_changed":false,"footnotes":""},"categories":[3],"tags":[],"acf":[],"yoast_head":"<!-- This site is optimized with the Yoast SEO plugin v23.0 - https:\/\/yoast.com\/wordpress\/plugins\/seo\/ -->\n<title>En Marcha La Ruta de la Sal 2013 | Regata La Ruta de la Sal<\/title>\n<meta name=\"robots\" content=\"noindex, follow, max-snippet:-1, max-image-preview:large, max-video-preview:-1\" \/>\n<meta property=\"og:locale\" content=\"es_ES\" \/>\n<meta property=\"og:type\" content=\"article\" \/>\n<meta property=\"og:title\" content=\"En Marcha La Ruta de la Sal 2013 | Regata La Ruta de la Sal\" \/>\n<meta property=\"og:description\" content=\"La salida de La Ruta de la Sal, esta cerca. Si quieres participar y todav\u00eda no has cursado tu Inscripci\u00f3n, envianosla lo antes posible y recuerda que DURANTE ESTE MES DE ENERO PUEDES BENEFICIARTE DE UN 10% DE DESCUENTO en el importe de tu inscripci\u00f3n.\" \/>\n<meta property=\"og:url\" content=\"https:\/\/labs.100x100.net\/projects\/rutasal\/en-marcha-la-ruta-de-la-sal-2013\/\" \/>\n<meta property=\"og:site_name\" content=\"Regata La Ruta de la Sal\" \/>\n<meta property=\"article:publisher\" content=\"https:\/\/www.facebook.com\/rutadelasal\/\" \/>\n<meta property=\"article:published_time\" content=\"2013-01-23T16:44:06+00:00\" \/>\n<meta property=\"article:modified_time\" content=\"2019-03-14T10:00:25+00:00\" \/>\n<meta property=\"og:image\" content=\"https:\/\/labs.100x100.net\/projects\/rutasal\/custom\/uploads\/2019\/03\/Capture-27.png\" \/>\n\t<meta property=\"og:image:width\" content=\"798\" \/>\n\t<meta property=\"og:image:height\" content=\"529\" \/>\n\t<meta property=\"og:image:type\" content=\"image\/png\" \/>\n<meta name=\"author\" content=\"La Ruta de la Sal\" \/>\n<meta name=\"twitter:card\" content=\"summary_large_image\" \/>\n<meta name=\"twitter:creator\" content=\"@AnamMedi\" \/>\n<meta name=\"twitter:site\" content=\"@AnamMedi\" \/>\n<meta name=\"twitter:label1\" content=\"Escrito por\" \/>\n\t<meta name=\"twitter:data1\" content=\"La Ruta de la Sal\" \/>\n\t<meta name=\"twitter:label2\" content=\"Tiempo de lectura\" \/>\n\t<meta name=\"twitter:data2\" content=\"1 minuto\" \/>\n<script type=\"application\/ld+json\" class=\"yoast-schema-graph\">{\"@context\":\"https:\/\/schema.org\",\"@graph\":[{\"@type\":\"WebPage\",\"@id\":\"https:\/\/labs.100x100.net\/projects\/rutasal\/en-marcha-la-ruta-de-la-sal-2013\/\",\"url\":\"https:\/\/labs.100x100.net\/projects\/rutasal\/en-marcha-la-ruta-de-la-sal-2013\/\",\"name\":\"En Marcha La Ruta de la Sal 2013 | Regata La Ruta de la Sal\",\"isPartOf\":{\"@id\":\"https:\/\/labs.100x100.net\/projects\/rutasal\/#website\"},\"primaryImageOfPage\":{\"@id\":\"https:\/\/labs.100x100.net\/projects\/rutasal\/en-marcha-la-ruta-de-la-sal-2013\/#primaryimage\"},\"image\":{\"@id\":\"https:\/\/labs.100x100.net\/projects\/rutasal\/en-marcha-la-ruta-de-la-sal-2013\/#primaryimage\"},\"thumbnailUrl\":\"https:\/\/labs.100x100.net\/projects\/rutasal\/custom\/uploads\/2019\/03\/Capture-27.png\",\"datePublished\":\"2013-01-23T16:44:06+00:00\",\"dateModified\":\"2019-03-14T10:00:25+00:00\",\"author\":{\"@id\":\"https:\/\/labs.100x100.net\/projects\/rutasal\/#\/schema\/person\/214eeb4a2e78fd8373a0a94f6d93c9ca\"},\"breadcrumb\":{\"@id\":\"https:\/\/labs.100x100.net\/projects\/rutasal\/en-marcha-la-ruta-de-la-sal-2013\/#breadcrumb\"},\"inLanguage\":\"es\",\"potentialAction\":[{\"@type\":\"ReadAction\",\"target\":[\"https:\/\/labs.100x100.net\/projects\/rutasal\/en-marcha-la-ruta-de-la-sal-2013\/\"]}]},{\"@type\":\"ImageObject\",\"inLanguage\":\"es\",\"@id\":\"https:\/\/labs.100x100.net\/projects\/rutasal\/en-marcha-la-ruta-de-la-sal-2013\/#primaryimage\",\"url\":\"https:\/\/labs.100x100.net\/projects\/rutasal\/custom\/uploads\/2019\/03\/Capture-27.png\",\"contentUrl\":\"https:\/\/labs.100x100.net\/projects\/rutasal\/custom\/uploads\/2019\/03\/Capture-27.png\",\"width\":798,\"height\":529},{\"@type\":\"BreadcrumbList\",\"@id\":\"https:\/\/labs.100x100.net\/projects\/rutasal\/en-marcha-la-ruta-de-la-sal-2013\/#breadcrumb\",\"itemListElement\":[{\"@type\":\"ListItem\",\"position\":1,\"name\":\"Portada\",\"item\":\"https:\/\/labs.100x100.net\/projects\/rutasal\/\"},{\"@type\":\"ListItem\",\"position\":2,\"name\":\"En Marcha La Ruta de la Sal 2013\"}]},{\"@type\":\"WebSite\",\"@id\":\"https:\/\/labs.100x100.net\/projects\/rutasal\/#website\",\"url\":\"https:\/\/labs.100x100.net\/projects\/rutasal\/\",\"name\":\"Regata La Ruta de la Sal\",\"description\":\"Regata La Ruta de la Sal es una regata de Altura Mediterr\u00e1nea para barcos de crucero a vela con destino en Ibiza, que se disputa anualmente en Semana Santa.\",\"potentialAction\":[{\"@type\":\"SearchAction\",\"target\":{\"@type\":\"EntryPoint\",\"urlTemplate\":\"https:\/\/labs.100x100.net\/projects\/rutasal\/?s={search_term_string}\"},\"query-input\":\"required name=search_term_string\"}],\"inLanguage\":\"es\"},{\"@type\":\"Person\",\"@id\":\"https:\/\/labs.100x100.net\/projects\/rutasal\/#\/schema\/person\/214eeb4a2e78fd8373a0a94f6d93c9ca\",\"name\":\"La Ruta de la Sal\",\"image\":{\"@type\":\"ImageObject\",\"inLanguage\":\"es\",\"@id\":\"https:\/\/labs.100x100.net\/projects\/rutasal\/#\/schema\/person\/image\/\",\"url\":\"https:\/\/secure.gravatar.com\/avatar\/b247286d4b801d6b1cfcfb3807587284?s=96&d=mm&r=g\",\"contentUrl\":\"https:\/\/secure.gravatar.com\/avatar\/b247286d4b801d6b1cfcfb3807587284?s=96&d=mm&r=g\",\"caption\":\"La Ruta de la Sal\"}}]}<\/script>\n<!-- \/ Yoast SEO plugin. -->","yoast_head_json":{"title":"En Marcha La Ruta de la Sal 2013 | Regata La Ruta de la Sal","robots":{"index":"noindex","follow":"follow","max-snippet":"max-snippet:-1","max-image-preview":"max-image-preview:large","max-video-preview":"max-video-preview:-1"},"og_locale":"es_ES","og_type":"article","og_title":"En Marcha La Ruta de la Sal 2013 | Regata La Ruta de la Sal","og_description":"La salida de La Ruta de la Sal, esta cerca. Si quieres participar y todav\u00eda no has cursado tu Inscripci\u00f3n, envianosla lo antes posible y recuerda que DURANTE ESTE MES DE ENERO PUEDES BENEFICIARTE DE UN 10% DE DESCUENTO en el importe de tu inscripci\u00f3n.","og_url":"https:\/\/labs.100x100.net\/projects\/rutasal\/en-marcha-la-ruta-de-la-sal-2013\/","og_site_name":"Regata La Ruta de la Sal","article_publisher":"https:\/\/www.facebook.com\/rutadelasal\/","article_published_time":"2013-01-23T16:44:06+00:00","article_modified_time":"2019-03-14T10:00:25+00:00","og_image":[{"width":798,"height":529,"url":"https:\/\/labs.100x100.net\/projects\/rutasal\/custom\/uploads\/2019\/03\/Capture-27.png","type":"image\/png"}],"author":"La Ruta de la Sal","twitter_card":"summary_large_image","twitter_creator":"@AnamMedi","twitter_site":"@AnamMedi","twitter_misc":{"Escrito por":"La Ruta de la Sal","Tiempo de lectura":"1 minuto"},"schema":{"@context":"https:\/\/schema.org","@graph":[{"@type":"WebPage","@id":"https:\/\/labs.100x100.net\/projects\/rutasal\/en-marcha-la-ruta-de-la-sal-2013\/","url":"https:\/\/labs.100x100.net\/projects\/rutasal\/en-marcha-la-ruta-de-la-sal-2013\/","name":"En Marcha La Ruta de la Sal 2013 | Regata La Ruta de la Sal","isPartOf":{"@id":"https:\/\/labs.100x100.net\/projects\/rutasal\/#website"},"primaryImageOfPage":{"@id":"https:\/\/labs.100x100.net\/projects\/rutasal\/en-marcha-la-ruta-de-la-sal-2013\/#primaryimage"},"image":{"@id":"https:\/\/labs.100x100.net\/projects\/rutasal\/en-marcha-la-ruta-de-la-sal-2013\/#primaryimage"},"thumbnailUrl":"https:\/\/labs.100x100.net\/projects\/rutasal\/custom\/uploads\/2019\/03\/Capture-27.png","datePublished":"2013-01-23T16:44:06+00:00","dateModified":"2019-03-14T10:00:25+00:00","author":{"@id":"https:\/\/labs.100x100.net\/projects\/rutasal\/#\/schema\/person\/214eeb4a2e78fd8373a0a94f6d93c9ca"},"breadcrumb":{"@id":"https:\/\/labs.100x100.net\/projects\/rutasal\/en-marcha-la-ruta-de-la-sal-2013\/#breadcrumb"},"inLanguage":"es","potentialAction":[{"@type":"ReadAction","target":["https:\/\/labs.100x100.net\/projects\/rutasal\/en-marcha-la-ruta-de-la-sal-2013\/"]}]},{"@type":"ImageObject","inLanguage":"es","@id":"https:\/\/labs.100x100.net\/projects\/rutasal\/en-marcha-la-ruta-de-la-sal-2013\/#primaryimage","url":"https:\/\/labs.100x100.net\/projects\/rutasal\/custom\/uploads\/2019\/03\/Capture-27.png","contentUrl":"https:\/\/labs.100x100.net\/projects\/rutasal\/custom\/uploads\/2019\/03\/Capture-27.png","width":798,"height":529},{"@type":"BreadcrumbList","@id":"https:\/\/labs.100x100.net\/projects\/rutasal\/en-marcha-la-ruta-de-la-sal-2013\/#breadcrumb","itemListElement":[{"@type":"ListItem","position":1,"name":"Portada","item":"https:\/\/labs.100x100.net\/projects\/rutasal\/"},{"@type":"ListItem","position":2,"name":"En Marcha La Ruta de la Sal 2013"}]},{"@type":"WebSite","@id":"https:\/\/labs.100x100.net\/projects\/rutasal\/#website","url":"https:\/\/labs.100x100.net\/projects\/rutasal\/","name":"Regata La Ruta de la Sal","description":"Regata La Ruta de la Sal es una regata de Altura Mediterr\u00e1nea para barcos de crucero a vela con destino en Ibiza, que se disputa anualmente en Semana Santa.","potentialAction":[{"@type":"SearchAction","target":{"@type":"EntryPoint","urlTemplate":"https:\/\/labs.100x100.net\/projects\/rutasal\/?s={search_term_string}"},"query-input":"required name=search_term_string"}],"inLanguage":"es"},{"@type":"Person","@id":"https:\/\/labs.100x100.net\/projects\/rutasal\/#\/schema\/person\/214eeb4a2e78fd8373a0a94f6d93c9ca","name":"La Ruta de la Sal","image":{"@type":"ImageObject","inLanguage":"es","@id":"https:\/\/labs.100x100.net\/projects\/rutasal\/#\/schema\/person\/image\/","url":"https:\/\/secure.gravatar.com\/avatar\/b247286d4b801d6b1cfcfb3807587284?s=96&d=mm&r=g","contentUrl":"https:\/\/secure.gravatar.com\/avatar\/b247286d4b801d6b1cfcfb3807587284?s=96&d=mm&r=g","caption":"La Ruta de la Sal"}}]}},"_links":{"self":[{"href":"https:\/\/labs.100x100.net\/projects\/rutasal\/wp-json\/wp\/v2\/posts\/1266"}],"collection":[{"href":"https:\/\/labs.100x100.net\/projects\/rutasal\/wp-json\/wp\/v2\/posts"}],"about":[{"href":"https:\/\/labs.100x100.net\/projects\/rutasal\/wp-json\/wp\/v2\/types\/post"}],"author":[{"embeddable":true,"href":"https:\/\/labs.100x100.net\/projects\/rutasal\/wp-json\/wp\/v2\/users\/1"}],"replies":[{"embeddable":true,"href":"https:\/\/labs.100x100.net\/projects\/rutasal\/wp-json\/wp\/v2\/comments?post=1266"}],"version-history":[{"count":1,"href":"https:\/\/labs.100x100.net\/projects\/rutasal\/wp-json\/wp\/v2\/posts\/1266\/revisions"}],"predecessor-version":[{"id":3870,"href":"https:\/\/labs.100x100.net\/projects\/rutasal\/wp-json\/wp\/v2\/posts\/1266\/revisions\/3870"}],"wp:featuredmedia":[{"embeddable":true,"href":"https:\/\/labs.100x100.net\/projects\/rutasal\/wp-json\/wp\/v2\/media\/3757"}],"wp:attachment":[{"href":"https:\/\/labs.100x100.net\/projects\/rutasal\/wp-json\/wp\/v2\/media?parent=1266"}],"wp:term":[{"taxonomy":"category","embeddable":true,"href":"https:\/\/labs.100x100.net\/projects\/rutasal\/wp-json\/wp\/v2\/categories?post=1266"},{"taxonomy":"post_tag","embeddable":true,"href":"https:\/\/labs.100x100.net\/projects\/rutasal\/wp-json\/wp\/v2\/tags?post=1266"}],"curies":[{"name":"wp","href":"https:\/\/api.w.org\/{rel}","templated":true}]}}