{"id":1229,"date":"2013-01-10T19:45:42","date_gmt":"2013-01-10T19:45:42","guid":{"rendered":"https:\/\/larutadelasal.com\/?p=1229"},"modified":"2019-03-14T12:01:13","modified_gmt":"2019-03-14T10:01:13","slug":"28-de-marzo-rumbo-a-ibiza","status":"publish","type":"post","link":"https:\/\/labs.100x100.net\/projects\/rutasal\/28-de-marzo-rumbo-a-ibiza\/","title":{"rendered":"SEMANA SANTA: PREPARANDO EL BORDO A IBIZA"},"content":{"rendered":"<h2>EL DEPORTE UNIVERSITARIO EN LA COMPETICI\u00d3N DE ALTURA<\/h2>\n<h1>LA VERSI\u00d3N ESTE DE LA RUTA DE LA SAL SER\u00c1 DE NUEVO EL MARCO DEPORTIVO DE LA COPA UNIVERSIDAD<\/h1>\n<p style=\"text-align: justify;\"><strong>COMENZ\u00d3 LA CUENTA ATR\u00c1S\u2026<\/strong><\/p>\n<p style=\"text-align: justify;\">Ya falta menos para la salida. Llega el momento de ir ultimando los preparativos, de definir tripulaciones y, posiblemente, de navegar algunas millas para comprobar que todo va bien. De aseg\u00faranos que no habr\u00e1 sorpresas en mitad del canal cuando Ibiza esta ya a \u201ctiro de piedra\u201d. Los indecisos aun est\u00e1n a tiempo de inscribirse y participar en esta extraordinaria aventura. El pr\u00f3ximo 28 de marzo del 2013, Jueves Santo, comenzar\u00e1 la 26 edici\u00f3n de la Ruta de La Sal. La Versi\u00f3n Norte partir\u00e1 desde Port Ginesta, como lo hizo en 1989 en la que fue su primera edici\u00f3n. La Versi\u00f3n Este, desde Denia. Ambas flotas con el objetivo de llegar, lo mas r\u00e1pido posible, a Sant Antoni de Portmany en Ibiza.<\/p>\n<p style=\"text-align: justify;\"><strong>UNA PROPUESTA DIVERTIDA, AMENA Y CON MUCHAS OPCIONES&#8230;<\/strong><\/p>\n<p style=\"text-align: justify;\">El gran atractivo de La Sal radica en ser una regata de altura asequible por distancias y tiempos, pero que, de alguna manera, recoge todas las caracter\u00edsticas y particularidades que m\u00e1s definen a una competici\u00f3n en alta mar. Se sale del Continente para ir a una Isla. Buen comienzo. Ibiza es un destino extraordinario. Siempre de moda, muy m\u00e1gico. El Mar Balear con sus microclimas y las influencias en sus modelos meteorol\u00f3gicos de las costas Levantinas, Mallorca e Ibiza, se dibuja como campo de regata perfecto. La navegaci\u00f3n nocturna, y una \u00e9poca del a\u00f1o, inestable, poco previsible \u2013de cambio de Luna\u2013 da un toque especial a toda la propuesta, como resultado una regata de altura con muchas posibilidades deportivas. \u201c<strong><em>Una regata<\/em><\/strong>, como asegur\u00f3 tantas veces Pepe Ferr\u00e9s, -fundador de La Sal- <em><strong>dif\u00edcil, en ocasiones incluso muy compleja, pero cargada de grandes atractivos para los amantes de la navegaci\u00f3n de altura<\/strong><\/em>\u201d.<\/p>\n<p><strong>La Versi\u00f3n Norte de La Sal que saldr\u00e1 el pr\u00f3ximo jueves 28 de marzo del 2013 a las 10:00 h desde el CM Port Ginesta<\/strong>, se competir\u00e1, como ya es habitual, sobre un recorrido de 140 millas con rumbo directo hasta el CN Sant Antoni de Portmany en Ibiza. Ser\u00e1 una navegaci\u00f3n de altura muy condicionada por los panoramas meteorol\u00f3gicos de las costas norte de Mallorca e Ibiza y, tambi\u00e9n, del Golfo de Sant Jordi.<\/p>\n<p><strong>La Versi\u00f3n Este con salida prevista para las 14: 00 h del mismo d\u00eda, jueves 28 de marzo del 2013, desde el RC N\u00e1utico de Denia<\/strong>, implica un circuito de 120 millas que obliga a los equipos en competici\u00f3n a tomar Formentera por babor, la Isla de Tagomago y, navegando por la costa norte de Ibiza, llegar hasta Sant Antoni de Portmany. Recorrido, este ultimo, que podr\u00eda modificarse si las condiciones meteorol\u00f3gicas as\u00ed lo sugiriesen. T\u00e9cnicamente hablando esta Versi\u00f3n Este es un interesante circuito en el que cohabitan la navegaci\u00f3n de altura media con un recorrido costero cargado de opciones. Una regata amena, muy t\u00e1ctica, y con muchas variables que, en un momento dado, podr\u00edan contribuir a definir una victoria.<\/p>\n<div>\n<p><strong>En la arribada<\/strong> a Ibiza, en Sant Antoni, se han preparado, como siempre, m\u00faltiples actos en tierra. <strong>El Village de La Sal<\/strong> estar\u00e1 preparado en el<strong> CN Sant Antoni<\/strong> para recibir a los regatistas las 24h.<\/p>\n<\/div>\n<div>\n<p>El pr\u00f3ximo 28 de marzo del 2013, como siempre Jueves Santo, los participantes en la 26 edici\u00f3n de la Ruta de La Sal comenzar\u00e1n a escribir la historia de los pr\u00f3ximos a\u00f1os de esta gran regata. Atr\u00e1s quedan oc\u00e9anos de an\u00e9cdotas y haza\u00f1as con sabor a sal. R\u00e9cords deportivos para registrar y muchos amigos que recordar. El equipo de Pepe Ferr\u00e9s, como siempre, velar\u00e1 para que todo funcione a la perfecci\u00f3n. Hay cosas que nunca se olvidan.<\/p>\n<\/div>\n<p style=\"text-align: justify;\">\n","protected":false},"excerpt":{"rendered":"<p>COMENZ\u00d3 LA CUENTA ATR\u00c1S\u2026<\/p>\n<p>Ya falta menos para la salida. Llega el momento de ir ultimando los preparativos, de definir tripulaciones y, posiblemente, de navegar algunas millas para comprobar que todo va bien. De aseg\u00faranos que no habr\u00e1 sorpresas en mitad del canal cuando Ibiza esta ya a \u201ctiro de piedra\u201d.<\/p>\n","protected":false},"author":1,"featured_media":2861,"comment_status":"open","ping_status":"open","sticky":false,"template":"","format":"standard","meta":{"_acf_changed":false,"footnotes":""},"categories":[3],"tags":[],"acf":[],"yoast_head":"<!-- This site is optimized with the Yoast SEO plugin v23.0 - https:\/\/yoast.com\/wordpress\/plugins\/seo\/ -->\n<title>SEMANA SANTA: PREPARANDO EL BORDO A IBIZA | Regata La Ruta de la Sal<\/title>\n<meta name=\"robots\" content=\"noindex, follow, max-snippet:-1, max-image-preview:large, max-video-preview:-1\" \/>\n<meta property=\"og:locale\" content=\"es_ES\" \/>\n<meta property=\"og:type\" content=\"article\" \/>\n<meta property=\"og:title\" content=\"SEMANA SANTA: PREPARANDO EL BORDO A IBIZA | Regata La Ruta de la Sal\" \/>\n<meta property=\"og:description\" content=\"COMENZ\u00d3 LA CUENTA ATR\u00c1S\u2026  Ya falta menos para la salida. Llega el momento de ir ultimando los preparativos, de definir tripulaciones y, posiblemente, de navegar algunas millas para comprobar que todo va bien. De aseg\u00faranos que no habr\u00e1 sorpresas en mitad del canal cuando Ibiza esta ya a \u201ctiro de piedra\u201d.\" \/>\n<meta property=\"og:url\" content=\"https:\/\/labs.100x100.net\/projects\/rutasal\/28-de-marzo-rumbo-a-ibiza\/\" \/>\n<meta property=\"og:site_name\" content=\"Regata La Ruta de la Sal\" \/>\n<meta property=\"article:publisher\" content=\"https:\/\/www.facebook.com\/rutadelasal\/\" \/>\n<meta property=\"article:published_time\" content=\"2013-01-10T19:45:42+00:00\" \/>\n<meta property=\"article:modified_time\" content=\"2019-03-14T10:01:13+00:00\" \/>\n<meta property=\"og:image\" content=\"https:\/\/labs.100x100.net\/projects\/rutasal\/custom\/uploads\/2018\/03\/AFB5014B2P.jpg\" \/>\n\t<meta property=\"og:image:width\" content=\"1500\" \/>\n\t<meta property=\"og:image:height\" content=\"994\" \/>\n\t<meta property=\"og:image:type\" content=\"image\/jpeg\" \/>\n<meta name=\"author\" content=\"La Ruta de la Sal\" \/>\n<meta name=\"twitter:card\" content=\"summary_large_image\" \/>\n<meta name=\"twitter:creator\" content=\"@AnamMedi\" \/>\n<meta name=\"twitter:site\" content=\"@AnamMedi\" \/>\n<meta name=\"twitter:label1\" content=\"Escrito por\" \/>\n\t<meta name=\"twitter:data1\" content=\"La Ruta de la Sal\" \/>\n\t<meta name=\"twitter:label2\" content=\"Tiempo de lectura\" \/>\n\t<meta name=\"twitter:data2\" content=\"3 minutos\" \/>\n<script type=\"application\/ld+json\" class=\"yoast-schema-graph\">{\"@context\":\"https:\/\/schema.org\",\"@graph\":[{\"@type\":\"WebPage\",\"@id\":\"https:\/\/labs.100x100.net\/projects\/rutasal\/28-de-marzo-rumbo-a-ibiza\/\",\"url\":\"https:\/\/labs.100x100.net\/projects\/rutasal\/28-de-marzo-rumbo-a-ibiza\/\",\"name\":\"SEMANA SANTA: PREPARANDO EL BORDO A IBIZA | Regata La Ruta de la Sal\",\"isPartOf\":{\"@id\":\"https:\/\/labs.100x100.net\/projects\/rutasal\/#website\"},\"primaryImageOfPage\":{\"@id\":\"https:\/\/labs.100x100.net\/projects\/rutasal\/28-de-marzo-rumbo-a-ibiza\/#primaryimage\"},\"image\":{\"@id\":\"https:\/\/labs.100x100.net\/projects\/rutasal\/28-de-marzo-rumbo-a-ibiza\/#primaryimage\"},\"thumbnailUrl\":\"https:\/\/labs.100x100.net\/projects\/rutasal\/custom\/uploads\/2018\/03\/AFB5014B2P.jpg\",\"datePublished\":\"2013-01-10T19:45:42+00:00\",\"dateModified\":\"2019-03-14T10:01:13+00:00\",\"author\":{\"@id\":\"https:\/\/labs.100x100.net\/projects\/rutasal\/#\/schema\/person\/214eeb4a2e78fd8373a0a94f6d93c9ca\"},\"breadcrumb\":{\"@id\":\"https:\/\/labs.100x100.net\/projects\/rutasal\/28-de-marzo-rumbo-a-ibiza\/#breadcrumb\"},\"inLanguage\":\"es\",\"potentialAction\":[{\"@type\":\"ReadAction\",\"target\":[\"https:\/\/labs.100x100.net\/projects\/rutasal\/28-de-marzo-rumbo-a-ibiza\/\"]}]},{\"@type\":\"ImageObject\",\"inLanguage\":\"es\",\"@id\":\"https:\/\/labs.100x100.net\/projects\/rutasal\/28-de-marzo-rumbo-a-ibiza\/#primaryimage\",\"url\":\"https:\/\/labs.100x100.net\/projects\/rutasal\/custom\/uploads\/2018\/03\/AFB5014B2P.jpg\",\"contentUrl\":\"https:\/\/labs.100x100.net\/projects\/rutasal\/custom\/uploads\/2018\/03\/AFB5014B2P.jpg\",\"width\":1500,\"height\":994},{\"@type\":\"BreadcrumbList\",\"@id\":\"https:\/\/labs.100x100.net\/projects\/rutasal\/28-de-marzo-rumbo-a-ibiza\/#breadcrumb\",\"itemListElement\":[{\"@type\":\"ListItem\",\"position\":1,\"name\":\"Portada\",\"item\":\"https:\/\/labs.100x100.net\/projects\/rutasal\/\"},{\"@type\":\"ListItem\",\"position\":2,\"name\":\"SEMANA SANTA: PREPARANDO EL BORDO A IBIZA\"}]},{\"@type\":\"WebSite\",\"@id\":\"https:\/\/labs.100x100.net\/projects\/rutasal\/#website\",\"url\":\"https:\/\/labs.100x100.net\/projects\/rutasal\/\",\"name\":\"Regata La Ruta de la Sal\",\"description\":\"Regata La Ruta de la Sal es una regata de Altura Mediterr\u00e1nea para barcos de crucero a vela con destino en Ibiza, que se disputa anualmente en Semana Santa.\",\"potentialAction\":[{\"@type\":\"SearchAction\",\"target\":{\"@type\":\"EntryPoint\",\"urlTemplate\":\"https:\/\/labs.100x100.net\/projects\/rutasal\/?s={search_term_string}\"},\"query-input\":\"required name=search_term_string\"}],\"inLanguage\":\"es\"},{\"@type\":\"Person\",\"@id\":\"https:\/\/labs.100x100.net\/projects\/rutasal\/#\/schema\/person\/214eeb4a2e78fd8373a0a94f6d93c9ca\",\"name\":\"La Ruta de la Sal\",\"image\":{\"@type\":\"ImageObject\",\"inLanguage\":\"es\",\"@id\":\"https:\/\/labs.100x100.net\/projects\/rutasal\/#\/schema\/person\/image\/\",\"url\":\"https:\/\/secure.gravatar.com\/avatar\/b247286d4b801d6b1cfcfb3807587284?s=96&d=mm&r=g\",\"contentUrl\":\"https:\/\/secure.gravatar.com\/avatar\/b247286d4b801d6b1cfcfb3807587284?s=96&d=mm&r=g\",\"caption\":\"La Ruta de la Sal\"}}]}<\/script>\n<!-- \/ Yoast SEO plugin. -->","yoast_head_json":{"title":"SEMANA SANTA: PREPARANDO EL BORDO A IBIZA | Regata La Ruta de la Sal","robots":{"index":"noindex","follow":"follow","max-snippet":"max-snippet:-1","max-image-preview":"max-image-preview:large","max-video-preview":"max-video-preview:-1"},"og_locale":"es_ES","og_type":"article","og_title":"SEMANA SANTA: PREPARANDO EL BORDO A IBIZA | Regata La Ruta de la Sal","og_description":"COMENZ\u00d3 LA CUENTA ATR\u00c1S\u2026  Ya falta menos para la salida. Llega el momento de ir ultimando los preparativos, de definir tripulaciones y, posiblemente, de navegar algunas millas para comprobar que todo va bien. De aseg\u00faranos que no habr\u00e1 sorpresas en mitad del canal cuando Ibiza esta ya a \u201ctiro de piedra\u201d.","og_url":"https:\/\/labs.100x100.net\/projects\/rutasal\/28-de-marzo-rumbo-a-ibiza\/","og_site_name":"Regata La Ruta de la Sal","article_publisher":"https:\/\/www.facebook.com\/rutadelasal\/","article_published_time":"2013-01-10T19:45:42+00:00","article_modified_time":"2019-03-14T10:01:13+00:00","og_image":[{"width":1500,"height":994,"url":"https:\/\/labs.100x100.net\/projects\/rutasal\/custom\/uploads\/2018\/03\/AFB5014B2P.jpg","type":"image\/jpeg"}],"author":"La Ruta de la Sal","twitter_card":"summary_large_image","twitter_creator":"@AnamMedi","twitter_site":"@AnamMedi","twitter_misc":{"Escrito por":"La Ruta de la Sal","Tiempo de lectura":"3 minutos"},"schema":{"@context":"https:\/\/schema.org","@graph":[{"@type":"WebPage","@id":"https:\/\/labs.100x100.net\/projects\/rutasal\/28-de-marzo-rumbo-a-ibiza\/","url":"https:\/\/labs.100x100.net\/projects\/rutasal\/28-de-marzo-rumbo-a-ibiza\/","name":"SEMANA SANTA: PREPARANDO EL BORDO A IBIZA | Regata La Ruta de la Sal","isPartOf":{"@id":"https:\/\/labs.100x100.net\/projects\/rutasal\/#website"},"primaryImageOfPage":{"@id":"https:\/\/labs.100x100.net\/projects\/rutasal\/28-de-marzo-rumbo-a-ibiza\/#primaryimage"},"image":{"@id":"https:\/\/labs.100x100.net\/projects\/rutasal\/28-de-marzo-rumbo-a-ibiza\/#primaryimage"},"thumbnailUrl":"https:\/\/labs.100x100.net\/projects\/rutasal\/custom\/uploads\/2018\/03\/AFB5014B2P.jpg","datePublished":"2013-01-10T19:45:42+00:00","dateModified":"2019-03-14T10:01:13+00:00","author":{"@id":"https:\/\/labs.100x100.net\/projects\/rutasal\/#\/schema\/person\/214eeb4a2e78fd8373a0a94f6d93c9ca"},"breadcrumb":{"@id":"https:\/\/labs.100x100.net\/projects\/rutasal\/28-de-marzo-rumbo-a-ibiza\/#breadcrumb"},"inLanguage":"es","potentialAction":[{"@type":"ReadAction","target":["https:\/\/labs.100x100.net\/projects\/rutasal\/28-de-marzo-rumbo-a-ibiza\/"]}]},{"@type":"ImageObject","inLanguage":"es","@id":"https:\/\/labs.100x100.net\/projects\/rutasal\/28-de-marzo-rumbo-a-ibiza\/#primaryimage","url":"https:\/\/labs.100x100.net\/projects\/rutasal\/custom\/uploads\/2018\/03\/AFB5014B2P.jpg","contentUrl":"https:\/\/labs.100x100.net\/projects\/rutasal\/custom\/uploads\/2018\/03\/AFB5014B2P.jpg","width":1500,"height":994},{"@type":"BreadcrumbList","@id":"https:\/\/labs.100x100.net\/projects\/rutasal\/28-de-marzo-rumbo-a-ibiza\/#breadcrumb","itemListElement":[{"@type":"ListItem","position":1,"name":"Portada","item":"https:\/\/labs.100x100.net\/projects\/rutasal\/"},{"@type":"ListItem","position":2,"name":"SEMANA SANTA: PREPARANDO EL BORDO A IBIZA"}]},{"@type":"WebSite","@id":"https:\/\/labs.100x100.net\/projects\/rutasal\/#website","url":"https:\/\/labs.100x100.net\/projects\/rutasal\/","name":"Regata La Ruta de la Sal","description":"Regata La Ruta de la Sal es una regata de Altura Mediterr\u00e1nea para barcos de crucero a vela con destino en Ibiza, que se disputa anualmente en Semana Santa.","potentialAction":[{"@type":"SearchAction","target":{"@type":"EntryPoint","urlTemplate":"https:\/\/labs.100x100.net\/projects\/rutasal\/?s={search_term_string}"},"query-input":"required name=search_term_string"}],"inLanguage":"es"},{"@type":"Person","@id":"https:\/\/labs.100x100.net\/projects\/rutasal\/#\/schema\/person\/214eeb4a2e78fd8373a0a94f6d93c9ca","name":"La Ruta de la Sal","image":{"@type":"ImageObject","inLanguage":"es","@id":"https:\/\/labs.100x100.net\/projects\/rutasal\/#\/schema\/person\/image\/","url":"https:\/\/secure.gravatar.com\/avatar\/b247286d4b801d6b1cfcfb3807587284?s=96&d=mm&r=g","contentUrl":"https:\/\/secure.gravatar.com\/avatar\/b247286d4b801d6b1cfcfb3807587284?s=96&d=mm&r=g","caption":"La Ruta de la Sal"}}]}},"_links":{"self":[{"href":"https:\/\/labs.100x100.net\/projects\/rutasal\/wp-json\/wp\/v2\/posts\/1229"}],"collection":[{"href":"https:\/\/labs.100x100.net\/projects\/rutasal\/wp-json\/wp\/v2\/posts"}],"about":[{"href":"https:\/\/labs.100x100.net\/projects\/rutasal\/wp-json\/wp\/v2\/types\/post"}],"author":[{"embeddable":true,"href":"https:\/\/labs.100x100.net\/projects\/rutasal\/wp-json\/wp\/v2\/users\/1"}],"replies":[{"embeddable":true,"href":"https:\/\/labs.100x100.net\/projects\/rutasal\/wp-json\/wp\/v2\/comments?post=1229"}],"version-history":[{"count":1,"href":"https:\/\/labs.100x100.net\/projects\/rutasal\/wp-json\/wp\/v2\/posts\/1229\/revisions"}],"predecessor-version":[{"id":3871,"href":"https:\/\/labs.100x100.net\/projects\/rutasal\/wp-json\/wp\/v2\/posts\/1229\/revisions\/3871"}],"wp:featuredmedia":[{"embeddable":true,"href":"https:\/\/labs.100x100.net\/projects\/rutasal\/wp-json\/wp\/v2\/media\/2861"}],"wp:attachment":[{"href":"https:\/\/labs.100x100.net\/projects\/rutasal\/wp-json\/wp\/v2\/media?parent=1229"}],"wp:term":[{"taxonomy":"category","embeddable":true,"href":"https:\/\/labs.100x100.net\/projects\/rutasal\/wp-json\/wp\/v2\/categories?post=1229"},{"taxonomy":"post_tag","embeddable":true,"href":"https:\/\/labs.100x100.net\/projects\/rutasal\/wp-json\/wp\/v2\/tags?post=1229"}],"curies":[{"name":"wp","href":"https:\/\/api.w.org\/{rel}","templated":true}]}}