{"id":1203,"date":"2012-10-01T09:05:10","date_gmt":"2012-10-01T09:05:10","guid":{"rendered":"https:\/\/larutadelasal.com\/?p=1203"},"modified":"2019-03-14T12:03:44","modified_gmt":"2019-03-14T10:03:44","slug":"multitudinaria-presentacion-de-la-ruta-de-la-sal-la-regata-clasica-de-semana-santa-en-el-salon-nautico-internacional-de-barcelona","status":"publish","type":"post","link":"https:\/\/labs.100x100.net\/projects\/rutasal\/multitudinaria-presentacion-de-la-ruta-de-la-sal-la-regata-clasica-de-semana-santa-en-el-salon-nautico-internacional-de-barcelona\/","title":{"rendered":"MULTITUDINARIA PRESENTACI\u00d3N DE LA RUTA DE LA SAL, LA REGATA CL\u00c1SICA DE SEMANA SANTA, EN EL SAL\u00d3N N\u00c1UTICO INTERNACIONAL DE BARCELONA."},"content":{"rendered":"<p><strong>LA RUTA DE LA SAL CUMPLE 26 A\u00d1OS DE HISTORIA.<\/strong><\/p>\n<p>&nbsp;<\/p>\n<p style=\"text-align: justify;\"><strong>SU GRAN Y DEMOSTRADA CAPACIDAD PARA DINAMIZAR EL TURISMO NAUTICO EN IBIZA LE SITUA COMO UN EVENTO ESTRATEGICO PARA EL EMPRESARIADO LOCAL.<\/strong><\/p>\n<p style=\"text-align: justify;\">Despu\u00e9s de veintis\u00e9is a\u00f1os, La Ruta de la Sal se presenta nuevamente, como una de las competiciones m\u00e1s atractivas del Mediterr\u00e1neo.<\/p>\n<p style=\"text-align: justify;\">Un evento que refleja las posibilidades que ofrece la isla de Ibiza fuera de los meses de verano y que supone en si mismo, un escenario para mostrar los atractivos de Ibiza desde la mar.<\/p>\n<p style=\"text-align: justify;\">La complicidad establecida entre la mar, la Isla de Ibiza y sus gentes ha sido y sigue siendo una constante que ha evolucionado a lo largo de los tiempos y que sigue manteni\u00e9ndose hoy en d\u00eda.<\/p>\n<p><a class=\"tt-flickr tt-flickr-Medium\" title=\"_AFB3208\" href=\"http:\/\/farm9.staticflickr.com\/8040\/8035250731_d95caf1c7d_B.jpg\"><img loading=\"lazy\" decoding=\"async\" class=\"alignnone\" src=\"http:\/\/farm9.staticflickr.com\/8040\/8035250731_d95caf1c7d.jpg\" alt=\"_AFB3208\" width=\"657\" height=\"400\" \/><\/a><\/p>\n<p style=\"text-align: justify;\"><strong>La Ruta de la Sal<\/strong> promociona y consolida a las Pitiusas como un destino id\u00f3neo para el turismo n\u00e1utico.<\/p>\n<p style=\"text-align: justify;\"><strong>La Ruta de la Sal<\/strong> cumple veintis\u00e9is a\u00f1os. Es ya parte de la historia de la vela de altura en nuestro pa\u00eds. Tambi\u00e9n, que duda cabe, todo un fen\u00f3meno social y deportivo que, desde su primera convocatoria, en la ya lejana Semana Santa de 1989, ha servido, sobre todo, para fomentar y consolidar en nuestro pa\u00eds la practica de la competici\u00f3n en alta mar.<\/p>\n<p style=\"text-align: justify;\">Veintis\u00e9is a\u00f1os, y miles de millas de competici\u00f3n, en todo este tiempo mas de 7.000 millas, salpicadas de oc\u00e9anos de an\u00e9cdotas, \u00e9xitos deportivos, navegaciones cargadas de magias y, sobre todo, mucho sabor a Sal. Que han disfrutado, los mas de 50.000 regatistas que han participado en la Ruta de La Sal desde su primera largada en el 89 , sin olvidar a los miles de acompa\u00f1antes y simpatizantes con el evento.<\/p>\n<p><a class=\"tt-flickr tt-flickr-Medium\" title=\"_AFB3235\" href=\"http:\/\/farm9.staticflickr.com\/8037\/8035248340_d266139f40_b.jpg\"><img loading=\"lazy\" decoding=\"async\" class=\"alignnone\" src=\"http:\/\/farm9.staticflickr.com\/8037\/8035248340_d266139f40.jpg\" alt=\"_AFB3235\" width=\"320\" height=\"229\" \/><\/a> <a class=\"tt-flickr tt-flickr-Medium\" title=\"_AFB3190\" href=\"http:\/\/farm9.staticflickr.com\/8322\/8035249856_d6720fae5b_b.jpg\"><img loading=\"lazy\" decoding=\"async\" class=\"alignnone\" src=\"http:\/\/farm9.staticflickr.com\/8322\/8035249856_d6720fae5b.jpg\" alt=\"_AFB3190\" width=\"320\" height=\"229\" \/><\/a> <a class=\"tt-flickr tt-flickr-Medium\" title=\"_AFB3220\" href=\"http:\/\/farm9.staticflickr.com\/8178\/8035250349_8c50e79693_b.jpg\"><img loading=\"lazy\" decoding=\"async\" class=\"alignnone\" src=\"http:\/\/farm9.staticflickr.com\/8178\/8035250349_8c50e79693.jpg\" alt=\"_AFB3220\" width=\"320\" height=\"229\" \/><\/a> <a class=\"tt-flickr tt-flickr-Medium\" title=\"_AFB3201\" href=\"http:\/\/farm9.staticflickr.com\/8029\/8035250907_73e857a47d_b.jpg\"><img loading=\"lazy\" decoding=\"async\" class=\"alignnone\" src=\"http:\/\/farm9.staticflickr.com\/8029\/8035250907_73e857a47d.jpg\" alt=\"_AFB3201\" width=\"320\" height=\"229\" \/><\/a><\/p>\n<p style=\"text-align: justify;\">Veintis\u00e9is a\u00f1os para una regata son muchos. Pocas pueden acreditar una existencia tan larga sin haber cambiado los planteamientos b\u00e1sicos que justificaron su creaci\u00f3n. Posiblemente este sea el gran \u00e9xito de este gran evento. La Ruta de La Sal naci\u00f3 como una regata de altura basada en un recorrido que aunque relativamente asequible en distancias, ofreciese todas las ventajas de una gran regata en altamar; Zarpar de un puerto para arribar a otro. Si adem\u00e1s es una Isla, mejor que mejor. Si esta Isla es Ibiza, una tierra cargada de magias y sabores marineros, el tema no tiene discusi\u00f3n. Navegaci\u00f3n nocturna, indispensable, enigm\u00e1tica. El micro-clima del Mar Balear con las incidencias de las orograf\u00edas de las costas de Mallorca, Formentera de Ibiza, incluso del Golfo de Sant Jordi, en todas las derrotas que aproximan a la meta. Muchas variables que gobernar para unos recorridos exigentes y cargados de posibilidades deportivas.<\/p>\n<p style=\"text-align: justify;\"><strong>ANAM, <\/strong>apostando por una pol\u00edtica de claro fomento de la navegaci\u00f3n de altura, no ha dejado de trabajar para que en La Ruta de La Sal exista una posibilidad de competici\u00f3n para cada tipo de barco. Esto siempre gusta, adem\u00e1s dulcifica mucho la singladura hasta las Pitiussas. Luego en Ibiza, jornadas de camaderia y un ambiente rabiosamente marino, con un programa de apoyo que permite dar bordos de todo tipo.<\/p>\n<p style=\"text-align: justify;\">La fidelidad de cientos de armadores con la regata, algunos asiduos desde aquella legendaria largada del 89, es posiblemente el s\u00edntoma m\u00e1s evidente de que La Ruta de La Sal, tras veintis\u00e9is a\u00f1os, sigue siendo la cl\u00e1sica de semana santa.<\/p>\n<p style=\"text-align: left;\"><a class=\"tt-flickr tt-flickr-Medium\" title=\"_AFB3219\" href=\"http:\/\/farm9.staticflickr.com\/8040\/8035250437_6db380f71e_b.jpg\"><img loading=\"lazy\" decoding=\"async\" class=\"alignnone\" src=\"http:\/\/farm9.staticflickr.com\/8040\/8035250437_6db380f71e.jpg\" alt=\"_AFB3219\" width=\"320\" height=\"229\" \/><\/a> <a class=\"tt-flickr tt-flickr-Medium\" title=\"_AFB3215\" href=\"http:\/\/farm9.staticflickr.com\/8316\/8035249032_543733d1db_b.jpg\"><img loading=\"lazy\" decoding=\"async\" class=\"alignnone\" src=\"http:\/\/farm9.staticflickr.com\/8316\/8035249032_543733d1db.jpg\" alt=\"_AFB3215\" width=\"320\" height=\"229\" \/><\/a> <a class=\"tt-flickr tt-flickr-Medium\" title=\"_AFB3212\" href=\"http:\/\/farm9.staticflickr.com\/8170\/8035250635_e60a2747ac_b.jpg\"><img loading=\"lazy\" decoding=\"async\" class=\"alignnone\" src=\"http:\/\/farm9.staticflickr.com\/8170\/8035250635_e60a2747ac.jpg\" alt=\"_AFB3212\" width=\"320\" height=\"229\" \/><\/a> <a class=\"tt-flickr tt-flickr-Medium\" title=\"_AFB3203\" href=\"http:\/\/farm9.staticflickr.com\/8320\/8035249234_9d0aa0a517_b.jpg\"><img loading=\"lazy\" decoding=\"async\" class=\"alignnone\" src=\"http:\/\/farm9.staticflickr.com\/8320\/8035249234_9d0aa0a517.jpg\" alt=\"_AFB3203\" width=\"320\" height=\"229\" \/><\/a><\/p>\n<p style=\"text-align: justify;\">Bajo aspectos deportivos, la <strong>Versi\u00f3n Norte de La Sal<\/strong> que zarpara el pr\u00f3ximo 28 de marzo de 2013 desde el CM Port Ginesta, se competir\u00e1 sobre un recorrido de 140 millas con rumbo directo hasta el CN Sant Antoni de Portmany en Ibiza. La <strong>Versi\u00f3n Este<\/strong> que partir\u00e1 el mismo d\u00eda desde el RC N\u00e1utico de Denia, se vera obligada a cubrir un circuito de 120 millas que implicar\u00e1 tomar Formentera por babor, la Isla de Tagomago y, navegando por la costa norte de Ibiza, llegar hasta Sant Antoni. Recorrido, este \u00faltimo, que podr\u00eda, si es el caso, modificarse si las condiciones meteorol\u00f3gicas as\u00ed lo sugiriesen.<\/p>\n<p style=\"text-align: justify;\">En la arribada a Ibiza, contin\u00faa el nuevo formato del Village de La Sal, ubicado en el Club Nautic de Sant Antoni proyectado como centro de referencia obligado donde participantes, visitantes y todo el que se sienta atra\u00eddo por la magia de la competici\u00f3n de altura podr\u00e1n disfrutar de una amplia gama de prestaciones que, sin duda alguna, permitir\u00e1n que su estancia en Ibiza sea m\u00e1s agradable y, como dijo Pepe Ferres, haciendo que entre todos se mantenga un estilo de regata muy propio, con una gran personalidad. Una prueba muy carism\u00e1tica que, ante todo, fomenta el amor a la navegaci\u00f3n de altura y al mar.<\/p>\n<p style=\"text-align: justify;\">Destacar, finalmente, que tras el \u00e9xito de la primera edici\u00f3n del <strong>Desaf\u00edo Universitario, Copa Universidad,<\/strong> disputado en la <strong>Versi\u00f3n Este de la pasada edici\u00f3n de la Ruta de La Sal. Para la cita del 2013<\/strong>, el <strong>Club Hippocampus de la Universidad Complutense de Madrid,<\/strong> invitara oficialmente a participar y desafiar al ganador de la primera convocatoria de este evento a todos los clubes de vela y de n\u00e1utica de la totalidad de las Universidades Espa\u00f1olas. Convirtiendo a La Sal en una importante referencia obligada para el deporte universitario que, a trav\u00e9s de esta iniciativa deportiva abre las puertas a la navegaci\u00f3n de altura a miles de j\u00f3venes de todo el pa\u00eds.<\/p>\n<p style=\"text-align: justify;\"><a class=\"tt-flickr tt-flickr-Medium\" title=\"_AFB3196\" href=\"http:\/\/farm9.staticflickr.com\/8176\/8035251079_ea80cd6422_b.jpg\"><img loading=\"lazy\" decoding=\"async\" class=\"alignnone\" src=\"http:\/\/farm9.staticflickr.com\/8176\/8035251079_ea80cd6422.jpg\" alt=\"_AFB3196\" width=\"657\" height=\"400\" \/><\/a><\/p>\n<p style=\"text-align: justify;\"><strong>La Presentaci\u00f3n ha sido presidida por el President del Consell d\u2019Eivissa, Vicents Serra, y a contado con la asistencia de las siguientes Autoridades:<\/strong><\/p>\n<p style=\"text-align: justify;\">LUIS CONDE, Presidente del Sal\u00f3n N\u00e1utico Internacional de Barcelona<br \/>\n<strong>GERARD ESTEVE,<\/strong> President de la Federaci\u00f2 Catalana de Vela<br \/>\n<strong>JESUS TURRO,<\/strong> Presidente de la Real Asociaci\u00f3n Nacional de Crueceros<br \/>\n<strong>VICENT SERRA<\/strong>, President del Consell d\u2019Eivissa<br \/>\n<strong>CARMEN FERRER<\/strong>, Consellera de Turisme del Consell d\u2019Eivissa<br \/>\n<strong>PEPITA GUTIERREZ<\/strong>, Alcaldesa de e Sant Antoni de Portmany (Eivissa)<br \/>\n<strong>VICENT RIBAS,<\/strong> Regidor de Turisme de l\u2019Ajuntament de Sant Antoni de Portmany<br \/>\n<strong>PEP TUR<\/strong>, Presidente del Club Nautico de Sant Antoni<br \/>\n<strong>JAIME PORTOLES<\/strong>, Presidente del Real Club Nautico de Denia<br \/>\n<strong>ELADI BALLETBO,<\/strong> Consejero Delegado de marina Port Ginesta<br \/>\n<strong>RODRIGO DE FEBRER, <\/strong>Capitan de Marina Port Ginesta<br \/>\n<strong>ISABEL SUBIRATS<\/strong>, Presidenta de ANAM<\/p>\n<p><a class=\"tt-flickr tt-flickr-Medium\" title=\"_AFB3289\" href=\"http:\/\/farm9.staticflickr.com\/8455\/8035247944_0e95704392_b.jpg\"><img loading=\"lazy\" decoding=\"async\" class=\"alignnone\" src=\"http:\/\/farm9.staticflickr.com\/8455\/8035247944_0e95704392.jpg\" alt=\"_AFB3289\" width=\"320\" height=\"229\" \/><\/a> <a class=\"tt-flickr tt-flickr-Medium\" title=\"_AFB3290\" href=\"http:\/\/farm9.staticflickr.com\/8319\/8035247858_171e39cb59_b.jpg\"><img loading=\"lazy\" decoding=\"async\" class=\"alignnone\" src=\"http:\/\/farm9.staticflickr.com\/8319\/8035247858_171e39cb59.jpg\" alt=\"_AFB3290\" width=\"320\" height=\"229\" \/><\/a> <a class=\"tt-flickr tt-flickr-Medium\" title=\"_AFB3012\" href=\"http:\/\/farm9.staticflickr.com\/8315\/8035251088_e5eb49491c_b.jpg\"><img loading=\"lazy\" decoding=\"async\" class=\"alignnone\" src=\"http:\/\/farm9.staticflickr.com\/8315\/8035251088_e5eb49491c.jpg\" alt=\"_AFB3012\" width=\"320\" height=\"229\" \/><\/a> <a class=\"tt-flickr tt-flickr-Medium\" title=\"_AFB2920\" href=\"http:\/\/farm9.staticflickr.com\/8176\/8035251578_9d24ff0e44_b.jpg\"><img loading=\"lazy\" decoding=\"async\" class=\"alignnone\" src=\"http:\/\/farm9.staticflickr.com\/8176\/8035251578_9d24ff0e44.jpg\" alt=\"_AFB2920\" width=\"320\" height=\"229\" \/><\/a><\/p>\n","protected":false},"excerpt":{"rendered":"<p>LA RUTA DE LA SAL CUMPLE 26 A\u00d1OS DE HISTORIA.<\/p>\n<p>SU GRAN Y DEMOSTRADA CAPACIDAD PARA DINAMIZAR EL TURISMO NAUTICO EN IBIZA LE SITUA COMO UN EVENTO ESTRATEGICO PARA EL EMPRESARIADO LOCAL.<\/p>\n","protected":false},"author":1,"featured_media":3872,"comment_status":"open","ping_status":"open","sticky":false,"template":"","format":"standard","meta":{"_acf_changed":false,"footnotes":""},"categories":[3],"tags":[],"acf":[],"yoast_head":"<!-- This site is optimized with the Yoast SEO plugin v23.0 - https:\/\/yoast.com\/wordpress\/plugins\/seo\/ -->\n<title>MULTITUDINARIA PRESENTACI\u00d3N DE LA RUTA DE LA SAL, LA REGATA CL\u00c1SICA DE SEMANA SANTA, EN EL SAL\u00d3N N\u00c1UTICO INTERNACIONAL DE BARCELONA. | Regata La Ruta de la Sal<\/title>\n<meta name=\"robots\" content=\"noindex, follow, max-snippet:-1, max-image-preview:large, max-video-preview:-1\" \/>\n<meta property=\"og:locale\" content=\"es_ES\" \/>\n<meta property=\"og:type\" content=\"article\" \/>\n<meta property=\"og:title\" content=\"MULTITUDINARIA PRESENTACI\u00d3N DE LA RUTA DE LA SAL, LA REGATA CL\u00c1SICA DE SEMANA SANTA, EN EL SAL\u00d3N N\u00c1UTICO INTERNACIONAL DE BARCELONA. | Regata La Ruta de la Sal\" \/>\n<meta property=\"og:description\" content=\"LA RUTA DE LA SAL CUMPLE 26 A\u00d1OS DE HISTORIA.  SU GRAN Y DEMOSTRADA CAPACIDAD PARA DINAMIZAR EL TURISMO NAUTICO EN IBIZA LE SITUA COMO UN EVENTO ESTRATEGICO PARA EL EMPRESARIADO LOCAL.\" \/>\n<meta property=\"og:url\" content=\"https:\/\/labs.100x100.net\/projects\/rutasal\/multitudinaria-presentacion-de-la-ruta-de-la-sal-la-regata-clasica-de-semana-santa-en-el-salon-nautico-internacional-de-barcelona\/\" \/>\n<meta property=\"og:site_name\" content=\"Regata La Ruta de la Sal\" \/>\n<meta property=\"article:publisher\" content=\"https:\/\/www.facebook.com\/rutadelasal\/\" \/>\n<meta property=\"article:published_time\" content=\"2012-10-01T09:05:10+00:00\" \/>\n<meta property=\"article:modified_time\" content=\"2019-03-14T10:03:44+00:00\" \/>\n<meta property=\"og:image\" content=\"https:\/\/labs.100x100.net\/projects\/rutasal\/custom\/uploads\/2012\/10\/8035250731_d95caf1c7d.jpg\" \/>\n\t<meta property=\"og:image:width\" content=\"500\" \/>\n\t<meta property=\"og:image:height\" content=\"343\" \/>\n\t<meta property=\"og:image:type\" content=\"image\/jpeg\" \/>\n<meta name=\"author\" content=\"La Ruta de la Sal\" \/>\n<meta name=\"twitter:card\" content=\"summary_large_image\" \/>\n<meta name=\"twitter:creator\" content=\"@AnamMedi\" \/>\n<meta name=\"twitter:site\" content=\"@AnamMedi\" \/>\n<meta name=\"twitter:label1\" content=\"Escrito por\" \/>\n\t<meta name=\"twitter:data1\" content=\"La Ruta de la Sal\" \/>\n\t<meta name=\"twitter:label2\" content=\"Tiempo de lectura\" \/>\n\t<meta name=\"twitter:data2\" content=\"5 minutos\" \/>\n<script type=\"application\/ld+json\" class=\"yoast-schema-graph\">{\"@context\":\"https:\/\/schema.org\",\"@graph\":[{\"@type\":\"WebPage\",\"@id\":\"https:\/\/labs.100x100.net\/projects\/rutasal\/multitudinaria-presentacion-de-la-ruta-de-la-sal-la-regata-clasica-de-semana-santa-en-el-salon-nautico-internacional-de-barcelona\/\",\"url\":\"https:\/\/labs.100x100.net\/projects\/rutasal\/multitudinaria-presentacion-de-la-ruta-de-la-sal-la-regata-clasica-de-semana-santa-en-el-salon-nautico-internacional-de-barcelona\/\",\"name\":\"MULTITUDINARIA PRESENTACI\u00d3N DE LA RUTA DE LA SAL, LA REGATA CL\u00c1SICA DE SEMANA SANTA, EN EL SAL\u00d3N N\u00c1UTICO INTERNACIONAL DE BARCELONA. | Regata La Ruta de la Sal\",\"isPartOf\":{\"@id\":\"https:\/\/labs.100x100.net\/projects\/rutasal\/#website\"},\"primaryImageOfPage\":{\"@id\":\"https:\/\/labs.100x100.net\/projects\/rutasal\/multitudinaria-presentacion-de-la-ruta-de-la-sal-la-regata-clasica-de-semana-santa-en-el-salon-nautico-internacional-de-barcelona\/#primaryimage\"},\"image\":{\"@id\":\"https:\/\/labs.100x100.net\/projects\/rutasal\/multitudinaria-presentacion-de-la-ruta-de-la-sal-la-regata-clasica-de-semana-santa-en-el-salon-nautico-internacional-de-barcelona\/#primaryimage\"},\"thumbnailUrl\":\"https:\/\/labs.100x100.net\/projects\/rutasal\/custom\/uploads\/2012\/10\/8035250731_d95caf1c7d.jpg\",\"datePublished\":\"2012-10-01T09:05:10+00:00\",\"dateModified\":\"2019-03-14T10:03:44+00:00\",\"author\":{\"@id\":\"https:\/\/labs.100x100.net\/projects\/rutasal\/#\/schema\/person\/214eeb4a2e78fd8373a0a94f6d93c9ca\"},\"breadcrumb\":{\"@id\":\"https:\/\/labs.100x100.net\/projects\/rutasal\/multitudinaria-presentacion-de-la-ruta-de-la-sal-la-regata-clasica-de-semana-santa-en-el-salon-nautico-internacional-de-barcelona\/#breadcrumb\"},\"inLanguage\":\"es\",\"potentialAction\":[{\"@type\":\"ReadAction\",\"target\":[\"https:\/\/labs.100x100.net\/projects\/rutasal\/multitudinaria-presentacion-de-la-ruta-de-la-sal-la-regata-clasica-de-semana-santa-en-el-salon-nautico-internacional-de-barcelona\/\"]}]},{\"@type\":\"ImageObject\",\"inLanguage\":\"es\",\"@id\":\"https:\/\/labs.100x100.net\/projects\/rutasal\/multitudinaria-presentacion-de-la-ruta-de-la-sal-la-regata-clasica-de-semana-santa-en-el-salon-nautico-internacional-de-barcelona\/#primaryimage\",\"url\":\"https:\/\/labs.100x100.net\/projects\/rutasal\/custom\/uploads\/2012\/10\/8035250731_d95caf1c7d.jpg\",\"contentUrl\":\"https:\/\/labs.100x100.net\/projects\/rutasal\/custom\/uploads\/2012\/10\/8035250731_d95caf1c7d.jpg\",\"width\":500,\"height\":343},{\"@type\":\"BreadcrumbList\",\"@id\":\"https:\/\/labs.100x100.net\/projects\/rutasal\/multitudinaria-presentacion-de-la-ruta-de-la-sal-la-regata-clasica-de-semana-santa-en-el-salon-nautico-internacional-de-barcelona\/#breadcrumb\",\"itemListElement\":[{\"@type\":\"ListItem\",\"position\":1,\"name\":\"Portada\",\"item\":\"https:\/\/labs.100x100.net\/projects\/rutasal\/\"},{\"@type\":\"ListItem\",\"position\":2,\"name\":\"MULTITUDINARIA PRESENTACI\u00d3N DE LA RUTA DE LA SAL, LA REGATA CL\u00c1SICA DE SEMANA SANTA, EN EL SAL\u00d3N N\u00c1UTICO INTERNACIONAL DE BARCELONA.\"}]},{\"@type\":\"WebSite\",\"@id\":\"https:\/\/labs.100x100.net\/projects\/rutasal\/#website\",\"url\":\"https:\/\/labs.100x100.net\/projects\/rutasal\/\",\"name\":\"Regata La Ruta de la Sal\",\"description\":\"Regata La Ruta de la Sal es una regata de Altura Mediterr\u00e1nea para barcos de crucero a vela con destino en Ibiza, que se disputa anualmente en Semana Santa.\",\"potentialAction\":[{\"@type\":\"SearchAction\",\"target\":{\"@type\":\"EntryPoint\",\"urlTemplate\":\"https:\/\/labs.100x100.net\/projects\/rutasal\/?s={search_term_string}\"},\"query-input\":\"required name=search_term_string\"}],\"inLanguage\":\"es\"},{\"@type\":\"Person\",\"@id\":\"https:\/\/labs.100x100.net\/projects\/rutasal\/#\/schema\/person\/214eeb4a2e78fd8373a0a94f6d93c9ca\",\"name\":\"La Ruta de la Sal\",\"image\":{\"@type\":\"ImageObject\",\"inLanguage\":\"es\",\"@id\":\"https:\/\/labs.100x100.net\/projects\/rutasal\/#\/schema\/person\/image\/\",\"url\":\"https:\/\/secure.gravatar.com\/avatar\/b247286d4b801d6b1cfcfb3807587284?s=96&d=mm&r=g\",\"contentUrl\":\"https:\/\/secure.gravatar.com\/avatar\/b247286d4b801d6b1cfcfb3807587284?s=96&d=mm&r=g\",\"caption\":\"La Ruta de la Sal\"}}]}<\/script>\n<!-- \/ Yoast SEO plugin. -->","yoast_head_json":{"title":"MULTITUDINARIA PRESENTACI\u00d3N DE LA RUTA DE LA SAL, LA REGATA CL\u00c1SICA DE SEMANA SANTA, EN EL SAL\u00d3N N\u00c1UTICO INTERNACIONAL DE BARCELONA. | Regata La Ruta de la Sal","robots":{"index":"noindex","follow":"follow","max-snippet":"max-snippet:-1","max-image-preview":"max-image-preview:large","max-video-preview":"max-video-preview:-1"},"og_locale":"es_ES","og_type":"article","og_title":"MULTITUDINARIA PRESENTACI\u00d3N DE LA RUTA DE LA SAL, LA REGATA CL\u00c1SICA DE SEMANA SANTA, EN EL SAL\u00d3N N\u00c1UTICO INTERNACIONAL DE BARCELONA. | Regata La Ruta de la Sal","og_description":"LA RUTA DE LA SAL CUMPLE 26 A\u00d1OS DE HISTORIA.  SU GRAN Y DEMOSTRADA CAPACIDAD PARA DINAMIZAR EL TURISMO NAUTICO EN IBIZA LE SITUA COMO UN EVENTO ESTRATEGICO PARA EL EMPRESARIADO LOCAL.","og_url":"https:\/\/labs.100x100.net\/projects\/rutasal\/multitudinaria-presentacion-de-la-ruta-de-la-sal-la-regata-clasica-de-semana-santa-en-el-salon-nautico-internacional-de-barcelona\/","og_site_name":"Regata La Ruta de la Sal","article_publisher":"https:\/\/www.facebook.com\/rutadelasal\/","article_published_time":"2012-10-01T09:05:10+00:00","article_modified_time":"2019-03-14T10:03:44+00:00","og_image":[{"width":500,"height":343,"url":"https:\/\/labs.100x100.net\/projects\/rutasal\/custom\/uploads\/2012\/10\/8035250731_d95caf1c7d.jpg","type":"image\/jpeg"}],"author":"La Ruta de la Sal","twitter_card":"summary_large_image","twitter_creator":"@AnamMedi","twitter_site":"@AnamMedi","twitter_misc":{"Escrito por":"La Ruta de la Sal","Tiempo de lectura":"5 minutos"},"schema":{"@context":"https:\/\/schema.org","@graph":[{"@type":"WebPage","@id":"https:\/\/labs.100x100.net\/projects\/rutasal\/multitudinaria-presentacion-de-la-ruta-de-la-sal-la-regata-clasica-de-semana-santa-en-el-salon-nautico-internacional-de-barcelona\/","url":"https:\/\/labs.100x100.net\/projects\/rutasal\/multitudinaria-presentacion-de-la-ruta-de-la-sal-la-regata-clasica-de-semana-santa-en-el-salon-nautico-internacional-de-barcelona\/","name":"MULTITUDINARIA PRESENTACI\u00d3N DE LA RUTA DE LA SAL, LA REGATA CL\u00c1SICA DE SEMANA SANTA, EN EL SAL\u00d3N N\u00c1UTICO INTERNACIONAL DE BARCELONA. | Regata La Ruta de la Sal","isPartOf":{"@id":"https:\/\/labs.100x100.net\/projects\/rutasal\/#website"},"primaryImageOfPage":{"@id":"https:\/\/labs.100x100.net\/projects\/rutasal\/multitudinaria-presentacion-de-la-ruta-de-la-sal-la-regata-clasica-de-semana-santa-en-el-salon-nautico-internacional-de-barcelona\/#primaryimage"},"image":{"@id":"https:\/\/labs.100x100.net\/projects\/rutasal\/multitudinaria-presentacion-de-la-ruta-de-la-sal-la-regata-clasica-de-semana-santa-en-el-salon-nautico-internacional-de-barcelona\/#primaryimage"},"thumbnailUrl":"https:\/\/labs.100x100.net\/projects\/rutasal\/custom\/uploads\/2012\/10\/8035250731_d95caf1c7d.jpg","datePublished":"2012-10-01T09:05:10+00:00","dateModified":"2019-03-14T10:03:44+00:00","author":{"@id":"https:\/\/labs.100x100.net\/projects\/rutasal\/#\/schema\/person\/214eeb4a2e78fd8373a0a94f6d93c9ca"},"breadcrumb":{"@id":"https:\/\/labs.100x100.net\/projects\/rutasal\/multitudinaria-presentacion-de-la-ruta-de-la-sal-la-regata-clasica-de-semana-santa-en-el-salon-nautico-internacional-de-barcelona\/#breadcrumb"},"inLanguage":"es","potentialAction":[{"@type":"ReadAction","target":["https:\/\/labs.100x100.net\/projects\/rutasal\/multitudinaria-presentacion-de-la-ruta-de-la-sal-la-regata-clasica-de-semana-santa-en-el-salon-nautico-internacional-de-barcelona\/"]}]},{"@type":"ImageObject","inLanguage":"es","@id":"https:\/\/labs.100x100.net\/projects\/rutasal\/multitudinaria-presentacion-de-la-ruta-de-la-sal-la-regata-clasica-de-semana-santa-en-el-salon-nautico-internacional-de-barcelona\/#primaryimage","url":"https:\/\/labs.100x100.net\/projects\/rutasal\/custom\/uploads\/2012\/10\/8035250731_d95caf1c7d.jpg","contentUrl":"https:\/\/labs.100x100.net\/projects\/rutasal\/custom\/uploads\/2012\/10\/8035250731_d95caf1c7d.jpg","width":500,"height":343},{"@type":"BreadcrumbList","@id":"https:\/\/labs.100x100.net\/projects\/rutasal\/multitudinaria-presentacion-de-la-ruta-de-la-sal-la-regata-clasica-de-semana-santa-en-el-salon-nautico-internacional-de-barcelona\/#breadcrumb","itemListElement":[{"@type":"ListItem","position":1,"name":"Portada","item":"https:\/\/labs.100x100.net\/projects\/rutasal\/"},{"@type":"ListItem","position":2,"name":"MULTITUDINARIA PRESENTACI\u00d3N DE LA RUTA DE LA SAL, LA REGATA CL\u00c1SICA DE SEMANA SANTA, EN EL SAL\u00d3N N\u00c1UTICO INTERNACIONAL DE BARCELONA."}]},{"@type":"WebSite","@id":"https:\/\/labs.100x100.net\/projects\/rutasal\/#website","url":"https:\/\/labs.100x100.net\/projects\/rutasal\/","name":"Regata La Ruta de la Sal","description":"Regata La Ruta de la Sal es una regata de Altura Mediterr\u00e1nea para barcos de crucero a vela con destino en Ibiza, que se disputa anualmente en Semana Santa.","potentialAction":[{"@type":"SearchAction","target":{"@type":"EntryPoint","urlTemplate":"https:\/\/labs.100x100.net\/projects\/rutasal\/?s={search_term_string}"},"query-input":"required name=search_term_string"}],"inLanguage":"es"},{"@type":"Person","@id":"https:\/\/labs.100x100.net\/projects\/rutasal\/#\/schema\/person\/214eeb4a2e78fd8373a0a94f6d93c9ca","name":"La Ruta de la Sal","image":{"@type":"ImageObject","inLanguage":"es","@id":"https:\/\/labs.100x100.net\/projects\/rutasal\/#\/schema\/person\/image\/","url":"https:\/\/secure.gravatar.com\/avatar\/b247286d4b801d6b1cfcfb3807587284?s=96&d=mm&r=g","contentUrl":"https:\/\/secure.gravatar.com\/avatar\/b247286d4b801d6b1cfcfb3807587284?s=96&d=mm&r=g","caption":"La Ruta de la Sal"}}]}},"_links":{"self":[{"href":"https:\/\/labs.100x100.net\/projects\/rutasal\/wp-json\/wp\/v2\/posts\/1203"}],"collection":[{"href":"https:\/\/labs.100x100.net\/projects\/rutasal\/wp-json\/wp\/v2\/posts"}],"about":[{"href":"https:\/\/labs.100x100.net\/projects\/rutasal\/wp-json\/wp\/v2\/types\/post"}],"author":[{"embeddable":true,"href":"https:\/\/labs.100x100.net\/projects\/rutasal\/wp-json\/wp\/v2\/users\/1"}],"replies":[{"embeddable":true,"href":"https:\/\/labs.100x100.net\/projects\/rutasal\/wp-json\/wp\/v2\/comments?post=1203"}],"version-history":[{"count":1,"href":"https:\/\/labs.100x100.net\/projects\/rutasal\/wp-json\/wp\/v2\/posts\/1203\/revisions"}],"predecessor-version":[{"id":3873,"href":"https:\/\/labs.100x100.net\/projects\/rutasal\/wp-json\/wp\/v2\/posts\/1203\/revisions\/3873"}],"wp:featuredmedia":[{"embeddable":true,"href":"https:\/\/labs.100x100.net\/projects\/rutasal\/wp-json\/wp\/v2\/media\/3872"}],"wp:attachment":[{"href":"https:\/\/labs.100x100.net\/projects\/rutasal\/wp-json\/wp\/v2\/media?parent=1203"}],"wp:term":[{"taxonomy":"category","embeddable":true,"href":"https:\/\/labs.100x100.net\/projects\/rutasal\/wp-json\/wp\/v2\/categories?post=1203"},{"taxonomy":"post_tag","embeddable":true,"href":"https:\/\/labs.100x100.net\/projects\/rutasal\/wp-json\/wp\/v2\/tags?post=1203"}],"curies":[{"name":"wp","href":"https:\/\/api.w.org\/{rel}","templated":true}]}}