{"id":1113,"date":"2012-04-16T09:24:49","date_gmt":"2012-04-16T09:24:49","guid":{"rendered":"https:\/\/larutadelasal.com\/?p=1113"},"modified":"2019-03-14T12:07:34","modified_gmt":"2019-03-14T10:07:34","slug":"se-celebro-el-primer-desafio-nautico-universitario-en-la-regata-ruta-de-la-sal","status":"publish","type":"post","link":"https:\/\/labs.100x100.net\/projects\/rutasal\/se-celebro-el-primer-desafio-nautico-universitario-en-la-regata-ruta-de-la-sal\/","title":{"rendered":"Se celebr\u00f3 el primer Desaf\u00edo N\u00e1utico Universitario en la regata La Ruta de la Sal"},"content":{"rendered":"<h1 style=\"text-align: justify;\"><span style=\"font-weight: normal;\">El objeto de esta regata universitaria, es reunir cada a\u00f1o alrededor de una fiesta deportiva y marinera, a tripulaciones universitarias de toda Espa\u00f1a, reivindicando la promoci\u00f3n del conocimiento de la cultura marinera entre la comunidad universitaria y la conservaci\u00f3n activa del patrimonio natural y cultural del mar.<\/span><\/h1>\n<p>Por iniciativa del Club Hippocampus de la Universidad Complutense de Madrid, Universitas Subaqua y el Club de Vela de la Escuela T\u00e9cnica Superior de Ingenieros Navales de la Universidad Polit\u00e9cnica de Madrid, en el a\u00f1o 2012 se ha celebrado la primera edici\u00f3n de \u00a0la regata <strong>Desaf\u00edo N\u00e1utico Universitario, Copa Universidad<\/strong>. La primera edici\u00f3n ha contado con el apoyo \u00a0inestimable de la Federaci\u00f3n Espa\u00f1ola de Vela.<\/p>\n<p>Han participado cuatro embarcaciones de caracter\u00edsticas semejantes, tripuladas por personal universitario \u2013 estudiantes, docentes y personal de administraci\u00f3n de la universidad- . El triunfo del Desaf\u00edo 2012 lo consigui\u00f3 la embarcaci\u00f3n Malta Blue, patroneada por Carlos de Benito y cuyos tripulantes fueron: Carmen Montes, Esther Vaquero, Inmaculada Cirero, Javier Fern\u00e1ndez, Luis Miguel Ortega, Luis S\u00e1nchez y \u00a0Ram\u00f3n Lacaba. Alcanzaron la meta en tiempo real de 20 horas 45 minutos. Este tiempo les permiti\u00f3 que en la regata de la Ruta de la Sal, quedaran en cuarta posici\u00f3n de la clase A2 (donde participaban 15 embarcaciones) y en el puesto 56 en el resultado general (de 112 barcos).<\/p>\n<p>Despu\u00e9s de su triunfo, el \u00a0Club Hippocampus de la Universidad Complutense de Madrid, va a invitar a participar en la 2\u00aa Edici\u00f3n de la Regata Desaf\u00edo N\u00e1utico Universitario, a los clubes de vela y de n\u00e1utica de todas las universidades espa\u00f1olas, los cuales participar\u00e1n desafiando deportiva y lealmente al vencedor de esta primera edici\u00f3n. Esa edici\u00f3n de la regata se celebrar\u00e1 en aguas levantinas y de las islas Pitiusas, los d\u00edas jueves 28 y viernes 29 de marzo de 2013.<\/p>\n<p><strong>El Club Hippocampus<\/strong> <strong>y su afici\u00f3n n\u00e1utica<\/strong>. El Club Universitario de Buceo y N\u00e1utica HIPPOCAMPUS es una iniciativa que surgi\u00f3 de un grupo de navegantes y buceadores vinculados a las universidades madrile\u00f1as, fundamentalmente a la Universidad Complutense de Madrid. Uno de sus objetivos es fomentar la pr\u00e1ctica de las actividades n\u00e1uticas que combinen la actividad f\u00edsica con el conocimiento y disfrute del mar y de la cultura marinera.<\/p>\n<p>La Ruta de la Sal es una regata cl\u00e1sica del Mediterr\u00e1neo espa\u00f1ol, para embarcaciones de crucero a vela (https:\/\/larutadelasal.com). Se celebra durante la Semana Santa, y consta de dos recorridos distintos: la versi\u00f3n norte sale de Barcelona, y la Este de Denia, terminando ambas en San Antoni de Portmany (Ibiza). \u00a0Cada a\u00f1o toman parte alrededor de 300 embarcaciones a vela de distintas clases procedentes de Barcelona y de Denia. Es una regata con poco requerimiento t\u00e9cnico para las tripulaciones y con una gran carga de diversi\u00f3n y buen ambiente marinero. Una regata ideal para iniciarse en el mundo de la n\u00e1utica de recreo. El Desaf\u00edo N\u00e1utico Universitario coincidir\u00e1 siempre en fechas y recorrido con la Ruta de La Sal y participar\u00e1 de la organizaci\u00f3n de la misma. El objetivo es optimizar los recursos y crear sinergias entre la regata cl\u00e1sica y la m\u00e1s novedosa.<\/p>\n<p>Para \u00a0aquellos Clubes de Vela o de n\u00e1utica universitarios que est\u00e9n interesados en participar en la 2\u00aa Edici\u00f3n del Desaf\u00edo N\u00e1utico Universitario- XXVI Edici\u00f3n Ruta de La Sal contactar con n\u00e1utica@clubhippocampus.com. Os esperamos.<\/p>\n<p style=\"text-align: justify;\">\n","protected":false},"excerpt":{"rendered":"<p>El objeto de esta regata universitaria, es reunir cada a\u00f1o alrededor de una fiesta deportiva y marinera, a tripulaciones universitarias de toda Espa\u00f1a, reivindicando la promoci\u00f3n del conocimiento de la cultura marinera entre la comunidad universitaria y la conservaci\u00f3n activa del patrimonio natural y cultural del mar. Por iniciativa del Club Hippocampus de la Universidad [&hellip;]<\/p>\n","protected":false},"author":1,"featured_media":2918,"comment_status":"open","ping_status":"open","sticky":false,"template":"","format":"standard","meta":{"_acf_changed":false,"footnotes":""},"categories":[3],"tags":[],"acf":[],"yoast_head":"<!-- This site is optimized with the Yoast SEO plugin v23.0 - https:\/\/yoast.com\/wordpress\/plugins\/seo\/ -->\n<title>Se celebr\u00f3 el primer Desaf\u00edo N\u00e1utico Universitario en la regata La Ruta de la Sal | Regata La Ruta de la Sal<\/title>\n<meta name=\"robots\" content=\"noindex, follow, max-snippet:-1, max-image-preview:large, max-video-preview:-1\" \/>\n<meta property=\"og:locale\" content=\"es_ES\" \/>\n<meta property=\"og:type\" content=\"article\" \/>\n<meta property=\"og:title\" content=\"Se celebr\u00f3 el primer Desaf\u00edo N\u00e1utico Universitario en la regata La Ruta de la Sal | Regata La Ruta de la Sal\" \/>\n<meta property=\"og:description\" content=\"El objeto de esta regata universitaria, es reunir cada a\u00f1o alrededor de una fiesta deportiva y marinera, a tripulaciones universitarias de toda Espa\u00f1a, reivindicando la promoci\u00f3n del conocimiento de la cultura marinera entre la comunidad universitaria y la conservaci\u00f3n activa del patrimonio natural y cultural del mar. Por iniciativa del Club Hippocampus de la Universidad [&hellip;]\" \/>\n<meta property=\"og:url\" content=\"https:\/\/labs.100x100.net\/projects\/rutasal\/se-celebro-el-primer-desafio-nautico-universitario-en-la-regata-ruta-de-la-sal\/\" \/>\n<meta property=\"og:site_name\" content=\"Regata La Ruta de la Sal\" \/>\n<meta property=\"article:publisher\" content=\"https:\/\/www.facebook.com\/rutadelasal\/\" \/>\n<meta property=\"article:published_time\" content=\"2012-04-16T09:24:49+00:00\" \/>\n<meta property=\"article:modified_time\" content=\"2019-03-14T10:07:34+00:00\" \/>\n<meta property=\"og:image\" content=\"https:\/\/labs.100x100.net\/projects\/rutasal\/custom\/uploads\/2018\/03\/IMG_0376.jpg\" \/>\n\t<meta property=\"og:image:width\" content=\"2598\" \/>\n\t<meta property=\"og:image:height\" content=\"1772\" \/>\n\t<meta property=\"og:image:type\" content=\"image\/jpeg\" \/>\n<meta name=\"author\" content=\"La Ruta de la Sal\" \/>\n<meta name=\"twitter:card\" content=\"summary_large_image\" \/>\n<meta name=\"twitter:creator\" content=\"@AnamMedi\" \/>\n<meta name=\"twitter:site\" content=\"@AnamMedi\" \/>\n<meta name=\"twitter:label1\" content=\"Escrito por\" \/>\n\t<meta name=\"twitter:data1\" content=\"La Ruta de la Sal\" \/>\n\t<meta name=\"twitter:label2\" content=\"Tiempo de lectura\" \/>\n\t<meta name=\"twitter:data2\" content=\"3 minutos\" \/>\n<script type=\"application\/ld+json\" class=\"yoast-schema-graph\">{\"@context\":\"https:\/\/schema.org\",\"@graph\":[{\"@type\":\"WebPage\",\"@id\":\"https:\/\/labs.100x100.net\/projects\/rutasal\/se-celebro-el-primer-desafio-nautico-universitario-en-la-regata-ruta-de-la-sal\/\",\"url\":\"https:\/\/labs.100x100.net\/projects\/rutasal\/se-celebro-el-primer-desafio-nautico-universitario-en-la-regata-ruta-de-la-sal\/\",\"name\":\"Se celebr\u00f3 el primer Desaf\u00edo N\u00e1utico Universitario en la regata La Ruta de la Sal | Regata La Ruta de la Sal\",\"isPartOf\":{\"@id\":\"https:\/\/labs.100x100.net\/projects\/rutasal\/#website\"},\"primaryImageOfPage\":{\"@id\":\"https:\/\/labs.100x100.net\/projects\/rutasal\/se-celebro-el-primer-desafio-nautico-universitario-en-la-regata-ruta-de-la-sal\/#primaryimage\"},\"image\":{\"@id\":\"https:\/\/labs.100x100.net\/projects\/rutasal\/se-celebro-el-primer-desafio-nautico-universitario-en-la-regata-ruta-de-la-sal\/#primaryimage\"},\"thumbnailUrl\":\"https:\/\/labs.100x100.net\/projects\/rutasal\/custom\/uploads\/2018\/03\/IMG_0376.jpg\",\"datePublished\":\"2012-04-16T09:24:49+00:00\",\"dateModified\":\"2019-03-14T10:07:34+00:00\",\"author\":{\"@id\":\"https:\/\/labs.100x100.net\/projects\/rutasal\/#\/schema\/person\/214eeb4a2e78fd8373a0a94f6d93c9ca\"},\"breadcrumb\":{\"@id\":\"https:\/\/labs.100x100.net\/projects\/rutasal\/se-celebro-el-primer-desafio-nautico-universitario-en-la-regata-ruta-de-la-sal\/#breadcrumb\"},\"inLanguage\":\"es\",\"potentialAction\":[{\"@type\":\"ReadAction\",\"target\":[\"https:\/\/labs.100x100.net\/projects\/rutasal\/se-celebro-el-primer-desafio-nautico-universitario-en-la-regata-ruta-de-la-sal\/\"]}]},{\"@type\":\"ImageObject\",\"inLanguage\":\"es\",\"@id\":\"https:\/\/labs.100x100.net\/projects\/rutasal\/se-celebro-el-primer-desafio-nautico-universitario-en-la-regata-ruta-de-la-sal\/#primaryimage\",\"url\":\"https:\/\/labs.100x100.net\/projects\/rutasal\/custom\/uploads\/2018\/03\/IMG_0376.jpg\",\"contentUrl\":\"https:\/\/labs.100x100.net\/projects\/rutasal\/custom\/uploads\/2018\/03\/IMG_0376.jpg\",\"width\":2598,\"height\":1772},{\"@type\":\"BreadcrumbList\",\"@id\":\"https:\/\/labs.100x100.net\/projects\/rutasal\/se-celebro-el-primer-desafio-nautico-universitario-en-la-regata-ruta-de-la-sal\/#breadcrumb\",\"itemListElement\":[{\"@type\":\"ListItem\",\"position\":1,\"name\":\"Portada\",\"item\":\"https:\/\/labs.100x100.net\/projects\/rutasal\/\"},{\"@type\":\"ListItem\",\"position\":2,\"name\":\"Se celebr\u00f3 el primer Desaf\u00edo N\u00e1utico Universitario en la regata La Ruta de la Sal\"}]},{\"@type\":\"WebSite\",\"@id\":\"https:\/\/labs.100x100.net\/projects\/rutasal\/#website\",\"url\":\"https:\/\/labs.100x100.net\/projects\/rutasal\/\",\"name\":\"Regata La Ruta de la Sal\",\"description\":\"Regata La Ruta de la Sal es una regata de Altura Mediterr\u00e1nea para barcos de crucero a vela con destino en Ibiza, que se disputa anualmente en Semana Santa.\",\"potentialAction\":[{\"@type\":\"SearchAction\",\"target\":{\"@type\":\"EntryPoint\",\"urlTemplate\":\"https:\/\/labs.100x100.net\/projects\/rutasal\/?s={search_term_string}\"},\"query-input\":\"required name=search_term_string\"}],\"inLanguage\":\"es\"},{\"@type\":\"Person\",\"@id\":\"https:\/\/labs.100x100.net\/projects\/rutasal\/#\/schema\/person\/214eeb4a2e78fd8373a0a94f6d93c9ca\",\"name\":\"La Ruta de la Sal\",\"image\":{\"@type\":\"ImageObject\",\"inLanguage\":\"es\",\"@id\":\"https:\/\/labs.100x100.net\/projects\/rutasal\/#\/schema\/person\/image\/\",\"url\":\"https:\/\/secure.gravatar.com\/avatar\/b247286d4b801d6b1cfcfb3807587284?s=96&d=mm&r=g\",\"contentUrl\":\"https:\/\/secure.gravatar.com\/avatar\/b247286d4b801d6b1cfcfb3807587284?s=96&d=mm&r=g\",\"caption\":\"La Ruta de la Sal\"}}]}<\/script>\n<!-- \/ Yoast SEO plugin. -->","yoast_head_json":{"title":"Se celebr\u00f3 el primer Desaf\u00edo N\u00e1utico Universitario en la regata La Ruta de la Sal | Regata La Ruta de la Sal","robots":{"index":"noindex","follow":"follow","max-snippet":"max-snippet:-1","max-image-preview":"max-image-preview:large","max-video-preview":"max-video-preview:-1"},"og_locale":"es_ES","og_type":"article","og_title":"Se celebr\u00f3 el primer Desaf\u00edo N\u00e1utico Universitario en la regata La Ruta de la Sal | Regata La Ruta de la Sal","og_description":"El objeto de esta regata universitaria, es reunir cada a\u00f1o alrededor de una fiesta deportiva y marinera, a tripulaciones universitarias de toda Espa\u00f1a, reivindicando la promoci\u00f3n del conocimiento de la cultura marinera entre la comunidad universitaria y la conservaci\u00f3n activa del patrimonio natural y cultural del mar. Por iniciativa del Club Hippocampus de la Universidad [&hellip;]","og_url":"https:\/\/labs.100x100.net\/projects\/rutasal\/se-celebro-el-primer-desafio-nautico-universitario-en-la-regata-ruta-de-la-sal\/","og_site_name":"Regata La Ruta de la Sal","article_publisher":"https:\/\/www.facebook.com\/rutadelasal\/","article_published_time":"2012-04-16T09:24:49+00:00","article_modified_time":"2019-03-14T10:07:34+00:00","og_image":[{"width":2598,"height":1772,"url":"https:\/\/labs.100x100.net\/projects\/rutasal\/custom\/uploads\/2018\/03\/IMG_0376.jpg","type":"image\/jpeg"}],"author":"La Ruta de la Sal","twitter_card":"summary_large_image","twitter_creator":"@AnamMedi","twitter_site":"@AnamMedi","twitter_misc":{"Escrito por":"La Ruta de la Sal","Tiempo de lectura":"3 minutos"},"schema":{"@context":"https:\/\/schema.org","@graph":[{"@type":"WebPage","@id":"https:\/\/labs.100x100.net\/projects\/rutasal\/se-celebro-el-primer-desafio-nautico-universitario-en-la-regata-ruta-de-la-sal\/","url":"https:\/\/labs.100x100.net\/projects\/rutasal\/se-celebro-el-primer-desafio-nautico-universitario-en-la-regata-ruta-de-la-sal\/","name":"Se celebr\u00f3 el primer Desaf\u00edo N\u00e1utico Universitario en la regata La Ruta de la Sal | Regata La Ruta de la Sal","isPartOf":{"@id":"https:\/\/labs.100x100.net\/projects\/rutasal\/#website"},"primaryImageOfPage":{"@id":"https:\/\/labs.100x100.net\/projects\/rutasal\/se-celebro-el-primer-desafio-nautico-universitario-en-la-regata-ruta-de-la-sal\/#primaryimage"},"image":{"@id":"https:\/\/labs.100x100.net\/projects\/rutasal\/se-celebro-el-primer-desafio-nautico-universitario-en-la-regata-ruta-de-la-sal\/#primaryimage"},"thumbnailUrl":"https:\/\/labs.100x100.net\/projects\/rutasal\/custom\/uploads\/2018\/03\/IMG_0376.jpg","datePublished":"2012-04-16T09:24:49+00:00","dateModified":"2019-03-14T10:07:34+00:00","author":{"@id":"https:\/\/labs.100x100.net\/projects\/rutasal\/#\/schema\/person\/214eeb4a2e78fd8373a0a94f6d93c9ca"},"breadcrumb":{"@id":"https:\/\/labs.100x100.net\/projects\/rutasal\/se-celebro-el-primer-desafio-nautico-universitario-en-la-regata-ruta-de-la-sal\/#breadcrumb"},"inLanguage":"es","potentialAction":[{"@type":"ReadAction","target":["https:\/\/labs.100x100.net\/projects\/rutasal\/se-celebro-el-primer-desafio-nautico-universitario-en-la-regata-ruta-de-la-sal\/"]}]},{"@type":"ImageObject","inLanguage":"es","@id":"https:\/\/labs.100x100.net\/projects\/rutasal\/se-celebro-el-primer-desafio-nautico-universitario-en-la-regata-ruta-de-la-sal\/#primaryimage","url":"https:\/\/labs.100x100.net\/projects\/rutasal\/custom\/uploads\/2018\/03\/IMG_0376.jpg","contentUrl":"https:\/\/labs.100x100.net\/projects\/rutasal\/custom\/uploads\/2018\/03\/IMG_0376.jpg","width":2598,"height":1772},{"@type":"BreadcrumbList","@id":"https:\/\/labs.100x100.net\/projects\/rutasal\/se-celebro-el-primer-desafio-nautico-universitario-en-la-regata-ruta-de-la-sal\/#breadcrumb","itemListElement":[{"@type":"ListItem","position":1,"name":"Portada","item":"https:\/\/labs.100x100.net\/projects\/rutasal\/"},{"@type":"ListItem","position":2,"name":"Se celebr\u00f3 el primer Desaf\u00edo N\u00e1utico Universitario en la regata La Ruta de la Sal"}]},{"@type":"WebSite","@id":"https:\/\/labs.100x100.net\/projects\/rutasal\/#website","url":"https:\/\/labs.100x100.net\/projects\/rutasal\/","name":"Regata La Ruta de la Sal","description":"Regata La Ruta de la Sal es una regata de Altura Mediterr\u00e1nea para barcos de crucero a vela con destino en Ibiza, que se disputa anualmente en Semana Santa.","potentialAction":[{"@type":"SearchAction","target":{"@type":"EntryPoint","urlTemplate":"https:\/\/labs.100x100.net\/projects\/rutasal\/?s={search_term_string}"},"query-input":"required name=search_term_string"}],"inLanguage":"es"},{"@type":"Person","@id":"https:\/\/labs.100x100.net\/projects\/rutasal\/#\/schema\/person\/214eeb4a2e78fd8373a0a94f6d93c9ca","name":"La Ruta de la Sal","image":{"@type":"ImageObject","inLanguage":"es","@id":"https:\/\/labs.100x100.net\/projects\/rutasal\/#\/schema\/person\/image\/","url":"https:\/\/secure.gravatar.com\/avatar\/b247286d4b801d6b1cfcfb3807587284?s=96&d=mm&r=g","contentUrl":"https:\/\/secure.gravatar.com\/avatar\/b247286d4b801d6b1cfcfb3807587284?s=96&d=mm&r=g","caption":"La Ruta de la Sal"}}]}},"_links":{"self":[{"href":"https:\/\/labs.100x100.net\/projects\/rutasal\/wp-json\/wp\/v2\/posts\/1113"}],"collection":[{"href":"https:\/\/labs.100x100.net\/projects\/rutasal\/wp-json\/wp\/v2\/posts"}],"about":[{"href":"https:\/\/labs.100x100.net\/projects\/rutasal\/wp-json\/wp\/v2\/types\/post"}],"author":[{"embeddable":true,"href":"https:\/\/labs.100x100.net\/projects\/rutasal\/wp-json\/wp\/v2\/users\/1"}],"replies":[{"embeddable":true,"href":"https:\/\/labs.100x100.net\/projects\/rutasal\/wp-json\/wp\/v2\/comments?post=1113"}],"version-history":[{"count":1,"href":"https:\/\/labs.100x100.net\/projects\/rutasal\/wp-json\/wp\/v2\/posts\/1113\/revisions"}],"predecessor-version":[{"id":3877,"href":"https:\/\/labs.100x100.net\/projects\/rutasal\/wp-json\/wp\/v2\/posts\/1113\/revisions\/3877"}],"wp:featuredmedia":[{"embeddable":true,"href":"https:\/\/labs.100x100.net\/projects\/rutasal\/wp-json\/wp\/v2\/media\/2918"}],"wp:attachment":[{"href":"https:\/\/labs.100x100.net\/projects\/rutasal\/wp-json\/wp\/v2\/media?parent=1113"}],"wp:term":[{"taxonomy":"category","embeddable":true,"href":"https:\/\/labs.100x100.net\/projects\/rutasal\/wp-json\/wp\/v2\/categories?post=1113"},{"taxonomy":"post_tag","embeddable":true,"href":"https:\/\/labs.100x100.net\/projects\/rutasal\/wp-json\/wp\/v2\/tags?post=1113"}],"curies":[{"name":"wp","href":"https:\/\/api.w.org\/{rel}","templated":true}]}}