{"id":1025,"date":"2012-04-18T12:44:25","date_gmt":"2012-04-18T12:44:25","guid":{"rendered":"https:\/\/larutadelasal.com\/?p=1025"},"modified":"2019-03-14T12:06:25","modified_gmt":"2019-03-14T10:06:25","slug":"gran-exito-deportivo-la-escuadra-pitiussa","status":"publish","type":"post","link":"https:\/\/labs.100x100.net\/projects\/rutasal\/gran-exito-deportivo-la-escuadra-pitiussa\/","title":{"rendered":"GRAN \u00c9XITO DEPORTIVO LA ESCUADRA PITIUSSA"},"content":{"rendered":"<h2>La 25 Ruta de La Sal \u2013 Trofeo Pepe Ferres se queda en Ibiza.<\/h2>\n<p><!--more--><\/p>\n<h2>Los Fortuna 9, \u201cAivis\u201d de Manuel Guasch y de Ram\u00f3n Balanzat \u201cPosidonia Uno\u201d, ambos del CN. de Ibiza, vencedores absolutos de la 25 Ruta de La Sal.<\/h2>\n<p><!--more--><\/p>\n<h2>\u201cPlis-Play\u201d y \u201cWally\u00f1o\u201d vencedores en Tiempo Real de la 25 Ruta de La Sal \u2013 Trofeo Pepe Ferres.<\/h2>\n<p><!--more--><\/p>\n<p><a href=\"https:\/\/larutadelasal.com\/custom\/uploads\/2012\/04\/F1_AFB96711_b.jpg\"><img loading=\"lazy\" decoding=\"async\" class=\"alignnone size-medium wp-image-1036\" title=\"F1_AFB9671\" src=\"https:\/\/larutadelasal.com\/custom\/uploads\/2012\/04\/F1_AFB96711-500x304.jpg\" alt=\"\" width=\"657\" height=\"400\" \/><\/a><a href=\"https:\/\/larutadelasal.com\/custom\/uploads\/2012\/04\/F2_AFB95971.jpg\"><img loading=\"lazy\" decoding=\"async\" class=\"alignnone size-medium wp-image-1037\" title=\"F2_AFB9597\" src=\"https:\/\/larutadelasal.com\/custom\/uploads\/2012\/04\/F2_AFB95971-500x248.jpg\" alt=\"\" width=\"657\" height=\"331\" \/><\/a><a href=\"https:\/\/larutadelasal.com\/custom\/uploads\/2012\/04\/F3_AFB95881.jpg\"><img loading=\"lazy\" decoding=\"async\" class=\"alignnone size-medium wp-image-1038\" title=\"F3_AFB9588\" src=\"https:\/\/larutadelasal.com\/custom\/uploads\/2012\/04\/F3_AFB95881-500x232.jpg\" alt=\"\" width=\"657\" height=\"327\" \/><\/a><a href=\"https:\/\/larutadelasal.com\/custom\/uploads\/2012\/04\/F4_AFB93671.jpg\"><img loading=\"lazy\" decoding=\"async\" class=\"alignnone size-medium wp-image-1039\" title=\"F4_AFB9367\" src=\"https:\/\/larutadelasal.com\/custom\/uploads\/2012\/04\/F4_AFB93671-500x231.jpg\" alt=\"\" width=\"657\" height=\"331\" \/><\/a><\/p>\n<p style=\"text-align: justify;\"><strong>La 25 edici\u00f3n de la Ruta de la Sal,<\/strong> ser\u00e1, deportivamente hablando recordada por el hecho de que dos embarcaciones id\u00e9nticas, ambas representando al <strong>CN de Ibiza<\/strong>, fueron las vencedoras absolutas tanto en la singladura desde Denia, como en la de Barcelona; En la <strong>Versi\u00f3n Norte el\u00a0 Ibicenco Manuel Guasch con su Fortuna 9, \u201cAivis\u201d<\/strong> fue el m\u00e1s r\u00e1pido. En la <strong>Versi\u00f3n Este,\u00a0 el \u201cPosidonia Uno\u201d de Ram\u00f3n Balanzat otro Fortuna 9,<\/strong> se impuso con absoluta rotundidad. Dos equipos muy expertos en la navegaci\u00f3n de altura, grandes conocedores del Mar Balear, ambos con muchas participaciones en diferentes ediciones de La Sal, que se adjudican este emblem\u00e1tico aniversario, cargado de recuerdos y grandes perspectivas de futuro para esta magn\u00edfica regata. Casi como si fuese un tributo de La Sal a las Islas Pitiussas. Tambi\u00e9n, como apuntaron<strong> ambos ganadores, un homenaje a Pepe Ferres, al quien recordaron muy efusivamente y dedicaron sus victorias.<\/strong><\/p>\n<p><strong><a href=\"https:\/\/larutadelasal.com\/custom\/uploads\/2012\/04\/f1_AFB7692.jpg\"><img loading=\"lazy\" decoding=\"async\" class=\"alignnone size-medium wp-image-1045\" title=\"f1_AFB7692\" src=\"https:\/\/larutadelasal.com\/custom\/uploads\/2012\/04\/f1_AFB7692-500x343.jpg\" alt=\"\" width=\"320\" height=\"229\" \/><\/a><a href=\"https:\/\/larutadelasal.com\/custom\/uploads\/2012\/04\/f2_AFB7825.jpg\"><img loading=\"lazy\" decoding=\"async\" class=\"alignnone size-medium wp-image-1046\" title=\"f2_AFB7825\" src=\"https:\/\/larutadelasal.com\/custom\/uploads\/2012\/04\/f2_AFB7825-500x343.jpg\" alt=\"\" width=\"320\" height=\"229\" \/><\/a><a href=\"https:\/\/larutadelasal.com\/custom\/uploads\/2012\/04\/f3_AFB7868.jpg\"><img loading=\"lazy\" decoding=\"async\" class=\"alignnone size-medium wp-image-1047\" title=\"f3_AFB7868\" src=\"https:\/\/larutadelasal.com\/custom\/uploads\/2012\/04\/f3_AFB7868-500x343.jpg\" alt=\"\" width=\"320\" height=\"229\" \/><\/a><a href=\"https:\/\/larutadelasal.com\/custom\/uploads\/2012\/04\/f4_AFB7651A1.jpg\"><img loading=\"lazy\" decoding=\"async\" class=\"alignnone size-medium wp-image-1048\" title=\"f4_AFB7651A1\" src=\"https:\/\/larutadelasal.com\/custom\/uploads\/2012\/04\/f4_AFB7651A1-500x340.jpg\" alt=\"\" width=\"320\" height=\"229\" \/><\/a><br \/>\n<\/strong><\/p>\n<p style=\"text-align: justify;\">Un resultado que confirma el importante rendimiento de los <strong>barcos pitiusos en las ultimas ediciones de la Sal<\/strong>;\u00a0 En la <strong>Versi\u00f3n Este<\/strong> en el <strong>2009 fue el \u201cAivis\u201d, de Manuel Guasch<\/strong>; en <strong>2010 el turno fue para el \u201cStelrac\u201d, de Carlos Tur;<\/strong> y el <strong>a\u00f1o pasado<\/strong> gan\u00f3 el <strong>\u201cSpace Ibiza\u201d, de Jos\u00e9 Rosell\u00f3<\/strong>. Adem\u00e1s, es la<strong> tercera vez <\/strong>en la que <strong>dos barcos ibicencos\u00a0 ganan las dos versiones<\/strong>. Las anteriores fueron en 2003\u00a0 que vencieron \u201cLa Maison de l\u00b4Elephant\u201d en la versi\u00f3n Norte y el \u201cVGC\u201d en la Este; En 1996\u00a0\u00a0 \u201cAlba\u201d en la Norte y \u201cBlue Brothers\u201d en la Este. Adem\u00e1s, en el 1992, el \u201cArgos\u201d se impuso en la singladura desde Denia y el \u201cMonsignore\u201d en una\u00a0 in\u00e9dita Versi\u00f3n Sur que, aquel a\u00f1o,\u00a0 parti\u00f3 de Cartagena hasta Formentera.<\/p>\n<p><a href=\"https:\/\/larutadelasal.com\/custom\/uploads\/2012\/04\/f1-DSC_0353.jpg\"><img loading=\"lazy\" decoding=\"async\" class=\"alignnone size-medium wp-image-1052\" title=\"f1 DSC_0353\" src=\"https:\/\/larutadelasal.com\/custom\/uploads\/2012\/04\/f1-DSC_0353-500x238.jpg\" alt=\"\" width=\"647\" height=\"331\" \/><\/a><a href=\"https:\/\/larutadelasal.com\/custom\/uploads\/2012\/04\/f2-DSC_04161.jpg\"><img loading=\"lazy\" decoding=\"async\" class=\"alignnone size-medium wp-image-1054\" title=\"f2 DSC_0416\" src=\"https:\/\/larutadelasal.com\/custom\/uploads\/2012\/04\/f2-DSC_04161-500x335.jpg\" alt=\"\" width=\"320\" height=\"229\" \/><\/a><a href=\"https:\/\/larutadelasal.com\/custom\/uploads\/2012\/04\/f3-DSC_0404.jpg\"><img loading=\"lazy\" decoding=\"async\" class=\"alignnone size-medium wp-image-1055\" title=\"f3 DSC_0404\" src=\"https:\/\/larutadelasal.com\/custom\/uploads\/2012\/04\/f3-DSC_0404-500x335.jpg\" alt=\"\" width=\"320\" height=\"229\" \/><\/a><\/p>\n<p style=\"text-align: justify;\">La victoria de <strong>\u201cAivis\u201d <\/strong>y de <strong>\u201cPosidonia Uno\u201d<\/strong> confirma, una vez m\u00e1s,\u00a0 el enorme potencial deportivo de los Fortunas 9\u00a0 durante estos 25 a\u00f1os de historia de La Sal. Siendo el modelo seriado que m\u00e1s primeros puestos individuales ha cosechado durante todo este tiempo. Parad\u00f3jicamente, en todos los casos con barcos de la flota del <strong>CN de Ibiza;<\/strong> En <strong>1993,<\/strong> fue el ganador absoluto de la <strong>Versi\u00f3n Norte el Fortuna 9, \u201cMagarrufa\u201d de Pedro Sansano. <\/strong>En el <strong>2007, <\/strong>gano la general de la <strong>Versi\u00f3n Este el Ibicenco Carlos Tur con el Fortuna 9\u00a0 \u201cFJU Makky\u201d<\/strong>. En el <strong>2009<\/strong> fue, como ya hemos comentado,\u00a0 <strong>Manuel Guash con el Fortuna 9 \u201cAivis\u201d<\/strong> , un a\u00f1o mas tarde, en el <strong>2010,<\/strong> y en el mismo recorrido, la <strong>victoria absoluta<\/strong> fue para otro <strong>Fortuna 9, tambi\u00e9n del CN de Ibiza,\u00a0 el \u201cStelrac\u201d patroneado por Carlos Tur \u2013 ya ganador absoluto en el 2007.<\/strong><\/p>\n<p style=\"text-align: justify;\"><strong><a href=\"https:\/\/larutadelasal.com\/custom\/uploads\/2012\/04\/f1_AFB7936.jpg\"><img loading=\"lazy\" decoding=\"async\" class=\"alignnone size-medium wp-image-1062\" title=\"f1_AFB7936\" src=\"https:\/\/larutadelasal.com\/custom\/uploads\/2012\/04\/f1_AFB7936-500x343.jpg\" alt=\"\" width=\"320\" height=\"229\" \/><\/a><a href=\"https:\/\/larutadelasal.com\/custom\/uploads\/2012\/04\/f2_AFB7945.jpg\"><img loading=\"lazy\" decoding=\"async\" class=\"alignnone size-medium wp-image-1063\" title=\"f2_AFB7945\" src=\"https:\/\/larutadelasal.com\/custom\/uploads\/2012\/04\/f2_AFB7945-500x343.jpg\" alt=\"\" width=\"320\" height=\"229\" \/><\/a><a href=\"https:\/\/larutadelasal.com\/custom\/uploads\/2012\/04\/f3_AFB7972.jpg\"><img loading=\"lazy\" decoding=\"async\" class=\"alignnone size-medium wp-image-1064\" title=\"f3_AFB7972\" src=\"https:\/\/larutadelasal.com\/custom\/uploads\/2012\/04\/f3_AFB7972-500x343.jpg\" alt=\"\" width=\"320\" height=\"229\" \/><\/a><a href=\"https:\/\/larutadelasal.com\/custom\/uploads\/2012\/04\/f4_AFB7962.jpg\"><img loading=\"lazy\" decoding=\"async\" class=\"alignnone size-medium wp-image-1065\" title=\"f4_AFB7962\" src=\"https:\/\/larutadelasal.com\/custom\/uploads\/2012\/04\/f4_AFB7962-500x343.jpg\" alt=\"\" width=\"320\" height=\"229\" \/><\/a><br \/>\n<\/strong><\/p>\n<p style=\"text-align: justify;\">La <strong>Versi\u00f3n Norte,<\/strong> un recorrido de<strong> 140 millas de Barcelona a Sant Antony de Portman<\/strong>, con <strong>92 participantes inscritos<\/strong>, reuni\u00f3 una flota escrupulosamente representativa\u00a0 de los<strong> litorales Catalanes<\/strong>. Una sensible entrada de barcos de las Islas Baleares,\u00a0 con <strong>tripulaciones de Mallorca, Menorca e Ibiza<\/strong> y, finalmente,\u00a0\u00a0 unas <strong>20 embarcaciones extranjeras, con pabellones de Alemania, Italia, B\u00e9lgica<\/strong> y, muy especialmente <strong>Francia<\/strong> que entra en la competici\u00f3n con m\u00e1s de 10 desaf\u00edos , en su mayor\u00eda procedentes de puertos de las costas Mediterr\u00e1neas del Languedoc-Rosell\u00f3n y Povenza-Costa Azul.<\/p>\n<p style=\"text-align: justify;\"><a href=\"https:\/\/larutadelasal.com\/custom\/uploads\/2012\/04\/f1_AFB8696.jpg\"><img loading=\"lazy\" decoding=\"async\" class=\"alignnone size-medium wp-image-1068\" title=\"f1_AFB8696\" src=\"https:\/\/larutadelasal.com\/custom\/uploads\/2012\/04\/f1_AFB8696-500x207.jpg\" alt=\"\" width=\"647\" height=\"280\" \/><\/a><a href=\"https:\/\/larutadelasal.com\/custom\/uploads\/2012\/04\/f2_AFB8854.jpg\"><img loading=\"lazy\" decoding=\"async\" class=\"alignnone size-medium wp-image-1070\" title=\"f2_AFB8854\" src=\"https:\/\/larutadelasal.com\/custom\/uploads\/2012\/04\/f2_AFB8854-500x244.jpg\" alt=\"\" width=\"647\" height=\"311\" \/><\/a><a href=\"https:\/\/larutadelasal.com\/custom\/uploads\/2012\/04\/f3_AFB8891.jpg\"><img loading=\"lazy\" decoding=\"async\" class=\"alignnone size-medium wp-image-1071\" title=\"f3_AFB8891\" src=\"https:\/\/larutadelasal.com\/custom\/uploads\/2012\/04\/f3_AFB8891-500x331.jpg\" alt=\"\" width=\"320\" height=\"229\" \/><\/a><a href=\"https:\/\/larutadelasal.com\/custom\/uploads\/2012\/04\/f4_AFB8573.jpg\"><img loading=\"lazy\" decoding=\"async\" class=\"alignnone size-medium wp-image-1072\" title=\"f4_AFB8573\" src=\"https:\/\/larutadelasal.com\/custom\/uploads\/2012\/04\/f4_AFB8573-500x331.jpg\" alt=\"\" width=\"320\" height=\"229\" \/><\/a><\/p>\n<p style=\"text-align: justify;\">La regata disputada bajo una metereolog\u00eda muy variable, en la que <strong>dominaron vientos del ENE- NE<\/strong> que fueron rolando hacia el<strong> S<\/strong> y despu\u00e9s a <strong>SO<\/strong> de intensidades muy variables llegado hasta la F6 con alguna punta de 7; \u00c1reas de marejada, pero tambi\u00e9n, durante la noche del 5 al 6 de abril, una fuerte y determinante encalmada que agrupo a la flota a unas 35\/40 millas de las costas de Ibiza. Circunstancias, tal y como comento Manuel Guash, que hicieron que la regata fuese muy t\u00e1ctica, con decisiones estrat\u00e9gicas importantes que, de alguna manera, determinaron muy sensiblemente los resultados finales. \u201c<strong>Tras la salida, destaco Guash, la flota se dividi\u00f3 en dos grupos; Unos navegaban a rumbo directo hacia Ibiza y otros apostamos por bajar, casi costeando, hacia el Delta del Ebro. Esperando que los vientos de componente S que se anunciaban nos permitiesen \u201csaltar\u201d a Sant Antoni con cierta ventaja. Lo que finalmente ocurri\u00f3\u2026Una t\u00e1ctica muy t\u00edpica en La Sal que si te sale bien funciona perfectamente. Otro asunto es negociar t\u00e1cticamente hablando las ultimas millas hasta la llegada en\u00a0 Cab Negret, que en este caso no fue cosa f\u00e1cil, con chubascos de hasta 30 nudos de proa\u2026.\u201d Finalmente indico que \u201cEste 25 aniversario ha sido magnifico en todos los sentidos, buena participaci\u00f3n, mucho nivel y una regata muy din\u00e1mica y divertida, aunque, como siempre, dura.\u201d<\/strong><\/p>\n<p style=\"text-align: justify;\"><strong><a href=\"https:\/\/larutadelasal.com\/custom\/uploads\/2012\/04\/f1_AFB9106.jpg\"><img loading=\"lazy\" decoding=\"async\" class=\"alignnone size-medium wp-image-1077\" title=\"f1_AFB9106\" src=\"https:\/\/larutadelasal.com\/custom\/uploads\/2012\/04\/f1_AFB9106-500x279.jpg\" alt=\"\" width=\"647\" height=\"331\" \/><\/a><a href=\"https:\/\/larutadelasal.com\/custom\/uploads\/2012\/04\/f4_AFB9130.jpg\"><img loading=\"lazy\" decoding=\"async\" class=\"alignnone size-medium wp-image-1078\" title=\"f4_AFB9130\" src=\"https:\/\/larutadelasal.com\/custom\/uploads\/2012\/04\/f4_AFB9130-500x343.jpg\" alt=\"\" width=\"320\" height=\"229\" \/><\/a><a href=\"https:\/\/larutadelasal.com\/custom\/uploads\/2012\/04\/f5_AFB9134.jpg\"><img loading=\"lazy\" decoding=\"async\" class=\"alignnone size-medium wp-image-1079\" title=\"f5_AFB9134\" src=\"https:\/\/larutadelasal.com\/custom\/uploads\/2012\/04\/f5_AFB9134-500x343.jpg\" alt=\"\" width=\"320\" height=\"229\" \/><\/a><a href=\"https:\/\/larutadelasal.com\/custom\/uploads\/2012\/04\/f6_AFB9138.jpg\"><img loading=\"lazy\" decoding=\"async\" class=\"alignnone size-medium wp-image-1080\" title=\"f6_AFB9138\" src=\"https:\/\/larutadelasal.com\/custom\/uploads\/2012\/04\/f6_AFB9138-500x343.jpg\" alt=\"\" width=\"320\" height=\"229\" \/><\/a><a href=\"https:\/\/larutadelasal.com\/custom\/uploads\/2012\/04\/f7_AFB9143.jpg\"><img loading=\"lazy\" decoding=\"async\" class=\"alignnone size-medium wp-image-1081\" title=\"f7_AFB9143\" src=\"https:\/\/larutadelasal.com\/custom\/uploads\/2012\/04\/f7_AFB9143-500x343.jpg\" alt=\"\" width=\"320\" height=\"229\" \/><\/a><br \/>\n<\/strong><\/p>\n<p style=\"text-align: justify;\">En la <strong>Versi\u00f3n Norte<\/strong> tras el <strong>\u201cAivis\u201d<\/strong> se clasificaron; el <strong>J122 \u201cJay Walker 2\u201d de Eric Janssen,<\/strong> un equipo que fue vencedor\u00a0 absoluto de la Versi\u00f3n Norte de La Sal en el 2008. Cerrando el p\u00f3dium el <strong>Signa 38 D de Amador Magraner \u201cAcrobat\u201d, del RCN del Puerto de Pollensa <\/strong>vencedor absoluto de esta Versi\u00f3n Norte de La Sal en la pasada edici\u00f3n \u2013 2011.- En definitiva un tr\u00edo potente, con equipos y embarcaciones, en todos los casos, con un potencial deportivo extraordinario.<\/p>\n<p style=\"text-align: justify;\">La <strong>Versi\u00f3n Este de Denia a Sant Antoni de Portmany<\/strong>, con <strong>107\u00a0 barcos inscritos<\/strong>, reuni\u00f3 a flotas procedentes de unos <strong>treinta Clubes N\u00e1uticos y Marinas,<\/strong> con entradas espec\u00edficas\u00a0 de equipos con base en las c<strong>ostas Cant\u00e1bricas, Atl\u00e1nticas, Andaluzas y Levantinas y de aguas interiores<\/strong>. Tambi\u00e9n una magnifica lista de inscritos procedentes de las Baleares. Concretamente de <strong>Ibiza y Palma de Mallorca<\/strong>.\u00a0 La flota <strong>extranjera<\/strong> alineara a unos diez veleros con pabellones de <strong>Alemania, Irlanda, Luxemburgo y Holanda.<\/strong><\/p>\n<p style=\"text-align: justify;\">Seg\u00fan indico <strong>Ram\u00f3n Balanzat, <\/strong>ganador absoluto de la <strong>Versi\u00f3n Este\u00a0 con el Fortuna 9 \u201cPosidonia Uno\u201d<\/strong>, la regata fue dura y muy r\u00e1pida. <strong>\u201cLos vientos de componente S permitieron navegar con mucho potencial. Nosotros fuimos siempre al l\u00edmite de las posibilidades de nuestro barco, insisti\u00f3 el patr\u00f3n Ibicenco. Una navegaci\u00f3n muy complicada y dura, con las escotas siempre en la mano, aguantando el m\u00e1ximo de trapo. Fue muy importante salvar la encalmada que afecto a los barcos de cabeza a la altura de Portinax. Conocer las aguas locales nos ayudo mucho en las ultima millas\u2026pero no todo es suerte. Hemos preparado mucho esta regata, el barco lo hemos optimizado al m\u00e1ximo, desde la salida apostamos por una navegaci\u00f3n muy radical con la idea de optar a una plaza de honor.\u201d<\/strong><\/p>\n<p style=\"text-align: justify;\"><strong><a href=\"https:\/\/larutadelasal.com\/custom\/uploads\/2012\/04\/f1_AFB8973.jpg\"><img loading=\"lazy\" decoding=\"async\" class=\"alignnone size-medium wp-image-1082\" title=\"f1_AFB8973\" src=\"https:\/\/larutadelasal.com\/custom\/uploads\/2012\/04\/f1_AFB8973-500x343.jpg\" alt=\"\" width=\"320\" height=\"229\" \/><\/a><a href=\"https:\/\/larutadelasal.com\/custom\/uploads\/2012\/04\/f2_AFB9085.jpg\"><img loading=\"lazy\" decoding=\"async\" class=\"alignnone size-medium wp-image-1083\" title=\"f2_AFB9085\" src=\"https:\/\/larutadelasal.com\/custom\/uploads\/2012\/04\/f2_AFB9085-500x343.jpg\" alt=\"\" width=\"320\" height=\"229\" \/><\/a><br \/>\n<\/strong><\/p>\n<p style=\"text-align: justify;\"><a href=\"https:\/\/larutadelasal.com\/custom\/uploads\/2012\/04\/f3_AFB9193.jpg\"><img loading=\"lazy\" decoding=\"async\" class=\"alignnone size-medium wp-image-1084\" title=\"f3_AFB9193\" src=\"https:\/\/larutadelasal.com\/custom\/uploads\/2012\/04\/f3_AFB9193-500x287.jpg\" alt=\"\" width=\"647\" height=\"331\" \/><\/a><\/p>\n<p style=\"text-align: justify;\">En la <strong>Versi\u00f3n Este,<\/strong> tras el <strong>\u201cPosidonia Uno\u201d<\/strong> se clasificaron el <strong>J 92S \u201cCaf\u00e9 del Mar\u201d del CN de Sant Antoni de Juan Carlos Sanchis<\/strong>,\u00a0 y el <strong>First 345 \u201cArkitektonika\u201d de Javier P\u00e9rez &#8211; Almaran de RCN de Valencia<\/strong> cerrando el p\u00f3dium de esta singladura.<\/p>\n<p style=\"text-align: justify;\">Destacar que la <strong>Versi\u00f3n Este<\/strong> fue el marco deportivo para la celebraci\u00f3n de la <strong>primera convocatoria del Desaf\u00edo N\u00e1utico Universitario \u2013 Copa Universidad<\/strong> en la participaron\u00a0 cuatro embarcaciones representando a la Universidad Polit\u00e9cnica de Madrid, la Universidad Complutense de Madrid. La Escuela Universitaria de Estudios Empresariales de la Universidad Complutense de Madrid y finalmente la Escuela T\u00e9cnica Superior de Ingenieros Navales de la Universidad Polit\u00e9cnica de Madrid.\u00a0 Una iniciativa que apunta a crear, siempre dentro del marco de La Sal, una competici\u00f3n, cuyo objetivo funcional es reunir cada a\u00f1o a tripulaciones universitarias de toda Espa\u00f1a, reivindicando tanto los valores deportivos del evento en si, como la promoci\u00f3n del conocimiento de la cultura marinera entre la comunidad universitaria y de forma colegiada, reivindicar la conservaci\u00f3n del patrimonio natural de los oc\u00e9anos Finalmente resulto ganador el\u00a0 <strong>Dufour 40, \u201cMalta Blue\u201d, de la Universidad Complutense de Madrid patroneado por Carlos de Benito<\/strong>. Quien en la Sal del 2013 tendr\u00e1 que defender La Copa\u00a0 ante los equipos Universitarios que, durante los pr\u00f3ximos meses, le planteen un desaf\u00edo formal.<\/p>\n<p style=\"text-align: justify;\"><a href=\"https:\/\/larutadelasal.com\/custom\/uploads\/2012\/04\/f1_AFB89171.jpg\"><img loading=\"lazy\" decoding=\"async\" class=\"alignnone size-medium wp-image-1111\" title=\"f1_AFB8917\" src=\"https:\/\/larutadelasal.com\/custom\/uploads\/2012\/04\/f1_AFB89171-500x343.jpg\" alt=\"\" width=\"320\" height=\"229\" \/><\/a><a href=\"https:\/\/larutadelasal.com\/custom\/uploads\/2012\/04\/f2_AFB8944.jpg\"><img loading=\"lazy\" decoding=\"async\" class=\"alignnone size-medium wp-image-1089\" title=\"f2_AFB8944\" src=\"https:\/\/larutadelasal.com\/custom\/uploads\/2012\/04\/f2_AFB8944-500x343.jpg\" alt=\"\" width=\"320\" height=\"229\" \/><\/a><a href=\"https:\/\/larutadelasal.com\/custom\/uploads\/2012\/04\/f3_AFB8947.jpg\"><img loading=\"lazy\" decoding=\"async\" class=\"alignnone size-medium wp-image-1090\" title=\"f3_AFB8947\" src=\"https:\/\/larutadelasal.com\/custom\/uploads\/2012\/04\/f3_AFB8947-500x343.jpg\" alt=\"\" width=\"320\" height=\"229\" \/><\/a><a href=\"https:\/\/larutadelasal.com\/custom\/uploads\/2012\/04\/f4_AFB8938_b.jpg\"><img loading=\"lazy\" decoding=\"async\" class=\"alignnone size-medium wp-image-1091\" title=\"f4_AFB8938\" src=\"https:\/\/larutadelasal.com\/custom\/uploads\/2012\/04\/f4_AFB8938-500x343.jpg\" alt=\"\" width=\"320\" height=\"229\" \/><\/a><\/p>\n<p style=\"text-align: justify;\">\n<p style=\"text-align: justify;\">Finalmente mencionar a los vencedores en<strong> Tiempo Real<\/strong>, de esta <strong>25 edici\u00f3n de La Ruta de La Sal;<\/strong> en la <strong>Versi\u00f3n Norte el Wally 60, \u201cWally\u00f1o\u201d de Fernando L\u00f3pez Domenech del RCN de Barcelona.<\/strong> Comentar que <strong>\u201cWally\u00f1o\u201d <\/strong> ya\u00a0 fue vencedor en <strong>Tiempo Real en el 2008 <\/strong>de esta misma singladura. En la <strong>Versi\u00f3n Este<\/strong>, el nuevo <strong>Swam 80 del RCR de Alicante, \u201cPlis-Play\u201d de Vicente Garc\u00eda,<\/strong> que, tras esta victoria, acredita un historial deportivo en <strong>Versi\u00f3n Este de La Sal realmente espectacular; con victorias en Tiempo Real en los a\u00f1os 2003, 2005, 2007, 2008, 2009, 2010 y, ahora 2012.<\/strong> Siendo tambi\u00e9n <strong>ganador absoluto en la general <\/strong>en el <strong>2008.<\/strong>Destacar que con un registro de <strong>13h \/10m \/15s en cubrir las 117 millas desde Denia, el \u201cPlis-Play\u201d establece un nuevo record de velocidad absoluto para esta traves\u00eda<\/strong>. Titulo que, par\u00f3dicamente manten\u00eda hasta el momento el mismo equipo de Vicente Garc\u00eda, conseguido en la edici\u00f3n del 2010 cuando lograron cubrir el circuito Este en 21h \/ 02m\/ 38s.<\/p>\n<p style=\"text-align: justify;\"><a href=\"..\/files\/2012\/04\/f1_AFB8398.jpg\"><img loading=\"lazy\" decoding=\"async\" title=\"f1_AFB8398\" src=\"..\/files\/2012\/04\/f1_AFB8398-500x343.jpg\" alt=\"\" width=\"320\" height=\"229\" \/><\/a><a href=\"..\/files\/2012\/04\/f2_AFB8454.jpg\"><img loading=\"lazy\" decoding=\"async\" title=\"f2_AFB8454\" src=\"..\/files\/2012\/04\/f2_AFB8454-500x343.jpg\" alt=\"\" width=\"320\" height=\"229\" \/><\/a><a href=\"..\/files\/2012\/04\/f3_AFB8475.jpg\"><img loading=\"lazy\" decoding=\"async\" title=\"f3_AFB8475\" src=\"..\/files\/2012\/04\/f3_AFB8475-500x343.jpg\" alt=\"\" width=\"320\" height=\"229\" \/><\/a><a href=\"..\/files\/2012\/04\/f4_AFB8511.jpg\"><img loading=\"lazy\" decoding=\"async\" title=\"f4_AFB8511\" src=\"..\/files\/2012\/04\/f4_AFB8511-500x343.jpg\" alt=\"\" width=\"320\" height=\"229\" \/><\/a><\/p>\n<p style=\"text-align: justify;\">La 25 Ruta de Sal-Trofeo Pepe Ferres dio su \u00faltimo bordo con la entrega de premios a los ganadores absolutos en las diferentes clases, que se celebr\u00f3 en la discoteca Es Parad\u00eds de Sant Antoni. Cerca de 1.000 personas\u00a0 entre navegantes, invitados y representantes de diferentes administraciones publicas locales. Entre ellos la presencia del presidente del Consell de Eivissa, Vicent Serra, y la alcaldesa de Sant Antoni, Pepita Guti\u00e9rrez.<\/p>\n<p style=\"text-align: justify;\">El acto sirvi\u00f3 para conmemorar las bodas de plata de la regata. Isabel Subirats, Presidenta de ANAM, responsable de la gesti\u00f3n y organizaci\u00f3n de la regata,\u00a0 agradeci\u00f3 la participaci\u00f3n de los regatistas, y la colaboraci\u00f3n de la iniciativa privada, instituciones y clubes n\u00e1uticos durante todos estos a\u00f1os. \u201c25 a\u00f1os son muchos a\u00f1os\u201d dijo, congratul\u00e1ndose por el hecho de que entiende que La Sal, durante este tiempo ha cumplido perfectamente con el gran argumento que animo a Pepe Ferres a dise\u00f1ar esta gran competici\u00f3n. Pr\u00e1cticamente fomentar la navegaci\u00f3n de altura a trav\u00e9s de una gran regata anual. Y esto, que duda cabe se ha conseguido y con creces. Ahora comenzamos el primer bordo de los pr\u00f3ximos 25 a\u00f1os de La Sal.<\/p>\n<p style=\"text-align: justify;\"><a href=\"https:\/\/larutadelasal.com\/custom\/uploads\/2012\/04\/f3_AFB8857.jpg\"><img loading=\"lazy\" decoding=\"async\" class=\"alignnone size-medium wp-image-1105\" title=\"f3_AFB8857\" src=\"https:\/\/larutadelasal.com\/custom\/uploads\/2012\/04\/f3_AFB8857-500x315.jpg\" alt=\"\" width=\"647\" height=\"362\" \/><\/a><a href=\"https:\/\/larutadelasal.com\/custom\/uploads\/2012\/04\/f1_AFB8605.jpg\"><img loading=\"lazy\" decoding=\"async\" class=\"alignnone size-medium wp-image-1106\" title=\"f1_AFB8605\" src=\"https:\/\/larutadelasal.com\/custom\/uploads\/2012\/04\/f1_AFB8605-500x331.jpg\" alt=\"\" width=\"320\" height=\"229\" \/><\/a><a href=\"https:\/\/larutadelasal.com\/custom\/uploads\/2012\/04\/f2_AFB8563.jpg\"><img loading=\"lazy\" decoding=\"async\" class=\"alignnone size-medium wp-image-1107\" title=\"f2_AFB8563\" src=\"https:\/\/larutadelasal.com\/custom\/uploads\/2012\/04\/f2_AFB8563-500x331.jpg\" alt=\"\" width=\"320\" height=\"229\" \/><\/a><\/p>\n<p style=\"text-align: justify;\">\n","protected":false},"excerpt":{"rendered":"<p>La 25 Ruta de La Sal \u2013 Trofeo Pepe Ferres se queda en Ibiza.<\/p>\n<p>Los Fortuna 9, \u201cAivis\u201d de Manuel Guasch y de Ram\u00f3n Balanzat \u201cPosidonia Uno\u201d, ambos del CN. de Ibiza, vencedores absolutos de la 25 Ruta de La Sal.<\/p>\n<p>\u201cPlis-Play\u201d y \u201cWally\u00f1o\u201d vencedores en Tiempo Real de la 25 Ruta de La Sal \u2013 Trofeo Pepe Ferres.<\/p>\n","protected":false},"author":1,"featured_media":3749,"comment_status":"open","ping_status":"open","sticky":false,"template":"","format":"standard","meta":{"_acf_changed":false,"footnotes":""},"categories":[3],"tags":[],"acf":[],"yoast_head":"<!-- This site is optimized with the Yoast SEO plugin v23.0 - https:\/\/yoast.com\/wordpress\/plugins\/seo\/ -->\n<title>GRAN \u00c9XITO DEPORTIVO LA ESCUADRA PITIUSSA | Regata La Ruta de la Sal<\/title>\n<meta name=\"robots\" content=\"noindex, follow, max-snippet:-1, max-image-preview:large, max-video-preview:-1\" \/>\n<meta property=\"og:locale\" content=\"es_ES\" \/>\n<meta property=\"og:type\" content=\"article\" \/>\n<meta property=\"og:title\" content=\"GRAN \u00c9XITO DEPORTIVO LA ESCUADRA PITIUSSA | Regata La Ruta de la Sal\" \/>\n<meta property=\"og:description\" content=\"La 25 Ruta de La Sal \u2013 Trofeo Pepe Ferres se queda en Ibiza.  Los Fortuna 9, \u201cAivis\u201d de Manuel Guasch y de Ram\u00f3n Balanzat \u201cPosidonia Uno\u201d, ambos del CN. de Ibiza, vencedores absolutos de la 25 Ruta de La Sal.  \u201cPlis-Play\u201d y \u201cWally\u00f1o\u201d vencedores en Tiempo Real de la 25 Ruta de La Sal \u2013 Trofeo Pepe Ferres.\" \/>\n<meta property=\"og:url\" content=\"https:\/\/labs.100x100.net\/projects\/rutasal\/gran-exito-deportivo-la-escuadra-pitiussa\/\" \/>\n<meta property=\"og:site_name\" content=\"Regata La Ruta de la Sal\" \/>\n<meta property=\"article:publisher\" content=\"https:\/\/www.facebook.com\/rutadelasal\/\" \/>\n<meta property=\"article:published_time\" content=\"2012-04-18T12:44:25+00:00\" \/>\n<meta property=\"article:modified_time\" content=\"2019-03-14T10:06:25+00:00\" \/>\n<meta property=\"og:image\" content=\"https:\/\/labs.100x100.net\/projects\/rutasal\/custom\/uploads\/2019\/03\/Capture-23.png\" \/>\n\t<meta property=\"og:image:width\" content=\"844\" \/>\n\t<meta property=\"og:image:height\" content=\"559\" \/>\n\t<meta property=\"og:image:type\" content=\"image\/png\" \/>\n<meta name=\"author\" content=\"La Ruta de la Sal\" \/>\n<meta name=\"twitter:card\" content=\"summary_large_image\" \/>\n<meta name=\"twitter:creator\" content=\"@AnamMedi\" \/>\n<meta name=\"twitter:site\" content=\"@AnamMedi\" \/>\n<meta name=\"twitter:label1\" content=\"Escrito por\" \/>\n\t<meta name=\"twitter:data1\" content=\"La Ruta de la Sal\" \/>\n\t<meta name=\"twitter:label2\" content=\"Tiempo de lectura\" \/>\n\t<meta name=\"twitter:data2\" content=\"9 minutos\" \/>\n<script type=\"application\/ld+json\" class=\"yoast-schema-graph\">{\"@context\":\"https:\/\/schema.org\",\"@graph\":[{\"@type\":\"WebPage\",\"@id\":\"https:\/\/labs.100x100.net\/projects\/rutasal\/gran-exito-deportivo-la-escuadra-pitiussa\/\",\"url\":\"https:\/\/labs.100x100.net\/projects\/rutasal\/gran-exito-deportivo-la-escuadra-pitiussa\/\",\"name\":\"GRAN \u00c9XITO DEPORTIVO LA ESCUADRA PITIUSSA | Regata La Ruta de la Sal\",\"isPartOf\":{\"@id\":\"https:\/\/labs.100x100.net\/projects\/rutasal\/#website\"},\"primaryImageOfPage\":{\"@id\":\"https:\/\/labs.100x100.net\/projects\/rutasal\/gran-exito-deportivo-la-escuadra-pitiussa\/#primaryimage\"},\"image\":{\"@id\":\"https:\/\/labs.100x100.net\/projects\/rutasal\/gran-exito-deportivo-la-escuadra-pitiussa\/#primaryimage\"},\"thumbnailUrl\":\"https:\/\/labs.100x100.net\/projects\/rutasal\/custom\/uploads\/2019\/03\/Capture-23.png\",\"datePublished\":\"2012-04-18T12:44:25+00:00\",\"dateModified\":\"2019-03-14T10:06:25+00:00\",\"author\":{\"@id\":\"https:\/\/labs.100x100.net\/projects\/rutasal\/#\/schema\/person\/214eeb4a2e78fd8373a0a94f6d93c9ca\"},\"breadcrumb\":{\"@id\":\"https:\/\/labs.100x100.net\/projects\/rutasal\/gran-exito-deportivo-la-escuadra-pitiussa\/#breadcrumb\"},\"inLanguage\":\"es\",\"potentialAction\":[{\"@type\":\"ReadAction\",\"target\":[\"https:\/\/labs.100x100.net\/projects\/rutasal\/gran-exito-deportivo-la-escuadra-pitiussa\/\"]}]},{\"@type\":\"ImageObject\",\"inLanguage\":\"es\",\"@id\":\"https:\/\/labs.100x100.net\/projects\/rutasal\/gran-exito-deportivo-la-escuadra-pitiussa\/#primaryimage\",\"url\":\"https:\/\/labs.100x100.net\/projects\/rutasal\/custom\/uploads\/2019\/03\/Capture-23.png\",\"contentUrl\":\"https:\/\/labs.100x100.net\/projects\/rutasal\/custom\/uploads\/2019\/03\/Capture-23.png\",\"width\":844,\"height\":559},{\"@type\":\"BreadcrumbList\",\"@id\":\"https:\/\/labs.100x100.net\/projects\/rutasal\/gran-exito-deportivo-la-escuadra-pitiussa\/#breadcrumb\",\"itemListElement\":[{\"@type\":\"ListItem\",\"position\":1,\"name\":\"Portada\",\"item\":\"https:\/\/labs.100x100.net\/projects\/rutasal\/\"},{\"@type\":\"ListItem\",\"position\":2,\"name\":\"GRAN \u00c9XITO DEPORTIVO LA ESCUADRA PITIUSSA\"}]},{\"@type\":\"WebSite\",\"@id\":\"https:\/\/labs.100x100.net\/projects\/rutasal\/#website\",\"url\":\"https:\/\/labs.100x100.net\/projects\/rutasal\/\",\"name\":\"Regata La Ruta de la Sal\",\"description\":\"Regata La Ruta de la Sal es una regata de Altura Mediterr\u00e1nea para barcos de crucero a vela con destino en Ibiza, que se disputa anualmente en Semana Santa.\",\"potentialAction\":[{\"@type\":\"SearchAction\",\"target\":{\"@type\":\"EntryPoint\",\"urlTemplate\":\"https:\/\/labs.100x100.net\/projects\/rutasal\/?s={search_term_string}\"},\"query-input\":\"required name=search_term_string\"}],\"inLanguage\":\"es\"},{\"@type\":\"Person\",\"@id\":\"https:\/\/labs.100x100.net\/projects\/rutasal\/#\/schema\/person\/214eeb4a2e78fd8373a0a94f6d93c9ca\",\"name\":\"La Ruta de la Sal\",\"image\":{\"@type\":\"ImageObject\",\"inLanguage\":\"es\",\"@id\":\"https:\/\/labs.100x100.net\/projects\/rutasal\/#\/schema\/person\/image\/\",\"url\":\"https:\/\/secure.gravatar.com\/avatar\/b247286d4b801d6b1cfcfb3807587284?s=96&d=mm&r=g\",\"contentUrl\":\"https:\/\/secure.gravatar.com\/avatar\/b247286d4b801d6b1cfcfb3807587284?s=96&d=mm&r=g\",\"caption\":\"La Ruta de la Sal\"}}]}<\/script>\n<!-- \/ Yoast SEO plugin. -->","yoast_head_json":{"title":"GRAN \u00c9XITO DEPORTIVO LA ESCUADRA PITIUSSA | Regata La Ruta de la Sal","robots":{"index":"noindex","follow":"follow","max-snippet":"max-snippet:-1","max-image-preview":"max-image-preview:large","max-video-preview":"max-video-preview:-1"},"og_locale":"es_ES","og_type":"article","og_title":"GRAN \u00c9XITO DEPORTIVO LA ESCUADRA PITIUSSA | Regata La Ruta de la Sal","og_description":"La 25 Ruta de La Sal \u2013 Trofeo Pepe Ferres se queda en Ibiza.  Los Fortuna 9, \u201cAivis\u201d de Manuel Guasch y de Ram\u00f3n Balanzat \u201cPosidonia Uno\u201d, ambos del CN. de Ibiza, vencedores absolutos de la 25 Ruta de La Sal.  \u201cPlis-Play\u201d y \u201cWally\u00f1o\u201d vencedores en Tiempo Real de la 25 Ruta de La Sal \u2013 Trofeo Pepe Ferres.","og_url":"https:\/\/labs.100x100.net\/projects\/rutasal\/gran-exito-deportivo-la-escuadra-pitiussa\/","og_site_name":"Regata La Ruta de la Sal","article_publisher":"https:\/\/www.facebook.com\/rutadelasal\/","article_published_time":"2012-04-18T12:44:25+00:00","article_modified_time":"2019-03-14T10:06:25+00:00","og_image":[{"width":844,"height":559,"url":"https:\/\/labs.100x100.net\/projects\/rutasal\/custom\/uploads\/2019\/03\/Capture-23.png","type":"image\/png"}],"author":"La Ruta de la Sal","twitter_card":"summary_large_image","twitter_creator":"@AnamMedi","twitter_site":"@AnamMedi","twitter_misc":{"Escrito por":"La Ruta de la Sal","Tiempo de lectura":"9 minutos"},"schema":{"@context":"https:\/\/schema.org","@graph":[{"@type":"WebPage","@id":"https:\/\/labs.100x100.net\/projects\/rutasal\/gran-exito-deportivo-la-escuadra-pitiussa\/","url":"https:\/\/labs.100x100.net\/projects\/rutasal\/gran-exito-deportivo-la-escuadra-pitiussa\/","name":"GRAN \u00c9XITO DEPORTIVO LA ESCUADRA PITIUSSA | Regata La Ruta de la Sal","isPartOf":{"@id":"https:\/\/labs.100x100.net\/projects\/rutasal\/#website"},"primaryImageOfPage":{"@id":"https:\/\/labs.100x100.net\/projects\/rutasal\/gran-exito-deportivo-la-escuadra-pitiussa\/#primaryimage"},"image":{"@id":"https:\/\/labs.100x100.net\/projects\/rutasal\/gran-exito-deportivo-la-escuadra-pitiussa\/#primaryimage"},"thumbnailUrl":"https:\/\/labs.100x100.net\/projects\/rutasal\/custom\/uploads\/2019\/03\/Capture-23.png","datePublished":"2012-04-18T12:44:25+00:00","dateModified":"2019-03-14T10:06:25+00:00","author":{"@id":"https:\/\/labs.100x100.net\/projects\/rutasal\/#\/schema\/person\/214eeb4a2e78fd8373a0a94f6d93c9ca"},"breadcrumb":{"@id":"https:\/\/labs.100x100.net\/projects\/rutasal\/gran-exito-deportivo-la-escuadra-pitiussa\/#breadcrumb"},"inLanguage":"es","potentialAction":[{"@type":"ReadAction","target":["https:\/\/labs.100x100.net\/projects\/rutasal\/gran-exito-deportivo-la-escuadra-pitiussa\/"]}]},{"@type":"ImageObject","inLanguage":"es","@id":"https:\/\/labs.100x100.net\/projects\/rutasal\/gran-exito-deportivo-la-escuadra-pitiussa\/#primaryimage","url":"https:\/\/labs.100x100.net\/projects\/rutasal\/custom\/uploads\/2019\/03\/Capture-23.png","contentUrl":"https:\/\/labs.100x100.net\/projects\/rutasal\/custom\/uploads\/2019\/03\/Capture-23.png","width":844,"height":559},{"@type":"BreadcrumbList","@id":"https:\/\/labs.100x100.net\/projects\/rutasal\/gran-exito-deportivo-la-escuadra-pitiussa\/#breadcrumb","itemListElement":[{"@type":"ListItem","position":1,"name":"Portada","item":"https:\/\/labs.100x100.net\/projects\/rutasal\/"},{"@type":"ListItem","position":2,"name":"GRAN \u00c9XITO DEPORTIVO LA ESCUADRA PITIUSSA"}]},{"@type":"WebSite","@id":"https:\/\/labs.100x100.net\/projects\/rutasal\/#website","url":"https:\/\/labs.100x100.net\/projects\/rutasal\/","name":"Regata La Ruta de la Sal","description":"Regata La Ruta de la Sal es una regata de Altura Mediterr\u00e1nea para barcos de crucero a vela con destino en Ibiza, que se disputa anualmente en Semana Santa.","potentialAction":[{"@type":"SearchAction","target":{"@type":"EntryPoint","urlTemplate":"https:\/\/labs.100x100.net\/projects\/rutasal\/?s={search_term_string}"},"query-input":"required name=search_term_string"}],"inLanguage":"es"},{"@type":"Person","@id":"https:\/\/labs.100x100.net\/projects\/rutasal\/#\/schema\/person\/214eeb4a2e78fd8373a0a94f6d93c9ca","name":"La Ruta de la Sal","image":{"@type":"ImageObject","inLanguage":"es","@id":"https:\/\/labs.100x100.net\/projects\/rutasal\/#\/schema\/person\/image\/","url":"https:\/\/secure.gravatar.com\/avatar\/b247286d4b801d6b1cfcfb3807587284?s=96&d=mm&r=g","contentUrl":"https:\/\/secure.gravatar.com\/avatar\/b247286d4b801d6b1cfcfb3807587284?s=96&d=mm&r=g","caption":"La Ruta de la Sal"}}]}},"_links":{"self":[{"href":"https:\/\/labs.100x100.net\/projects\/rutasal\/wp-json\/wp\/v2\/posts\/1025"}],"collection":[{"href":"https:\/\/labs.100x100.net\/projects\/rutasal\/wp-json\/wp\/v2\/posts"}],"about":[{"href":"https:\/\/labs.100x100.net\/projects\/rutasal\/wp-json\/wp\/v2\/types\/post"}],"author":[{"embeddable":true,"href":"https:\/\/labs.100x100.net\/projects\/rutasal\/wp-json\/wp\/v2\/users\/1"}],"replies":[{"embeddable":true,"href":"https:\/\/labs.100x100.net\/projects\/rutasal\/wp-json\/wp\/v2\/comments?post=1025"}],"version-history":[{"count":1,"href":"https:\/\/labs.100x100.net\/projects\/rutasal\/wp-json\/wp\/v2\/posts\/1025\/revisions"}],"predecessor-version":[{"id":3876,"href":"https:\/\/labs.100x100.net\/projects\/rutasal\/wp-json\/wp\/v2\/posts\/1025\/revisions\/3876"}],"wp:featuredmedia":[{"embeddable":true,"href":"https:\/\/labs.100x100.net\/projects\/rutasal\/wp-json\/wp\/v2\/media\/3749"}],"wp:attachment":[{"href":"https:\/\/labs.100x100.net\/projects\/rutasal\/wp-json\/wp\/v2\/media?parent=1025"}],"wp:term":[{"taxonomy":"category","embeddable":true,"href":"https:\/\/labs.100x100.net\/projects\/rutasal\/wp-json\/wp\/v2\/categories?post=1025"},{"taxonomy":"post_tag","embeddable":true,"href":"https:\/\/labs.100x100.net\/projects\/rutasal\/wp-json\/wp\/v2\/tags?post=1025"}],"curies":[{"name":"wp","href":"https:\/\/api.w.org\/{rel}","templated":true}]}}