{"id":10140,"date":"2024-04-02T17:17:29","date_gmt":"2024-04-02T15:17:29","guid":{"rendered":"https:\/\/larutadelasal.com\/?p=10140"},"modified":"2024-04-02T20:52:47","modified_gmt":"2024-04-02T18:52:47","slug":"xxxvi-edicion-de-la-ruta-de-la-sal-rumbo-ibiza","status":"publish","type":"post","link":"https:\/\/labs.100x100.net\/projects\/rutasal\/xxxvi-edicion-de-la-ruta-de-la-sal-rumbo-ibiza\/","title":{"rendered":"La XXXVI edici\u00f3n de La Ruta de la Sal Rumbo Ibiza se celebr\u00f3 a pesar de la borrasca Nelson"},"content":{"rendered":"<div id=\"attachment_10142\" style=\"width: 1410px\" class=\"wp-caption aligncenter\"><img loading=\"lazy\" decoding=\"async\" aria-describedby=\"caption-attachment-10142\" class=\"size-full wp-image-10142\" src=\"http:\/\/larutadelasal.com\/custom\/uploads\/2024\/04\/Celeste-di-Mare-@La-Sal-Rumbo-Ibiza_BaixauliFoto.com_.jpg\" alt=\"\" width=\"1400\" height=\"933\" srcset=\"https:\/\/labs.100x100.net\/projects\/rutasal\/custom\/uploads\/2024\/04\/Celeste-di-Mare-@La-Sal-Rumbo-Ibiza_BaixauliFoto.com_.jpg 1400w, https:\/\/labs.100x100.net\/projects\/rutasal\/custom\/uploads\/2024\/04\/Celeste-di-Mare-@La-Sal-Rumbo-Ibiza_BaixauliFoto.com_-300x200.jpg 300w, https:\/\/labs.100x100.net\/projects\/rutasal\/custom\/uploads\/2024\/04\/Celeste-di-Mare-@La-Sal-Rumbo-Ibiza_BaixauliFoto.com_-1024x682.jpg 1024w, https:\/\/labs.100x100.net\/projects\/rutasal\/custom\/uploads\/2024\/04\/Celeste-di-Mare-@La-Sal-Rumbo-Ibiza_BaixauliFoto.com_-768x512.jpg 768w\" sizes=\"(max-width: 1400px) 100vw, 1400px\" \/><p id=\"caption-attachment-10142\" class=\"wp-caption-text\">\u00abCeleste di Mare\u00bb Carabela 32 &#8211; Ganador Absoluto Versi\u00f3n Denia @BaixauliFoto.com<\/p><\/div>\n<p>&nbsp;<\/p>\n<p style=\"text-align: justify;\"><strong>Por primera vez en los 36 a\u00f1os de historia la versi\u00f3n Barcelona no pudo llegar a Ibiza, pero pudo organizarse un recorrido alternativo frente a la costa catalana<\/strong><\/p>\n<p style=\"text-align: justify;\"><strong>La versi\u00f3n Denia pudo celebrarse en condiciones meteorol\u00f3gicas duras a las que los regatistas se enfrentaron demostrando su pericia sin que se produjeran incidentes destacables.<\/strong><\/p>\n<p style=\"text-align: justify;\"><strong>Celeste di Mare, Carabela 32 del Real Club N\u00e1utico Port de Pollen\u00e7a, patroneado por Amador Magraner, fue el vencedor absoluto de la versi\u00f3n Denia.<\/strong><\/p>\n<p style=\"text-align: justify;\"><strong>Diabolic, Sunfast 35 del Royal Belgium Sailing Club, patroneado por Glenn de Brouwer, fue vencedor de una at\u00edpica versi\u00f3n Barcelona.<\/strong><\/p>\n<p style=\"text-align: justify;\"><strong>\u00a0<\/strong><\/p>\n<p style=\"text-align: justify;\">El mi\u00e9rcoles 27, d\u00eda de registro de participantes, con los partes meteorol\u00f3gicos ya establecidos, el comit\u00e9 de regatas anunci\u00f3 el aplazamiento de la salida de ambas versiones prevista para el jueves 28. Ante los avisos emitidos por la AEMET para aguas costeras de Alicante e Ibiza, que anunciaban olas de 3 metros y vientos de fuerza 6, se retrasaba la salida de la versi\u00f3n Denia para hacerla coincidir con la desactivaci\u00f3n de dichos avisos. Ante la ola que se estaba formando, la salida de la versi\u00f3n Barcelona tambi\u00e9n se aplazaba para valorar las condiciones de seguridad en la bocana de Port Ginesta.<\/p>\n<p style=\"text-align: justify;\">El jueves 28, mientras que en Denia se pudo dar la salida, en Barcelona el comit\u00e9 se vio obligado a anunciar un aplazamiento de 24 horas porque la bocana del puerto estaba a todas luces impracticable debido a la ola que se hab\u00eda formado.<\/p>\n<p style=\"text-align: justify;\">Los regatistas de la versi\u00f3n Denia se enfrentaron a condiciones duras, con vientos de sur sostenidos de fuerza 4\/5 y olas de entre dos metros y dos metros y medio. Los regatistas demostraron su pericia y saber marinero en una traves\u00eda r\u00e1pida en la que no se produjeron incidentes destacables y apenas hubo retirados.<\/p>\n<div id=\"attachment_9945\" style=\"width: 2010px\" class=\"wp-caption alignnone\"><img loading=\"lazy\" decoding=\"async\" aria-describedby=\"caption-attachment-9945\" class=\"wp-image-9945 size-full\" src=\"http:\/\/larutadelasal.com\/custom\/uploads\/2024\/03\/La-Sal-Rumbo-Ibiza-2024.\u00a9BaixauliFoto.com128.jpg\" alt=\"\" width=\"2000\" height=\"1333\" srcset=\"https:\/\/labs.100x100.net\/projects\/rutasal\/custom\/uploads\/2024\/03\/La-Sal-Rumbo-Ibiza-2024.\u00a9BaixauliFoto.com128.jpg 2000w, https:\/\/labs.100x100.net\/projects\/rutasal\/custom\/uploads\/2024\/03\/La-Sal-Rumbo-Ibiza-2024.\u00a9BaixauliFoto.com128-300x200.jpg 300w, https:\/\/labs.100x100.net\/projects\/rutasal\/custom\/uploads\/2024\/03\/La-Sal-Rumbo-Ibiza-2024.\u00a9BaixauliFoto.com128-1024x682.jpg 1024w, https:\/\/labs.100x100.net\/projects\/rutasal\/custom\/uploads\/2024\/03\/La-Sal-Rumbo-Ibiza-2024.\u00a9BaixauliFoto.com128-768x512.jpg 768w, https:\/\/labs.100x100.net\/projects\/rutasal\/custom\/uploads\/2024\/03\/La-Sal-Rumbo-Ibiza-2024.\u00a9BaixauliFoto.com128-1536x1024.jpg 1536w\" sizes=\"(max-width: 2000px) 100vw, 2000px\" \/><p id=\"caption-attachment-9945\" class=\"wp-caption-text\">\u00abAviador\u00bb First 53 &#8211; Vencedor Tiempo Real Versi\u00f3n Denia @BaixauliFoto.com<\/p><\/div>\n<p style=\"text-align: justify;\">La embarcaci\u00f3n Aviador, First 53 de Gabriel Medem del RCM de Sotogrande, con un tiempo de 13 horas y 12 minutos, obtuvo la victoria en tiempo real, qued\u00e1ndose a poco m\u00e1s de 50 minutos de establecer el r\u00e9cord absoluto. El Celeste di Mare, Carabela 32 del RCN de Port de Pollen\u00e7a patroneado por Amador Magraner, se hizo con la victoria absoluta de la versi\u00f3n Denia en esta 36\u00ba edici\u00f3n de La Ruta de la Sal.<\/p>\n<div id=\"attachment_10128\" style=\"width: 1010px\" class=\"wp-caption aligncenter\"><img loading=\"lazy\" decoding=\"async\" aria-describedby=\"caption-attachment-10128\" class=\"wp-image-10128 size-full\" src=\"http:\/\/larutadelasal.com\/custom\/uploads\/2024\/04\/Foto-de-Archivo_Diabolic-@Alfred-Farre.jpg\" alt=\"\" width=\"1000\" height=\"662\" srcset=\"https:\/\/labs.100x100.net\/projects\/rutasal\/custom\/uploads\/2024\/04\/Foto-de-Archivo_Diabolic-@Alfred-Farre.jpg 1000w, https:\/\/labs.100x100.net\/projects\/rutasal\/custom\/uploads\/2024\/04\/Foto-de-Archivo_Diabolic-@Alfred-Farre-300x199.jpg 300w, https:\/\/labs.100x100.net\/projects\/rutasal\/custom\/uploads\/2024\/04\/Foto-de-Archivo_Diabolic-@Alfred-Farre-768x508.jpg 768w\" sizes=\"(max-width: 1000px) 100vw, 1000px\" \/><p id=\"caption-attachment-10128\" class=\"wp-caption-text\">\u00abDiabolic\u00bb Sun Fast 35 &#8211; Ganador Absoluto Versi\u00f3n Barcelona &#8211; Foto de archivo @Alfred Farr\u00e9<\/p><\/div>\n<p style=\"text-align: justify;\">El viernes, mientras se daba entrada en Ibiza a los barcos llegados desde Denia, en Barcelona, el capit\u00e1n del puerto emit\u00eda recomendaci\u00f3n de nos transitar la bocana debido a que no se pod\u00eda garantizar la seguridad, hasta que la ola formada permitiera realizar mediciones fiables para determinar la profundidad del canal de entrada y salida. Las mediciones realizadas por la ma\u00f1ana y por la tarde del mismo viernes indicaban dificultades por la persistencia de cierto oleaje y de la arena en suspensi\u00f3n. Ante esta situaci\u00f3n el comit\u00e9 de regatas se vi\u00f3 obligado a extender 24 horas m\u00e1s el aplazamiento. El mismo viernes se organiz\u00f3 reuni\u00f3n de patrones de la versi\u00f3n Barcelona, en la que se dieron todas las explicaciones sobre la cuesti\u00f3n de seguridad en el tr\u00e1nsito de la bocana y se comunic\u00f3 la necesidad de aplicar un recorrido alternativo, seg\u00fan lo contemplado en las instrucciones de regata. A lo largo del mismo viernes, la AEMET emiti\u00f3 aviso de fuerza 7 para la noche del s\u00e1bado al domingo imposibilitando, a todas luces, la opci\u00f3n de lanzar la flota hacia Ibiza. Ante esta situaci\u00f3n, el Comit\u00e9 de Regatas comunic\u00f3 un recorrido alternativo frente a las costas del Garraf, cuya distancia total tambi\u00e9n se ve\u00eda reducida respecto a la habitual, para garantizar que todos los barcos estuvieran en puerto cuando llegasen los efectos previstos de la borrasca.<\/p>\n<div id=\"attachment_10125\" style=\"width: 1210px\" class=\"wp-caption alignnone\"><img loading=\"lazy\" decoding=\"async\" aria-describedby=\"caption-attachment-10125\" class=\"wp-image-10125 size-full\" src=\"http:\/\/larutadelasal.com\/custom\/uploads\/2024\/04\/Foto-de-Archivo_Bandido-@Alfred-Farre.jpg\" alt=\"\" width=\"1200\" height=\"801\" srcset=\"https:\/\/labs.100x100.net\/projects\/rutasal\/custom\/uploads\/2024\/04\/Foto-de-Archivo_Bandido-@Alfred-Farre.jpg 1200w, https:\/\/labs.100x100.net\/projects\/rutasal\/custom\/uploads\/2024\/04\/Foto-de-Archivo_Bandido-@Alfred-Farre-300x200.jpg 300w, https:\/\/labs.100x100.net\/projects\/rutasal\/custom\/uploads\/2024\/04\/Foto-de-Archivo_Bandido-@Alfred-Farre-1024x684.jpg 1024w, https:\/\/labs.100x100.net\/projects\/rutasal\/custom\/uploads\/2024\/04\/Foto-de-Archivo_Bandido-@Alfred-Farre-768x513.jpg 768w\" sizes=\"(max-width: 1200px) 100vw, 1200px\" \/><p id=\"caption-attachment-10125\" class=\"wp-caption-text\">\u00abBandido\u00bb Dehler 44 &#8211; Vencedor Tiempo Real Versi\u00f3n Barcelona &#8211; Foto de Archivo @Alfred Farr\u00e9<\/p><\/div>\n<p style=\"text-align: justify;\">A primera hora del s\u00e1bado 30, con el mar m\u00e1s calmado, se pudieron tomar mediciones m\u00e1s fiables que permitieron al capit\u00e1n del puerto dar luz verde al tr\u00e1nsito en bocana, de forma que a las 11:30h se pudo dar finalmente la salida de la versi\u00f3n Barcelona. Se estableci\u00f3 un recorrido alternativo: Port Ginesta \u2013 Vilanova i la Geltr\u00fa \u2013 Port Ginesta. Las condiciones para la navegaci\u00f3n eran \u00f3ptimas, vientos del suroeste de 6 a 9 nudos de intensidad, con rachas de 12\/14. Los barcos realizaron una larga ce\u00f1ida para doblar la boya meteorol\u00f3gica frente a Vilanova i la Geltr\u00fa y volver a Port Ginesta con vientos portantes. Bandido, Dehler 44 de Juan Carlos Otamendi, de Port Ginesta, fue el ganador en tiempo real. Por su parte, el Diabolic, Sun Fast 35 de Glenn de Brower, compitiendo por el Royal Belgium Sailing Club y con base en el Club de Mar de Torredembarra, se alz\u00f3 con la victoria absoluta. En previsi\u00f3n de que los barcos deb\u00edan regresar a sus puertos base tras cruzar la l\u00ednea de llegada, para evitar los efectos de la borrasca que arreciaba por la noche, la organizaci\u00f3n inform\u00f3 que la ceremonia de entrega de trofeos y la cena de clausura se realizar\u00eda en otra fecha a convenir.<\/p>\n<div id=\"attachment_10087\" style=\"width: 2058px\" class=\"wp-caption alignnone\"><img loading=\"lazy\" decoding=\"async\" aria-describedby=\"caption-attachment-10087\" class=\"wp-image-10087 size-full\" src=\"http:\/\/larutadelasal.com\/custom\/uploads\/2024\/03\/Trofeo-Consell-dEivissa-Ganador-Absoluto-Version-Denia-@La-Sal-Rumbo-Ibiza-2024_Oscar-Torveo.jpg\" alt=\"\" width=\"2048\" height=\"1365\" srcset=\"https:\/\/labs.100x100.net\/projects\/rutasal\/custom\/uploads\/2024\/03\/Trofeo-Consell-dEivissa-Ganador-Absoluto-Version-Denia-@La-Sal-Rumbo-Ibiza-2024_Oscar-Torveo.jpg 2048w, https:\/\/labs.100x100.net\/projects\/rutasal\/custom\/uploads\/2024\/03\/Trofeo-Consell-dEivissa-Ganador-Absoluto-Version-Denia-@La-Sal-Rumbo-Ibiza-2024_Oscar-Torveo-300x200.jpg 300w, https:\/\/labs.100x100.net\/projects\/rutasal\/custom\/uploads\/2024\/03\/Trofeo-Consell-dEivissa-Ganador-Absoluto-Version-Denia-@La-Sal-Rumbo-Ibiza-2024_Oscar-Torveo-1024x683.jpg 1024w, https:\/\/labs.100x100.net\/projects\/rutasal\/custom\/uploads\/2024\/03\/Trofeo-Consell-dEivissa-Ganador-Absoluto-Version-Denia-@La-Sal-Rumbo-Ibiza-2024_Oscar-Torveo-768x512.jpg 768w, https:\/\/labs.100x100.net\/projects\/rutasal\/custom\/uploads\/2024\/03\/Trofeo-Consell-dEivissa-Ganador-Absoluto-Version-Denia-@La-Sal-Rumbo-Ibiza-2024_Oscar-Torveo-1536x1024.jpg 1536w\" sizes=\"(max-width: 2048px) 100vw, 2048px\" \/><p id=\"caption-attachment-10087\" class=\"wp-caption-text\">Sara Ram\u00f3n, Vicepresidenta Segunda y Consellera de Cultura, Educaci\u00f3n y Patrimonio del Consell Insular d&#8217;Eivissa, entregando el Trofeo del Consell d&#8217;Eivissa al Ganador Absoluto Version Denia @La Sal Rumbo Ibiza 2024_Oscar Torveo<\/p><\/div>\n<p style=\"text-align: justify;\">A las 20 horas del s\u00e1bado, en Sant Antoni de Portmany, se celebr\u00f3 la ceremonia de entrega de trofeos. A nivel institucional, el acto cont\u00f3 con la presencia de D. Antoni Costa, Vicepresidente del Govern Balear y Conseller de Econom\u00eda, Hacienda e Innovaci\u00f3n; D\u00f1a. Sara Ram\u00f3n, Vicepresidenta Segunda y Consellera de Cultura, Educaci\u00f3n y Patrimonio del Consell Insular d&#8217;Eivissa; D. Marcos Serra, Alcalde de Sant Antoni de Portmany; as\u00ed como de D. Josep Tur, presidente del Club N\u00e1utico de Sant Antoni.<\/p>\n<div id=\"attachment_10096\" style=\"width: 2058px\" class=\"wp-caption aligncenter\"><img loading=\"lazy\" decoding=\"async\" aria-describedby=\"caption-attachment-10096\" class=\"wp-image-10096 size-full\" src=\"http:\/\/larutadelasal.com\/custom\/uploads\/2024\/03\/Trofeo-del-Ajuntament-de-Sant-Antoni-de-Portmany-Ganadores-Tiempo-Real-Version-Denia-@La-Sal-Rumbo-Ibiza-2024_Oscar-Torveo-1.jpg\" alt=\"\" width=\"2048\" height=\"1365\" srcset=\"https:\/\/labs.100x100.net\/projects\/rutasal\/custom\/uploads\/2024\/03\/Trofeo-del-Ajuntament-de-Sant-Antoni-de-Portmany-Ganadores-Tiempo-Real-Version-Denia-@La-Sal-Rumbo-Ibiza-2024_Oscar-Torveo-1.jpg 2048w, https:\/\/labs.100x100.net\/projects\/rutasal\/custom\/uploads\/2024\/03\/Trofeo-del-Ajuntament-de-Sant-Antoni-de-Portmany-Ganadores-Tiempo-Real-Version-Denia-@La-Sal-Rumbo-Ibiza-2024_Oscar-Torveo-1-300x200.jpg 300w, https:\/\/labs.100x100.net\/projects\/rutasal\/custom\/uploads\/2024\/03\/Trofeo-del-Ajuntament-de-Sant-Antoni-de-Portmany-Ganadores-Tiempo-Real-Version-Denia-@La-Sal-Rumbo-Ibiza-2024_Oscar-Torveo-1-1024x683.jpg 1024w, https:\/\/labs.100x100.net\/projects\/rutasal\/custom\/uploads\/2024\/03\/Trofeo-del-Ajuntament-de-Sant-Antoni-de-Portmany-Ganadores-Tiempo-Real-Version-Denia-@La-Sal-Rumbo-Ibiza-2024_Oscar-Torveo-1-768x512.jpg 768w, https:\/\/labs.100x100.net\/projects\/rutasal\/custom\/uploads\/2024\/03\/Trofeo-del-Ajuntament-de-Sant-Antoni-de-Portmany-Ganadores-Tiempo-Real-Version-Denia-@La-Sal-Rumbo-Ibiza-2024_Oscar-Torveo-1-1536x1024.jpg 1536w\" sizes=\"(max-width: 2048px) 100vw, 2048px\" \/><p id=\"caption-attachment-10096\" class=\"wp-caption-text\">Marcos Serra, Alcalde de Sant Antoni de Portmany, entregando Trofeo del Ajuntament de Sant Antoni de Portmany al Ganador Tiempo Real Version Denia @La Sal Rumbo Ibiza 2024\/Oscar Torveo<\/p><\/div>\n<p style=\"text-align: justify;\">Andr\u00e9s Oliva, director de la regata, agradeci\u00f3 el apoyo de Port Ginesta, del Real Club N\u00e1utico de Denia y del Club N\u00e1utico de Sant Antoni, como principales entidades colaboradoras, as\u00ed como el apoyo de las entidades p\u00fablicas y privadas, y de los propios regatistas, en una edici\u00f3n, explic\u00f3, especialmente complicada dadas las condiciones meteorol\u00f3gicas que han impedido que, por primera vez en los 36 a\u00f1os de historia de la regata, una de las versiones no haya podido llegar a Ibiza.<\/p>\n<div id=\"attachment_10145\" style=\"width: 2058px\" class=\"wp-caption alignnone\"><img loading=\"lazy\" decoding=\"async\" aria-describedby=\"caption-attachment-10145\" class=\"wp-image-10145 size-full\" src=\"http:\/\/larutadelasal.com\/custom\/uploads\/2024\/04\/Antoni-Costa-@La-Sal-Rumbo-Ibiza-2024_Oscar-Torveo.jpg\" alt=\"\" width=\"2048\" height=\"1365\" srcset=\"https:\/\/labs.100x100.net\/projects\/rutasal\/custom\/uploads\/2024\/04\/Antoni-Costa-@La-Sal-Rumbo-Ibiza-2024_Oscar-Torveo.jpg 2048w, https:\/\/labs.100x100.net\/projects\/rutasal\/custom\/uploads\/2024\/04\/Antoni-Costa-@La-Sal-Rumbo-Ibiza-2024_Oscar-Torveo-300x200.jpg 300w, https:\/\/labs.100x100.net\/projects\/rutasal\/custom\/uploads\/2024\/04\/Antoni-Costa-@La-Sal-Rumbo-Ibiza-2024_Oscar-Torveo-1024x683.jpg 1024w, https:\/\/labs.100x100.net\/projects\/rutasal\/custom\/uploads\/2024\/04\/Antoni-Costa-@La-Sal-Rumbo-Ibiza-2024_Oscar-Torveo-768x512.jpg 768w, https:\/\/labs.100x100.net\/projects\/rutasal\/custom\/uploads\/2024\/04\/Antoni-Costa-@La-Sal-Rumbo-Ibiza-2024_Oscar-Torveo-1536x1024.jpg 1536w\" sizes=\"(max-width: 2048px) 100vw, 2048px\" \/><p id=\"caption-attachment-10145\" class=\"wp-caption-text\">D. Antoni Costa, Vicepresidente del Govern Balear y Conseller de Econom\u00eda, Hacienda e Innovaci\u00f3n @La Sal 2024 Rumbo Ibiza\/Oscar Torveo<\/p><\/div>\n<p style=\"text-align: justify;\">A pesar de que en el ambiente flotaba el pesar por la ausencia de los regatistas de la versi\u00f3n Barcelona, la ceremonia, que cont\u00f3 con Lourdes Garc\u00eda Campos como presentadora de la misma, fue muy animada y emotiva. Para cerrar el acto, todos los asistentes realizaron una ola como cari\u00f1oso homenaje y mensaje de solidaridad con los regatistas de la versi\u00f3n Barcelona. En la cena de clausura, la euforia de los regatistas que s\u00ed hab\u00edan podido llegar a Ibiza, tras enfrentarse con unas condiciones de mar y viento m\u00e1s severas de lo habitual, era notable; satisfechos y orgullosos de haber batido, en el campo de \u201cbatalla\u201d, al mism\u00edsimo Nelson, al superar las consecuencias de la borrasca bautizada con su nombre y que se ha convertido en protagonista de esta 36\u00ba edici\u00f3n de La Ruta de la Sal Rumbo Ibiza.<\/p>\n<div id=\"attachment_10090\" style=\"width: 2058px\" class=\"wp-caption alignnone\"><img loading=\"lazy\" decoding=\"async\" aria-describedby=\"caption-attachment-10090\" class=\"wp-image-10090 size-full\" src=\"http:\/\/larutadelasal.com\/custom\/uploads\/2024\/03\/Premio-Garmin-Ganador-Absoluto-Version-Denia-@La-Sal-Rumbo-Ibiza-2024_Oscar-Torveo.jpg\" alt=\"\" width=\"2048\" height=\"1365\" srcset=\"https:\/\/labs.100x100.net\/projects\/rutasal\/custom\/uploads\/2024\/03\/Premio-Garmin-Ganador-Absoluto-Version-Denia-@La-Sal-Rumbo-Ibiza-2024_Oscar-Torveo.jpg 2048w, https:\/\/labs.100x100.net\/projects\/rutasal\/custom\/uploads\/2024\/03\/Premio-Garmin-Ganador-Absoluto-Version-Denia-@La-Sal-Rumbo-Ibiza-2024_Oscar-Torveo-300x200.jpg 300w, https:\/\/labs.100x100.net\/projects\/rutasal\/custom\/uploads\/2024\/03\/Premio-Garmin-Ganador-Absoluto-Version-Denia-@La-Sal-Rumbo-Ibiza-2024_Oscar-Torveo-1024x683.jpg 1024w, https:\/\/labs.100x100.net\/projects\/rutasal\/custom\/uploads\/2024\/03\/Premio-Garmin-Ganador-Absoluto-Version-Denia-@La-Sal-Rumbo-Ibiza-2024_Oscar-Torveo-768x512.jpg 768w, https:\/\/labs.100x100.net\/projects\/rutasal\/custom\/uploads\/2024\/03\/Premio-Garmin-Ganador-Absoluto-Version-Denia-@La-Sal-Rumbo-Ibiza-2024_Oscar-Torveo-1536x1024.jpg 1536w\" sizes=\"(max-width: 2048px) 100vw, 2048px\" \/><p id=\"caption-attachment-10090\" class=\"wp-caption-text\">Andres Oliva entregando el Premio Garmin a Amador Magran\u00e9, armador de Celeste di Mare, Ganador Absoluto Version Denia @La Sal Rumbo Ibiza 2024\/Oscar Torveo<\/p><\/div>\n<p>&nbsp;<\/p>\n<p style=\"text-align: center;\"><strong><u>TROFEOS Y PREMIOS XXXVI EDICI\u00d3N DE LA RUTA DE LA SAL RUMBO IBIZA<\/u><\/strong><\/p>\n<p>&nbsp;<\/p>\n<p style=\"text-align: center;\"><strong><u>VERSI\u00d3N DENIA<\/u><\/strong><\/p>\n<p><strong>Ganadores absolutos versi\u00f3n Denia \u2013 Trofeo Consell d\u2019Eivissa<\/strong><\/p>\n<p>1\u00ba Celeste di Mare, Carabela 32 de Amador Magran\u00e9 del RCN Port de Pollen\u00e7a<\/p>\n<p>2\u00ba Adrenalin, A35 de Juan Carlos Sanch\u00eds del CN Sant Antoni<\/p>\n<p>3\u00ba Kim, First 40.7 de Chiquinquira Gonz\u00e1lez de El Portet de Denia<\/p>\n<p><strong>Vencedores Tiempo real \u2013 Trofeo Ajuntament de Sant Antoni de Portmany<\/strong><\/p>\n<p>Aviador, First 53 de Gabriel Medem del RCM Sotogrande<\/p>\n<p><strong>Trofeo Mini Sal:<\/strong><\/p>\n<p>1\u00ba Atrevida, goleta LH39 de Marga Matas<\/p>\n<p>2\u00ba Remol\u00ed, First 27.7 de Jos\u00e9 Miguel Fortea del CN Burriana<\/p>\n<p>3\u00ba Sinsarabin Dos, Sun Odyssey 440 de Jos\u00e9 Manuel Melendez del CN Sant Antoni<\/p>\n<p><strong>Categor\u00eda GlobeSailor \u2013 barcos escuela y charter<\/strong><\/p>\n<p>1\u00ba Fulha, Dufour 460GL de Javier Moreno del RCR de Alicante<\/p>\n<p><strong>Categor\u00eda Salina <\/strong><\/p>\n<p>Kim, First 40.7 de Chiquinquira Gonzalez de El Portet de Denia \u2013<\/p>\n<p><strong>Categor\u00eda A Dos<\/strong><\/p>\n<p>Jambo Mar sin pl\u00e1stico, First 36.7 de Julio S\u00e1nchez Mart\u00ednez del CV Marina Valencia<\/p>\n<p><strong>Trofeo RAECY<\/strong>: Julio Tudela del Adrenalin.<\/p>\n<p><strong>Trofeo Jeanneau<\/strong><\/p>\n<p>Bolero, Sun Odyssey 37 de Alberto Naya del CN Burriana<\/p>\n<p><strong>Premio Garmin Ganador Absoluto<\/strong><\/p>\n<p>Celeste di Mare, Carabela 32 de Amador Magran\u00e9 del RCN Port de Pollen\u00e7a<\/p>\n<p><strong>Premio Rocna Vencedor Tiempo Real <\/strong><\/p>\n<p>Aviador, First 53 de Gabriel Medem del RCM Sotogrande<\/p>\n<p>&nbsp;<\/p>\n<p style=\"text-align: center;\"><strong><u>VERSI\u00d3N BARCELONA<\/u><\/strong><\/p>\n<p><strong>Ganadores absolutos versi\u00f3n Barcelona \u2013 Trofeo Consell d\u2019Eivissa<\/strong><\/p>\n<p>1\u00ba Diabolic, Sun fast 35 de Glenn de Brouwer, Belgium Sailing Yacht Club<\/p>\n<p>2\u00ba Bandido, Dehler 44 de Juan Carlos Otamendi de Port Ginesta<\/p>\n<p>3\u00ba Suhail, Malbec 360 de Xavi M\u00e1s, del CM Port Ol\u00edmpic.<\/p>\n<p><strong>Vencedores Tiempo real \u2013 Trofeo Ajuntament de Sant Antoni de Portmany<\/strong><\/p>\n<p>Bandido, Dehler 44 de Juan Carlos Otamendi de Port Ginesta<\/p>\n<p><strong>Categor\u00eda GlobeSailor \u2013 barcos escuela y charter<\/strong><\/p>\n<p>Suhail, Malbec 360 de Xavi M\u00e1s, del CM Port Ol\u00edmpic.<\/p>\n<p><strong>Categor\u00eda Salina<\/strong><\/p>\n<p>Yrcus, Grand Soleil 43 de Tania Beliavskaia de Port Ginesta<\/p>\n<p><strong>Categor\u00eda A Dos<\/strong><\/p>\n<p>Diabolic, Sun fast 35 de Glenn de Brouwer, Belgium Sailing Yacht Club<\/p>\n<p><strong>Trofeo RAECY<\/strong><\/p>\n<p>Annya Crane del Rateta.<\/p>\n<p><strong>Trofeo Jeanneau<\/strong><\/p>\n<p>Diabolic, Sun fast 35 de Glenn de Brouwer, Belgium Sailing Yacht Club<\/p>\n<p><strong>Premio Garmin Ganador Absoluto<\/strong><\/p>\n<p>Diabolic, Sun fast 35 de Glenn de Brouwer, Belgium Sailing Yacht Club<\/p>\n<p><strong>Premio Rocna Vencedor Tiempo Real <\/strong><\/p>\n<p>Bandido, Dehler 44 de Juan Carlos Otamendi de Port Ginesta<\/p>\n","protected":false},"excerpt":{"rendered":"<p>&nbsp; Por primera vez en los 36 a\u00f1os de historia la versi\u00f3n Barcelona no pudo llegar a Ibiza, pero pudo organizarse un recorrido alternativo frente a la costa catalana La versi\u00f3n Denia pudo celebrarse en condiciones meteorol\u00f3gicas duras a las que los regatistas se enfrentaron demostrando su pericia sin que se produjeran incidentes destacables. Celeste [&hellip;]<\/p>\n","protected":false},"author":2,"featured_media":10142,"comment_status":"open","ping_status":"open","sticky":false,"template":"","format":"standard","meta":{"_acf_changed":false,"footnotes":""},"categories":[3],"tags":[],"acf":[],"yoast_head":"<!-- This site is optimized with the Yoast SEO plugin v23.0 - https:\/\/yoast.com\/wordpress\/plugins\/seo\/ -->\n<title>La XXXVI edici\u00f3n de La Ruta de la Sal Rumbo Ibiza se celebr\u00f3 a pesar de la borrasca Nelson<\/title>\n<meta name=\"description\" content=\"La XXXVI edici\u00f3n de la Ruta de la Sal Rumbo Ibiza se celebr\u00f3 a pesar de la borrasca Nelson\" \/>\n<meta name=\"robots\" content=\"noindex, follow, max-snippet:-1, max-image-preview:large, max-video-preview:-1\" \/>\n<meta property=\"og:locale\" content=\"es_ES\" \/>\n<meta property=\"og:type\" content=\"article\" \/>\n<meta property=\"og:title\" content=\"La XXXVI edici\u00f3n de La Ruta de la Sal Rumbo Ibiza se celebr\u00f3 a pesar de la borrasca Nelson\" \/>\n<meta property=\"og:description\" content=\"La XXXVI edici\u00f3n de la Ruta de la Sal Rumbo Ibiza se celebr\u00f3 a pesar de la borrasca Nelson\" \/>\n<meta property=\"og:url\" content=\"https:\/\/labs.100x100.net\/projects\/rutasal\/xxxvi-edicion-de-la-ruta-de-la-sal-rumbo-ibiza\/\" \/>\n<meta property=\"og:site_name\" content=\"Regata La Ruta de la Sal\" \/>\n<meta property=\"article:publisher\" content=\"https:\/\/www.facebook.com\/rutadelasal\/\" \/>\n<meta property=\"article:published_time\" content=\"2024-04-02T15:17:29+00:00\" \/>\n<meta property=\"article:modified_time\" content=\"2024-04-02T18:52:47+00:00\" \/>\n<meta property=\"og:image\" content=\"https:\/\/labs.100x100.net\/projects\/rutasal\/custom\/uploads\/2024\/04\/Celeste-di-Mare-@La-Sal-Rumbo-Ibiza_BaixauliFoto.com_.jpg\" \/>\n\t<meta property=\"og:image:width\" content=\"1400\" \/>\n\t<meta property=\"og:image:height\" content=\"933\" \/>\n\t<meta property=\"og:image:type\" content=\"image\/jpeg\" \/>\n<meta name=\"author\" content=\"Ferran\" \/>\n<meta name=\"twitter:card\" content=\"summary_large_image\" \/>\n<meta name=\"twitter:creator\" content=\"@AnamMedi\" \/>\n<meta name=\"twitter:site\" content=\"@AnamMedi\" \/>\n<meta name=\"twitter:label1\" content=\"Escrito por\" \/>\n\t<meta name=\"twitter:data1\" content=\"Ferran\" \/>\n\t<meta name=\"twitter:label2\" content=\"Tiempo de lectura\" \/>\n\t<meta name=\"twitter:data2\" content=\"10 minutos\" \/>\n<script type=\"application\/ld+json\" class=\"yoast-schema-graph\">{\"@context\":\"https:\/\/schema.org\",\"@graph\":[{\"@type\":\"WebPage\",\"@id\":\"https:\/\/labs.100x100.net\/projects\/rutasal\/xxxvi-edicion-de-la-ruta-de-la-sal-rumbo-ibiza\/\",\"url\":\"https:\/\/labs.100x100.net\/projects\/rutasal\/xxxvi-edicion-de-la-ruta-de-la-sal-rumbo-ibiza\/\",\"name\":\"La XXXVI edici\u00f3n de La Ruta de la Sal Rumbo Ibiza se celebr\u00f3 a pesar de la borrasca Nelson\",\"isPartOf\":{\"@id\":\"https:\/\/labs.100x100.net\/projects\/rutasal\/#website\"},\"primaryImageOfPage\":{\"@id\":\"https:\/\/labs.100x100.net\/projects\/rutasal\/xxxvi-edicion-de-la-ruta-de-la-sal-rumbo-ibiza\/#primaryimage\"},\"image\":{\"@id\":\"https:\/\/labs.100x100.net\/projects\/rutasal\/xxxvi-edicion-de-la-ruta-de-la-sal-rumbo-ibiza\/#primaryimage\"},\"thumbnailUrl\":\"https:\/\/labs.100x100.net\/projects\/rutasal\/custom\/uploads\/2024\/04\/Celeste-di-Mare-@La-Sal-Rumbo-Ibiza_BaixauliFoto.com_.jpg\",\"datePublished\":\"2024-04-02T15:17:29+00:00\",\"dateModified\":\"2024-04-02T18:52:47+00:00\",\"author\":{\"@id\":\"https:\/\/labs.100x100.net\/projects\/rutasal\/#\/schema\/person\/24a02a346c826cf8502e7fb8edc0396c\"},\"description\":\"La XXXVI edici\u00f3n de la Ruta de la Sal Rumbo Ibiza se celebr\u00f3 a pesar de la borrasca Nelson\",\"breadcrumb\":{\"@id\":\"https:\/\/labs.100x100.net\/projects\/rutasal\/xxxvi-edicion-de-la-ruta-de-la-sal-rumbo-ibiza\/#breadcrumb\"},\"inLanguage\":\"es\",\"potentialAction\":[{\"@type\":\"ReadAction\",\"target\":[\"https:\/\/labs.100x100.net\/projects\/rutasal\/xxxvi-edicion-de-la-ruta-de-la-sal-rumbo-ibiza\/\"]}]},{\"@type\":\"ImageObject\",\"inLanguage\":\"es\",\"@id\":\"https:\/\/labs.100x100.net\/projects\/rutasal\/xxxvi-edicion-de-la-ruta-de-la-sal-rumbo-ibiza\/#primaryimage\",\"url\":\"https:\/\/labs.100x100.net\/projects\/rutasal\/custom\/uploads\/2024\/04\/Celeste-di-Mare-@La-Sal-Rumbo-Ibiza_BaixauliFoto.com_.jpg\",\"contentUrl\":\"https:\/\/labs.100x100.net\/projects\/rutasal\/custom\/uploads\/2024\/04\/Celeste-di-Mare-@La-Sal-Rumbo-Ibiza_BaixauliFoto.com_.jpg\",\"width\":1400,\"height\":933,\"caption\":\"Foto:BaixauliFoto.com\"},{\"@type\":\"BreadcrumbList\",\"@id\":\"https:\/\/labs.100x100.net\/projects\/rutasal\/xxxvi-edicion-de-la-ruta-de-la-sal-rumbo-ibiza\/#breadcrumb\",\"itemListElement\":[{\"@type\":\"ListItem\",\"position\":1,\"name\":\"Portada\",\"item\":\"https:\/\/labs.100x100.net\/projects\/rutasal\/\"},{\"@type\":\"ListItem\",\"position\":2,\"name\":\"La XXXVI edici\u00f3n de La Ruta de la Sal Rumbo Ibiza se celebr\u00f3 a pesar de la borrasca Nelson\"}]},{\"@type\":\"WebSite\",\"@id\":\"https:\/\/labs.100x100.net\/projects\/rutasal\/#website\",\"url\":\"https:\/\/labs.100x100.net\/projects\/rutasal\/\",\"name\":\"Regata La Ruta de la Sal\",\"description\":\"Regata La Ruta de la Sal es una regata de Altura Mediterr\u00e1nea para barcos de crucero a vela con destino en Ibiza, que se disputa anualmente en Semana Santa.\",\"potentialAction\":[{\"@type\":\"SearchAction\",\"target\":{\"@type\":\"EntryPoint\",\"urlTemplate\":\"https:\/\/labs.100x100.net\/projects\/rutasal\/?s={search_term_string}\"},\"query-input\":\"required name=search_term_string\"}],\"inLanguage\":\"es\"},{\"@type\":\"Person\",\"@id\":\"https:\/\/labs.100x100.net\/projects\/rutasal\/#\/schema\/person\/24a02a346c826cf8502e7fb8edc0396c\",\"name\":\"Ferran\",\"image\":{\"@type\":\"ImageObject\",\"inLanguage\":\"es\",\"@id\":\"https:\/\/labs.100x100.net\/projects\/rutasal\/#\/schema\/person\/image\/\",\"url\":\"https:\/\/secure.gravatar.com\/avatar\/d1c4bb756eb5c888319d7e06d9dc1559?s=96&d=mm&r=g\",\"contentUrl\":\"https:\/\/secure.gravatar.com\/avatar\/d1c4bb756eb5c888319d7e06d9dc1559?s=96&d=mm&r=g\",\"caption\":\"Ferran\"}}]}<\/script>\n<!-- \/ Yoast SEO plugin. -->","yoast_head_json":{"title":"La XXXVI edici\u00f3n de La Ruta de la Sal Rumbo Ibiza se celebr\u00f3 a pesar de la borrasca Nelson","description":"La XXXVI edici\u00f3n de la Ruta de la Sal Rumbo Ibiza se celebr\u00f3 a pesar de la borrasca Nelson","robots":{"index":"noindex","follow":"follow","max-snippet":"max-snippet:-1","max-image-preview":"max-image-preview:large","max-video-preview":"max-video-preview:-1"},"og_locale":"es_ES","og_type":"article","og_title":"La XXXVI edici\u00f3n de La Ruta de la Sal Rumbo Ibiza se celebr\u00f3 a pesar de la borrasca Nelson","og_description":"La XXXVI edici\u00f3n de la Ruta de la Sal Rumbo Ibiza se celebr\u00f3 a pesar de la borrasca Nelson","og_url":"https:\/\/labs.100x100.net\/projects\/rutasal\/xxxvi-edicion-de-la-ruta-de-la-sal-rumbo-ibiza\/","og_site_name":"Regata La Ruta de la Sal","article_publisher":"https:\/\/www.facebook.com\/rutadelasal\/","article_published_time":"2024-04-02T15:17:29+00:00","article_modified_time":"2024-04-02T18:52:47+00:00","og_image":[{"width":1400,"height":933,"url":"https:\/\/labs.100x100.net\/projects\/rutasal\/custom\/uploads\/2024\/04\/Celeste-di-Mare-@La-Sal-Rumbo-Ibiza_BaixauliFoto.com_.jpg","type":"image\/jpeg"}],"author":"Ferran","twitter_card":"summary_large_image","twitter_creator":"@AnamMedi","twitter_site":"@AnamMedi","twitter_misc":{"Escrito por":"Ferran","Tiempo de lectura":"10 minutos"},"schema":{"@context":"https:\/\/schema.org","@graph":[{"@type":"WebPage","@id":"https:\/\/labs.100x100.net\/projects\/rutasal\/xxxvi-edicion-de-la-ruta-de-la-sal-rumbo-ibiza\/","url":"https:\/\/labs.100x100.net\/projects\/rutasal\/xxxvi-edicion-de-la-ruta-de-la-sal-rumbo-ibiza\/","name":"La XXXVI edici\u00f3n de La Ruta de la Sal Rumbo Ibiza se celebr\u00f3 a pesar de la borrasca Nelson","isPartOf":{"@id":"https:\/\/labs.100x100.net\/projects\/rutasal\/#website"},"primaryImageOfPage":{"@id":"https:\/\/labs.100x100.net\/projects\/rutasal\/xxxvi-edicion-de-la-ruta-de-la-sal-rumbo-ibiza\/#primaryimage"},"image":{"@id":"https:\/\/labs.100x100.net\/projects\/rutasal\/xxxvi-edicion-de-la-ruta-de-la-sal-rumbo-ibiza\/#primaryimage"},"thumbnailUrl":"https:\/\/labs.100x100.net\/projects\/rutasal\/custom\/uploads\/2024\/04\/Celeste-di-Mare-@La-Sal-Rumbo-Ibiza_BaixauliFoto.com_.jpg","datePublished":"2024-04-02T15:17:29+00:00","dateModified":"2024-04-02T18:52:47+00:00","author":{"@id":"https:\/\/labs.100x100.net\/projects\/rutasal\/#\/schema\/person\/24a02a346c826cf8502e7fb8edc0396c"},"description":"La XXXVI edici\u00f3n de la Ruta de la Sal Rumbo Ibiza se celebr\u00f3 a pesar de la borrasca Nelson","breadcrumb":{"@id":"https:\/\/labs.100x100.net\/projects\/rutasal\/xxxvi-edicion-de-la-ruta-de-la-sal-rumbo-ibiza\/#breadcrumb"},"inLanguage":"es","potentialAction":[{"@type":"ReadAction","target":["https:\/\/labs.100x100.net\/projects\/rutasal\/xxxvi-edicion-de-la-ruta-de-la-sal-rumbo-ibiza\/"]}]},{"@type":"ImageObject","inLanguage":"es","@id":"https:\/\/labs.100x100.net\/projects\/rutasal\/xxxvi-edicion-de-la-ruta-de-la-sal-rumbo-ibiza\/#primaryimage","url":"https:\/\/labs.100x100.net\/projects\/rutasal\/custom\/uploads\/2024\/04\/Celeste-di-Mare-@La-Sal-Rumbo-Ibiza_BaixauliFoto.com_.jpg","contentUrl":"https:\/\/labs.100x100.net\/projects\/rutasal\/custom\/uploads\/2024\/04\/Celeste-di-Mare-@La-Sal-Rumbo-Ibiza_BaixauliFoto.com_.jpg","width":1400,"height":933,"caption":"Foto:BaixauliFoto.com"},{"@type":"BreadcrumbList","@id":"https:\/\/labs.100x100.net\/projects\/rutasal\/xxxvi-edicion-de-la-ruta-de-la-sal-rumbo-ibiza\/#breadcrumb","itemListElement":[{"@type":"ListItem","position":1,"name":"Portada","item":"https:\/\/labs.100x100.net\/projects\/rutasal\/"},{"@type":"ListItem","position":2,"name":"La XXXVI edici\u00f3n de La Ruta de la Sal Rumbo Ibiza se celebr\u00f3 a pesar de la borrasca Nelson"}]},{"@type":"WebSite","@id":"https:\/\/labs.100x100.net\/projects\/rutasal\/#website","url":"https:\/\/labs.100x100.net\/projects\/rutasal\/","name":"Regata La Ruta de la Sal","description":"Regata La Ruta de la Sal es una regata de Altura Mediterr\u00e1nea para barcos de crucero a vela con destino en Ibiza, que se disputa anualmente en Semana Santa.","potentialAction":[{"@type":"SearchAction","target":{"@type":"EntryPoint","urlTemplate":"https:\/\/labs.100x100.net\/projects\/rutasal\/?s={search_term_string}"},"query-input":"required name=search_term_string"}],"inLanguage":"es"},{"@type":"Person","@id":"https:\/\/labs.100x100.net\/projects\/rutasal\/#\/schema\/person\/24a02a346c826cf8502e7fb8edc0396c","name":"Ferran","image":{"@type":"ImageObject","inLanguage":"es","@id":"https:\/\/labs.100x100.net\/projects\/rutasal\/#\/schema\/person\/image\/","url":"https:\/\/secure.gravatar.com\/avatar\/d1c4bb756eb5c888319d7e06d9dc1559?s=96&d=mm&r=g","contentUrl":"https:\/\/secure.gravatar.com\/avatar\/d1c4bb756eb5c888319d7e06d9dc1559?s=96&d=mm&r=g","caption":"Ferran"}}]}},"_links":{"self":[{"href":"https:\/\/labs.100x100.net\/projects\/rutasal\/wp-json\/wp\/v2\/posts\/10140"}],"collection":[{"href":"https:\/\/labs.100x100.net\/projects\/rutasal\/wp-json\/wp\/v2\/posts"}],"about":[{"href":"https:\/\/labs.100x100.net\/projects\/rutasal\/wp-json\/wp\/v2\/types\/post"}],"author":[{"embeddable":true,"href":"https:\/\/labs.100x100.net\/projects\/rutasal\/wp-json\/wp\/v2\/users\/2"}],"replies":[{"embeddable":true,"href":"https:\/\/labs.100x100.net\/projects\/rutasal\/wp-json\/wp\/v2\/comments?post=10140"}],"version-history":[{"count":8,"href":"https:\/\/labs.100x100.net\/projects\/rutasal\/wp-json\/wp\/v2\/posts\/10140\/revisions"}],"predecessor-version":[{"id":10154,"href":"https:\/\/labs.100x100.net\/projects\/rutasal\/wp-json\/wp\/v2\/posts\/10140\/revisions\/10154"}],"wp:featuredmedia":[{"embeddable":true,"href":"https:\/\/labs.100x100.net\/projects\/rutasal\/wp-json\/wp\/v2\/media\/10142"}],"wp:attachment":[{"href":"https:\/\/labs.100x100.net\/projects\/rutasal\/wp-json\/wp\/v2\/media?parent=10140"}],"wp:term":[{"taxonomy":"category","embeddable":true,"href":"https:\/\/labs.100x100.net\/projects\/rutasal\/wp-json\/wp\/v2\/categories?post=10140"},{"taxonomy":"post_tag","embeddable":true,"href":"https:\/\/labs.100x100.net\/projects\/rutasal\/wp-json\/wp\/v2\/tags?post=10140"}],"curies":[{"name":"wp","href":"https:\/\/api.w.org\/{rel}","templated":true}]}}