{"id":1014,"date":"2012-04-07T11:17:13","date_gmt":"2012-04-07T11:17:13","guid":{"rendered":"https:\/\/larutadelasal.com\/?p=1014"},"modified":"2019-03-14T12:18:46","modified_gmt":"2019-03-14T10:18:46","slug":"gran-exito-deportivo-de-la-flota-local","status":"publish","type":"post","link":"https:\/\/labs.100x100.net\/projects\/rutasal\/gran-exito-deportivo-de-la-flota-local\/","title":{"rendered":"Gran \u00e9xito deportivo de la flota local"},"content":{"rendered":"<h1>Los Fortuna 9, \u201cAivis\u201d y \u201cPosidonia Uno\u201d del CN. de Ibiza, vencedores absolutos de la 25 Ruta de La Sal<\/h1>\n<h1>\u201cPlis-Play\u201d y \u201cWally\u00f1o\u201d vencedores en Tiempo Real de la 25 Ruta de La Sal \u2013 Trofeo Pepe Ferres<\/h1>\n<p>La <strong>25 edici\u00f3n de la Ruta de la Sal,<\/strong> ser\u00e1, deportivamente hablando recordada por el hecho de que dos embarcaciones id\u00e9nticas, ambas representando al CN de Ibiza, fueron las vencedoras absolutas tanto en la singladura desde Denia, como en la de Barcelona; En la <strong>Versi\u00f3n Norte<\/strong>, sobre un\u00a0 recorrido de 140 millas el\u00a0 Ibicenco<strong> Manuel Guasch con su Fortuna 9, \u201cAivis\u201d<\/strong> fue el m\u00e1s r\u00e1pido. En las 117 millas de la <strong>Versi\u00f3n Este, <\/strong>el <strong>\u201cPosidonia Uno\u201d<\/strong> de <strong>Ram\u00f3n Balanzat otro Fortuna 9, <\/strong>se impuso con absoluta rotundidad. Dos equipos muy expertos en la navegaci\u00f3n de altura, grandes conocedores del Mar Balear, ambos con muchas participaciones en diferentes ediciones de La Sal, que se adjudican este emblem\u00e1tico aniversario, cargado de recuerdos y grandes perspectivas de futuro para esta magn\u00edfica regata. Casi como si fuese un tributo, de La Sal a las Islas Pitiussas.<\/p>\n<p><a class=\"tt-flickr tt-flickr-Medium\" title=\"_AFB7936\" href=\"http:\/\/farm8.staticflickr.com\/7063\/6904235984_5973141ea0_b.jpg\"><img loading=\"lazy\" decoding=\"async\" class=\"alignnone\" src=\"http:\/\/farm8.staticflickr.com\/7063\/6904235984_5973141ea0.jpg\" alt=\"_AFB7936\" width=\"320\" height=\"229\" \/><\/a> <a class=\"tt-flickr tt-flickr-Medium\" title=\"_AFB7984\" href=\"http:\/\/farm8.staticflickr.com\/7229\/6904237288_41dfed84c1_b.jpg\"><img loading=\"lazy\" decoding=\"async\" class=\"alignnone\" src=\"http:\/\/farm8.staticflickr.com\/7229\/6904237288_41dfed84c1.jpg\" alt=\"_AFB7984\" width=\"320\" height=\"229\" \/><\/a><\/p>\n<p>El\u00a0 Ibicenco <strong>Manuel Guasch con su Fortuna 9, \u201cAivis\u201d del CN de Ibiza, <\/strong>ganador de la <strong>Version Norte de La Sal 2012,<\/strong> es un regatista con un historial deportivo excelente en La Ruta de la Sal que se remonta a comienzos de los 90 \u2013 en el 95 ya gano en la Clase India &#8211; fue\u00a0 vencedor absoluto de la Versi\u00f3n Este regata en el 2009. Justamente el a\u00f1o en que La Sal estreno el recorrido desde Denia hasta Sant Antoni de Portmany.<\/p>\n<p><strong>Ram\u00f3n Balanzat, ganador absoluto de la Versi\u00f3n Este\u00a0 con el Fortuna 9 \u201cPosidonia Uno\u201d<\/strong> es tambi\u00e9n un patr\u00f3n con un dilatado historial deportivo en diferentes ediciones de La Sal. La victoria de ambos, confirma, una vez m\u00e1s,\u00a0 el enorme potencial deportivo de los Fortunas 9\u00a0 durante estos 25 a\u00f1os de historia de La Sal. Siendo el modelo seriado que m\u00e1s primeros puestos individuales ha cosechado durante todo este tiempo. Parad\u00f3jicamente, en todos los casos con barcos de la flota del CN de Ibiza.<\/p>\n<p>En 1993, fue el ganador absoluto de la Versi\u00f3n Norte el Fortuna 9, \u201cMagarrufa\u201d de Pedro Sansano. En el 2007, gano la general de la Versi\u00f3n Este el Ibicenco Carlos Tur con el Fortuna 9\u00a0 \u201cFJU Makky\u201d. En el 2009 fue, como ya hemos comentado,\u00a0 Manuel Guash con el Fortuna 9 \u201cAivis\u201d , un a\u00f1o mas tarde, en el 2010, y en el mismo recorrido, la victoria absoluta fue para otro Fortuna 9, tambi\u00e9n del CN de Ibiza,\u00a0 el \u201cStelrac\u201d patroneado por Carlos Tur \u2013 ya ganador absoluto en el 2007.- ahora, entran en la lista el \u201cPosidonia Uno\u201d y, una vez mas el \u201cAivis\u201d que tambi\u00e9n, en ambos casos, se adjudican el Trofeo Pepe Ferres de este 25 aniversario de La Sal.<\/p>\n<p>Destacar que el Fortuna 9, tan ligado deportivamente a la historia de La Sal, es un dise\u00f1o muy equilibrado y polivalente del\u00a0 ingeniero naval Javier Vissiers de 1988, que se construyo hasta 1991 con el apoyo financiero de Tabacalera\u00a0 a trav\u00e9s de su marca Fortuna, como parte de programa de promoci\u00f3n del desaf\u00edo de los Fortunas Lights en las regatas de vuelta al mundo Withbread Race de aquellos a\u00f1os. Gracias su magn\u00edfico precio- en gran parte subvencionado por sus promotores \u2013 y sus grandes prestaciones deportivas se construyeron 175 unidades, lo que convirtieron a este crucero-regata en el modelo m\u00e1s vendido en toda la historia de la n\u00e1utica deportiva de nuestro pa\u00eds<\/p>\n<p>En la <strong>Versi\u00f3n Norte tras el \u201cAivis\u201d<\/strong> se clasificaron; <strong>el J122 \u201cJay Walker 2\u201d de Eric Janssen<\/strong>, un equipo que fue vencedor\u00a0 absoluto de la <strong>Versi\u00f3n Norte de La Sal en el 2008<\/strong>. Cerrando el p\u00f3dium el <strong>Signa 38 D de Amador Magraner \u201cAcrobat\u201d, del RCN del Puerto de Pollensa<\/strong> vencedor absoluto de esta Versi\u00f3n Norte de La Sal en la pasada edici\u00f3n \u2013 2011.- En definitiva un tri\u00f3 potente, con equipos y embarcaciones, en todos los casos, con un potencial deportivo extraordinario.<\/p>\n<p>En la <strong>Versi\u00f3n Este,<\/strong> tras el<strong> \u201cPosidonia Uno\u201d<\/strong> se clasificaron el <strong>J 92S \u201cCaf\u00e9 del Mar\u201d del CN de Sant Antoni de Juan Carlos Sanchis,<\/strong> y el <strong>First 345 \u201cArkitektonika\u201d de Javier P\u00e9rez &#8211; Almaran de RCN de Valencia<\/strong> cerrando el p\u00f3dium de esta singladura<\/p>\n<p>Finalmente recordar a los ganadores en <strong>Tiempo Real, de esta 25 edici\u00f3n de La Ruta de La Sal;<\/strong> en la Versi\u00f3n <strong>Norte el Wally 60, \u201cWally\u00f1o\u201d de Fernando L\u00f3pez Domenech del RCN de Barcelona<\/strong>. Comentar que \u201cWally\u00f1o\u201d\u00a0\u00a0 ya\u00a0 fue vencedor en Tiempo Real en el 2008\u00a0 de esta misma singladura. En la <strong>Versi\u00f3n Este, el nuevo Swam 80 del RCR de Alicante, \u201cPlis-Play\u201d de Vicente Garc\u00eda,<\/strong> que, tras esta victoria, acredita un historial deportivo en Versi\u00f3n Este de La Sal realmente espectacular; con victorias en Tiempo Real en los a\u00f1os 2003, 2005, 2007, 2008, 2009, 2010 y, ahora 2012.\u00a0 Siendo tambi\u00e9n ganador absoluto en la general en el 2008.Destacar que con un registro de 13h \/10m \/15s en cubrir las 117 millas desde Denia, el \u201cPlis-Play\u201d establece un nuevo record de velocidad absoluto para esta traves\u00eda. Titulo que, par\u00f3dicamente manten\u00eda hasta el momento el mismo equipo de Vicente Garc\u00eda, conseguido en la edici\u00f3n del 2010 cuando lograron cubrir el circuito Este en 21h \/ 02m\/ 38s.<\/p>\n","protected":false},"excerpt":{"rendered":"<p>Los Fortuna 9, \u201cAivis\u201d y \u201cPosidonia Uno\u201d del CN. de Ibiza, vencedores absolutos de la 25 Ruta de La Sal \u201cPlis-Play\u201d y \u201cWally\u00f1o\u201d vencedores en Tiempo Real de la 25 Ruta de La Sal \u2013 Trofeo Pepe Ferres La 25 edici\u00f3n de la Ruta de la Sal, ser\u00e1, deportivamente hablando recordada por el hecho de [&hellip;]<\/p>\n","protected":false},"author":1,"featured_media":3893,"comment_status":"open","ping_status":"open","sticky":false,"template":"","format":"standard","meta":{"_acf_changed":false,"footnotes":""},"categories":[3],"tags":[],"acf":[],"yoast_head":"<!-- This site is optimized with the Yoast SEO plugin v23.0 - https:\/\/yoast.com\/wordpress\/plugins\/seo\/ -->\n<title>Gran \u00e9xito deportivo de la flota local | Regata La Ruta de la Sal<\/title>\n<meta name=\"robots\" content=\"noindex, follow, max-snippet:-1, max-image-preview:large, max-video-preview:-1\" \/>\n<meta property=\"og:locale\" content=\"es_ES\" \/>\n<meta property=\"og:type\" content=\"article\" \/>\n<meta property=\"og:title\" content=\"Gran \u00e9xito deportivo de la flota local | Regata La Ruta de la Sal\" \/>\n<meta property=\"og:description\" content=\"Los Fortuna 9, \u201cAivis\u201d y \u201cPosidonia Uno\u201d del CN. de Ibiza, vencedores absolutos de la 25 Ruta de La Sal \u201cPlis-Play\u201d y \u201cWally\u00f1o\u201d vencedores en Tiempo Real de la 25 Ruta de La Sal \u2013 Trofeo Pepe Ferres La 25 edici\u00f3n de la Ruta de la Sal, ser\u00e1, deportivamente hablando recordada por el hecho de [&hellip;]\" \/>\n<meta property=\"og:url\" content=\"https:\/\/labs.100x100.net\/projects\/rutasal\/gran-exito-deportivo-de-la-flota-local\/\" \/>\n<meta property=\"og:site_name\" content=\"Regata La Ruta de la Sal\" \/>\n<meta property=\"article:publisher\" content=\"https:\/\/www.facebook.com\/rutadelasal\/\" \/>\n<meta property=\"article:published_time\" content=\"2012-04-07T11:17:13+00:00\" \/>\n<meta property=\"article:modified_time\" content=\"2019-03-14T10:18:46+00:00\" \/>\n<meta property=\"og:image\" content=\"https:\/\/labs.100x100.net\/projects\/rutasal\/custom\/uploads\/2012\/04\/6904235984_5973141ea0-1.jpg\" \/>\n\t<meta property=\"og:image:width\" content=\"500\" \/>\n\t<meta property=\"og:image:height\" content=\"343\" \/>\n\t<meta property=\"og:image:type\" content=\"image\/jpeg\" \/>\n<meta name=\"author\" content=\"La Ruta de la Sal\" \/>\n<meta name=\"twitter:card\" content=\"summary_large_image\" \/>\n<meta name=\"twitter:creator\" content=\"@AnamMedi\" \/>\n<meta name=\"twitter:site\" content=\"@AnamMedi\" \/>\n<meta name=\"twitter:label1\" content=\"Escrito por\" \/>\n\t<meta name=\"twitter:data1\" content=\"La Ruta de la Sal\" \/>\n\t<meta name=\"twitter:label2\" content=\"Tiempo de lectura\" \/>\n\t<meta name=\"twitter:data2\" content=\"4 minutos\" \/>\n<script type=\"application\/ld+json\" class=\"yoast-schema-graph\">{\"@context\":\"https:\/\/schema.org\",\"@graph\":[{\"@type\":\"WebPage\",\"@id\":\"https:\/\/labs.100x100.net\/projects\/rutasal\/gran-exito-deportivo-de-la-flota-local\/\",\"url\":\"https:\/\/labs.100x100.net\/projects\/rutasal\/gran-exito-deportivo-de-la-flota-local\/\",\"name\":\"Gran \u00e9xito deportivo de la flota local | Regata La Ruta de la Sal\",\"isPartOf\":{\"@id\":\"https:\/\/labs.100x100.net\/projects\/rutasal\/#website\"},\"primaryImageOfPage\":{\"@id\":\"https:\/\/labs.100x100.net\/projects\/rutasal\/gran-exito-deportivo-de-la-flota-local\/#primaryimage\"},\"image\":{\"@id\":\"https:\/\/labs.100x100.net\/projects\/rutasal\/gran-exito-deportivo-de-la-flota-local\/#primaryimage\"},\"thumbnailUrl\":\"https:\/\/labs.100x100.net\/projects\/rutasal\/custom\/uploads\/2012\/04\/6904235984_5973141ea0-1.jpg\",\"datePublished\":\"2012-04-07T11:17:13+00:00\",\"dateModified\":\"2019-03-14T10:18:46+00:00\",\"author\":{\"@id\":\"https:\/\/labs.100x100.net\/projects\/rutasal\/#\/schema\/person\/214eeb4a2e78fd8373a0a94f6d93c9ca\"},\"breadcrumb\":{\"@id\":\"https:\/\/labs.100x100.net\/projects\/rutasal\/gran-exito-deportivo-de-la-flota-local\/#breadcrumb\"},\"inLanguage\":\"es\",\"potentialAction\":[{\"@type\":\"ReadAction\",\"target\":[\"https:\/\/labs.100x100.net\/projects\/rutasal\/gran-exito-deportivo-de-la-flota-local\/\"]}]},{\"@type\":\"ImageObject\",\"inLanguage\":\"es\",\"@id\":\"https:\/\/labs.100x100.net\/projects\/rutasal\/gran-exito-deportivo-de-la-flota-local\/#primaryimage\",\"url\":\"https:\/\/labs.100x100.net\/projects\/rutasal\/custom\/uploads\/2012\/04\/6904235984_5973141ea0-1.jpg\",\"contentUrl\":\"https:\/\/labs.100x100.net\/projects\/rutasal\/custom\/uploads\/2012\/04\/6904235984_5973141ea0-1.jpg\",\"width\":500,\"height\":343},{\"@type\":\"BreadcrumbList\",\"@id\":\"https:\/\/labs.100x100.net\/projects\/rutasal\/gran-exito-deportivo-de-la-flota-local\/#breadcrumb\",\"itemListElement\":[{\"@type\":\"ListItem\",\"position\":1,\"name\":\"Portada\",\"item\":\"https:\/\/labs.100x100.net\/projects\/rutasal\/\"},{\"@type\":\"ListItem\",\"position\":2,\"name\":\"Gran \u00e9xito deportivo de la flota local\"}]},{\"@type\":\"WebSite\",\"@id\":\"https:\/\/labs.100x100.net\/projects\/rutasal\/#website\",\"url\":\"https:\/\/labs.100x100.net\/projects\/rutasal\/\",\"name\":\"Regata La Ruta de la Sal\",\"description\":\"Regata La Ruta de la Sal es una regata de Altura Mediterr\u00e1nea para barcos de crucero a vela con destino en Ibiza, que se disputa anualmente en Semana Santa.\",\"potentialAction\":[{\"@type\":\"SearchAction\",\"target\":{\"@type\":\"EntryPoint\",\"urlTemplate\":\"https:\/\/labs.100x100.net\/projects\/rutasal\/?s={search_term_string}\"},\"query-input\":\"required name=search_term_string\"}],\"inLanguage\":\"es\"},{\"@type\":\"Person\",\"@id\":\"https:\/\/labs.100x100.net\/projects\/rutasal\/#\/schema\/person\/214eeb4a2e78fd8373a0a94f6d93c9ca\",\"name\":\"La Ruta de la Sal\",\"image\":{\"@type\":\"ImageObject\",\"inLanguage\":\"es\",\"@id\":\"https:\/\/labs.100x100.net\/projects\/rutasal\/#\/schema\/person\/image\/\",\"url\":\"https:\/\/secure.gravatar.com\/avatar\/b247286d4b801d6b1cfcfb3807587284?s=96&d=mm&r=g\",\"contentUrl\":\"https:\/\/secure.gravatar.com\/avatar\/b247286d4b801d6b1cfcfb3807587284?s=96&d=mm&r=g\",\"caption\":\"La Ruta de la Sal\"}}]}<\/script>\n<!-- \/ Yoast SEO plugin. -->","yoast_head_json":{"title":"Gran \u00e9xito deportivo de la flota local | Regata La Ruta de la Sal","robots":{"index":"noindex","follow":"follow","max-snippet":"max-snippet:-1","max-image-preview":"max-image-preview:large","max-video-preview":"max-video-preview:-1"},"og_locale":"es_ES","og_type":"article","og_title":"Gran \u00e9xito deportivo de la flota local | Regata La Ruta de la Sal","og_description":"Los Fortuna 9, \u201cAivis\u201d y \u201cPosidonia Uno\u201d del CN. de Ibiza, vencedores absolutos de la 25 Ruta de La Sal \u201cPlis-Play\u201d y \u201cWally\u00f1o\u201d vencedores en Tiempo Real de la 25 Ruta de La Sal \u2013 Trofeo Pepe Ferres La 25 edici\u00f3n de la Ruta de la Sal, ser\u00e1, deportivamente hablando recordada por el hecho de [&hellip;]","og_url":"https:\/\/labs.100x100.net\/projects\/rutasal\/gran-exito-deportivo-de-la-flota-local\/","og_site_name":"Regata La Ruta de la Sal","article_publisher":"https:\/\/www.facebook.com\/rutadelasal\/","article_published_time":"2012-04-07T11:17:13+00:00","article_modified_time":"2019-03-14T10:18:46+00:00","og_image":[{"width":500,"height":343,"url":"https:\/\/labs.100x100.net\/projects\/rutasal\/custom\/uploads\/2012\/04\/6904235984_5973141ea0-1.jpg","type":"image\/jpeg"}],"author":"La Ruta de la Sal","twitter_card":"summary_large_image","twitter_creator":"@AnamMedi","twitter_site":"@AnamMedi","twitter_misc":{"Escrito por":"La Ruta de la Sal","Tiempo de lectura":"4 minutos"},"schema":{"@context":"https:\/\/schema.org","@graph":[{"@type":"WebPage","@id":"https:\/\/labs.100x100.net\/projects\/rutasal\/gran-exito-deportivo-de-la-flota-local\/","url":"https:\/\/labs.100x100.net\/projects\/rutasal\/gran-exito-deportivo-de-la-flota-local\/","name":"Gran \u00e9xito deportivo de la flota local | Regata La Ruta de la Sal","isPartOf":{"@id":"https:\/\/labs.100x100.net\/projects\/rutasal\/#website"},"primaryImageOfPage":{"@id":"https:\/\/labs.100x100.net\/projects\/rutasal\/gran-exito-deportivo-de-la-flota-local\/#primaryimage"},"image":{"@id":"https:\/\/labs.100x100.net\/projects\/rutasal\/gran-exito-deportivo-de-la-flota-local\/#primaryimage"},"thumbnailUrl":"https:\/\/labs.100x100.net\/projects\/rutasal\/custom\/uploads\/2012\/04\/6904235984_5973141ea0-1.jpg","datePublished":"2012-04-07T11:17:13+00:00","dateModified":"2019-03-14T10:18:46+00:00","author":{"@id":"https:\/\/labs.100x100.net\/projects\/rutasal\/#\/schema\/person\/214eeb4a2e78fd8373a0a94f6d93c9ca"},"breadcrumb":{"@id":"https:\/\/labs.100x100.net\/projects\/rutasal\/gran-exito-deportivo-de-la-flota-local\/#breadcrumb"},"inLanguage":"es","potentialAction":[{"@type":"ReadAction","target":["https:\/\/labs.100x100.net\/projects\/rutasal\/gran-exito-deportivo-de-la-flota-local\/"]}]},{"@type":"ImageObject","inLanguage":"es","@id":"https:\/\/labs.100x100.net\/projects\/rutasal\/gran-exito-deportivo-de-la-flota-local\/#primaryimage","url":"https:\/\/labs.100x100.net\/projects\/rutasal\/custom\/uploads\/2012\/04\/6904235984_5973141ea0-1.jpg","contentUrl":"https:\/\/labs.100x100.net\/projects\/rutasal\/custom\/uploads\/2012\/04\/6904235984_5973141ea0-1.jpg","width":500,"height":343},{"@type":"BreadcrumbList","@id":"https:\/\/labs.100x100.net\/projects\/rutasal\/gran-exito-deportivo-de-la-flota-local\/#breadcrumb","itemListElement":[{"@type":"ListItem","position":1,"name":"Portada","item":"https:\/\/labs.100x100.net\/projects\/rutasal\/"},{"@type":"ListItem","position":2,"name":"Gran \u00e9xito deportivo de la flota local"}]},{"@type":"WebSite","@id":"https:\/\/labs.100x100.net\/projects\/rutasal\/#website","url":"https:\/\/labs.100x100.net\/projects\/rutasal\/","name":"Regata La Ruta de la Sal","description":"Regata La Ruta de la Sal es una regata de Altura Mediterr\u00e1nea para barcos de crucero a vela con destino en Ibiza, que se disputa anualmente en Semana Santa.","potentialAction":[{"@type":"SearchAction","target":{"@type":"EntryPoint","urlTemplate":"https:\/\/labs.100x100.net\/projects\/rutasal\/?s={search_term_string}"},"query-input":"required name=search_term_string"}],"inLanguage":"es"},{"@type":"Person","@id":"https:\/\/labs.100x100.net\/projects\/rutasal\/#\/schema\/person\/214eeb4a2e78fd8373a0a94f6d93c9ca","name":"La Ruta de la Sal","image":{"@type":"ImageObject","inLanguage":"es","@id":"https:\/\/labs.100x100.net\/projects\/rutasal\/#\/schema\/person\/image\/","url":"https:\/\/secure.gravatar.com\/avatar\/b247286d4b801d6b1cfcfb3807587284?s=96&d=mm&r=g","contentUrl":"https:\/\/secure.gravatar.com\/avatar\/b247286d4b801d6b1cfcfb3807587284?s=96&d=mm&r=g","caption":"La Ruta de la Sal"}}]}},"_links":{"self":[{"href":"https:\/\/labs.100x100.net\/projects\/rutasal\/wp-json\/wp\/v2\/posts\/1014"}],"collection":[{"href":"https:\/\/labs.100x100.net\/projects\/rutasal\/wp-json\/wp\/v2\/posts"}],"about":[{"href":"https:\/\/labs.100x100.net\/projects\/rutasal\/wp-json\/wp\/v2\/types\/post"}],"author":[{"embeddable":true,"href":"https:\/\/labs.100x100.net\/projects\/rutasal\/wp-json\/wp\/v2\/users\/1"}],"replies":[{"embeddable":true,"href":"https:\/\/labs.100x100.net\/projects\/rutasal\/wp-json\/wp\/v2\/comments?post=1014"}],"version-history":[{"count":1,"href":"https:\/\/labs.100x100.net\/projects\/rutasal\/wp-json\/wp\/v2\/posts\/1014\/revisions"}],"predecessor-version":[{"id":3879,"href":"https:\/\/labs.100x100.net\/projects\/rutasal\/wp-json\/wp\/v2\/posts\/1014\/revisions\/3879"}],"wp:featuredmedia":[{"embeddable":true,"href":"https:\/\/labs.100x100.net\/projects\/rutasal\/wp-json\/wp\/v2\/media\/3893"}],"wp:attachment":[{"href":"https:\/\/labs.100x100.net\/projects\/rutasal\/wp-json\/wp\/v2\/media?parent=1014"}],"wp:term":[{"taxonomy":"category","embeddable":true,"href":"https:\/\/labs.100x100.net\/projects\/rutasal\/wp-json\/wp\/v2\/categories?post=1014"},{"taxonomy":"post_tag","embeddable":true,"href":"https:\/\/labs.100x100.net\/projects\/rutasal\/wp-json\/wp\/v2\/tags?post=1014"}],"curies":[{"name":"wp","href":"https:\/\/api.w.org\/{rel}","templated":true}]}}