{"id":10061,"date":"2024-03-30T17:51:55","date_gmt":"2024-03-30T15:51:55","guid":{"rendered":"https:\/\/larutadelasal.com\/?p=10061"},"modified":"2024-03-31T18:13:10","modified_gmt":"2024-03-31T16:13:10","slug":"ganador-absoluto","status":"publish","type":"post","link":"https:\/\/labs.100x100.net\/projects\/rutasal\/ganador-absoluto\/","title":{"rendered":"Celeste di Mare, Carabela 32 de madera construido en 1971, ganador absoluto de la Versi\u00f3n Denia"},"content":{"rendered":"<div id=\"attachment_10062\" style=\"width: 2010px\" class=\"wp-caption aligncenter\"><img loading=\"lazy\" decoding=\"async\" aria-describedby=\"caption-attachment-10062\" class=\"size-full wp-image-10062\" src=\"http:\/\/larutadelasal.com\/custom\/uploads\/2024\/03\/La-Sal-Rumbo-Ibiza-2024-Celeste-di-Mare-\u00a9BaixauliFoto.com_.jpg\" alt=\"Celeste di Mare - armador Amador Magran\u00e9,\" width=\"2000\" height=\"1333\" srcset=\"https:\/\/labs.100x100.net\/projects\/rutasal\/custom\/uploads\/2024\/03\/La-Sal-Rumbo-Ibiza-2024-Celeste-di-Mare-\u00a9BaixauliFoto.com_.jpg 2000w, https:\/\/labs.100x100.net\/projects\/rutasal\/custom\/uploads\/2024\/03\/La-Sal-Rumbo-Ibiza-2024-Celeste-di-Mare-\u00a9BaixauliFoto.com_-300x200.jpg 300w, https:\/\/labs.100x100.net\/projects\/rutasal\/custom\/uploads\/2024\/03\/La-Sal-Rumbo-Ibiza-2024-Celeste-di-Mare-\u00a9BaixauliFoto.com_-1024x682.jpg 1024w, https:\/\/labs.100x100.net\/projects\/rutasal\/custom\/uploads\/2024\/03\/La-Sal-Rumbo-Ibiza-2024-Celeste-di-Mare-\u00a9BaixauliFoto.com_-768x512.jpg 768w, https:\/\/labs.100x100.net\/projects\/rutasal\/custom\/uploads\/2024\/03\/La-Sal-Rumbo-Ibiza-2024-Celeste-di-Mare-\u00a9BaixauliFoto.com_-1536x1024.jpg 1536w\" sizes=\"(max-width: 2000px) 100vw, 2000px\" \/><p id=\"caption-attachment-10062\" class=\"wp-caption-text\">\u00a9BaixauliFoto.com<\/p><\/div>\n<p>El ganador absoluto de La Ruta de la Sal Rumbo Ibiza, en su 36\u00aa edici\u00f3n, confirma lo que siempre se ha dicho sobre la caracter\u00edstica diferencial de esta regata de altura, la de haber sido concebida a la medida de la flota existente en nuestro pa\u00eds, en la que lo que cuenta para lograr la victoria es la afici\u00f3n, el tes\u00f3n, la preparaci\u00f3n, la coordinaci\u00f3n y la experiencia de la tripulaci\u00f3n, m\u00e1s que la antig\u00fcedad o eslora del barco en cuesti\u00f3n. Cualquiera puede erigirse como ganador de La Ruta de la Sal, sea cual sea la eslora, el material y la edad de su barco, siempre que \u00e9ste se encuentre debidamente preparado y equipado para este tipo de traves\u00eda y cuente, tal como ya hemos dicho, con una tripulaci\u00f3n entusiasta y avezada en la navegaci\u00f3n de altura. Y tal es el caso de la formada por el armador Amador Magran\u00e9, que compite por el Real Club N\u00e1utico de Port de Pollen\u00e7a y de sus compa\u00f1eros, Joan Piz\u00e1, coordinador de vela del RCN Port de Pollen\u00e7a, Aina Jordi del CN del Arenal y participante en la liga Iberdrola femenina y Ricardo Andueta.<\/p>\n<p>Un capit\u00e1n y una tripulaci\u00f3n que ha logrado llevar a este velero, al Celeste di Mare &#8211; dise\u00f1o de Sparkman &amp; Stephens de tan solo 9,53 metros de eslora, construido en madera moldeada en el a\u00f1o 1971 por los m\u00edticos astilleros Carabela de Badalona- a lograr la primera gran victoria de su renovada vida. El barco contabiliza ya 53 a\u00f1os de historia y ha sido recientemente restaurado por su propio armador, haciendo sus primeras apariciones en las regatas de barcos cl\u00e1sicos del pasado verano. Cabe resaltar que el Celeste di Mare y el X302 Ascalo de Beatriz Dominguez (11\u00ba clasificado), han sido los dos \u00fanicos barcos de la flota participante en la versi\u00f3n Denia cuya eslora es inferior a los 10 metros.<\/p>\n<div id=\"attachment_10065\" style=\"width: 2058px\" class=\"wp-caption aligncenter\"><img loading=\"lazy\" decoding=\"async\" aria-describedby=\"caption-attachment-10065\" class=\"size-full wp-image-10065\" src=\"http:\/\/larutadelasal.com\/custom\/uploads\/2024\/03\/Tripulacion-Aviador_Tripulacion-Celeste-di-Mare_Autoridades-La-Sal-Rumbo-Ibiza-2024-Foto_Oscar-Torveo.jpg\" alt=\"\" width=\"2048\" height=\"1365\" srcset=\"https:\/\/labs.100x100.net\/projects\/rutasal\/custom\/uploads\/2024\/03\/Tripulacion-Aviador_Tripulacion-Celeste-di-Mare_Autoridades-La-Sal-Rumbo-Ibiza-2024-Foto_Oscar-Torveo.jpg 2048w, https:\/\/labs.100x100.net\/projects\/rutasal\/custom\/uploads\/2024\/03\/Tripulacion-Aviador_Tripulacion-Celeste-di-Mare_Autoridades-La-Sal-Rumbo-Ibiza-2024-Foto_Oscar-Torveo-300x200.jpg 300w, https:\/\/labs.100x100.net\/projects\/rutasal\/custom\/uploads\/2024\/03\/Tripulacion-Aviador_Tripulacion-Celeste-di-Mare_Autoridades-La-Sal-Rumbo-Ibiza-2024-Foto_Oscar-Torveo-1024x683.jpg 1024w, https:\/\/labs.100x100.net\/projects\/rutasal\/custom\/uploads\/2024\/03\/Tripulacion-Aviador_Tripulacion-Celeste-di-Mare_Autoridades-La-Sal-Rumbo-Ibiza-2024-Foto_Oscar-Torveo-768x512.jpg 768w, https:\/\/labs.100x100.net\/projects\/rutasal\/custom\/uploads\/2024\/03\/Tripulacion-Aviador_Tripulacion-Celeste-di-Mare_Autoridades-La-Sal-Rumbo-Ibiza-2024-Foto_Oscar-Torveo-1536x1024.jpg 1536w\" sizes=\"(max-width: 2048px) 100vw, 2048px\" \/><p id=\"caption-attachment-10065\" class=\"wp-caption-text\">\u00a9 Oscar Torveo<\/p><\/div>\n<p>Obviamente estamos hablando de la Versi\u00f3n Denia, ya que la borrasca Nelson sobre la pen\u00ednsula ib\u00e9rica y sobre los dos archipi\u00e9lagos, ha tenido graves consecuencias en cuanto a la versi\u00f3n Barcelona, pues el oleaje reinante oblig\u00f3 a los responsables del puerto a enviar a Salvamento Mar\u00edtimo y al comit\u00e9 de regata una alerta con la recomendaci\u00f3n de no transitar la bocana, tanto por el mar formado como por la incertidumbre relativa a las variaciones en el calado en la bocana del mismo. As\u00ed pues, ante la falta de garant\u00edas para salir del puerto con seguridad, se fueron repitiendo los aplazamientos hasta la ma\u00f1ana del s\u00e1bado 30, cuando capitan\u00eda de Port Ginesta dio luz verde para transitar por la bocana d\u00e1ndose, a las 11:30, la salida de la regata.<\/p>\n<p>El aviso de la AEMET que indica vientos de SO de fuerza 7 para la noche del s\u00e1bado al domingo, ha impedido que la flota de Barcelona pudiera poner rumbo a Ibiza, por lo que se ha planteado un recorrido alternativo recortado frente a las costas del Garraf, para que cuando el temporal llegue a la zona puedan estar en puerto.<\/p>\n<p><strong>Rueda de prensa<\/strong><\/p>\n<p>A la espera de los resultados de la versi\u00f3n Barcelona, que se conocer\u00e1n a partir de las 18h, en las instalaciones del Club N\u00e0utic Sant Antoni ha tenido lugar la habitual rueda de prensa con la presencia de autoridades y los ganadores de la versi\u00f3n Denia. Javi Bonet, director insular de deportes del Consell Insular, principal patrocinador de la regata destac\u00f3 su funci\u00f3n promotora de turismo n\u00e1utico fuera de temporada. Luis Garc\u00eda, secretario del Club N\u00e1utico de Sant Antoni de Portmany, destac\u00f3 la necesidad de proteger al m\u00e1ximo posible el medio marino, como\u00a0elemento esencial de generaci\u00f3n de riqueza para Ibiza.<\/p>\n<div id=\"attachment_10068\" style=\"width: 2058px\" class=\"wp-caption aligncenter\"><img loading=\"lazy\" decoding=\"async\" aria-describedby=\"caption-attachment-10068\" class=\"size-full wp-image-10068\" src=\"http:\/\/larutadelasal.com\/custom\/uploads\/2024\/03\/De-izq-a-derecha_Javi-Bonet_Louis-Gomez_Gabriel-Medem_Amador-Magraner_Andres-Oliva-La-Sal-Rumbo-Ibiza-2024-Foto_Oscar-Torveo.jpg\" alt=\"\u00a9 Oscar Torveo\" width=\"2048\" height=\"1365\" srcset=\"https:\/\/labs.100x100.net\/projects\/rutasal\/custom\/uploads\/2024\/03\/De-izq-a-derecha_Javi-Bonet_Louis-Gomez_Gabriel-Medem_Amador-Magraner_Andres-Oliva-La-Sal-Rumbo-Ibiza-2024-Foto_Oscar-Torveo.jpg 2048w, https:\/\/labs.100x100.net\/projects\/rutasal\/custom\/uploads\/2024\/03\/De-izq-a-derecha_Javi-Bonet_Louis-Gomez_Gabriel-Medem_Amador-Magraner_Andres-Oliva-La-Sal-Rumbo-Ibiza-2024-Foto_Oscar-Torveo-300x200.jpg 300w, https:\/\/labs.100x100.net\/projects\/rutasal\/custom\/uploads\/2024\/03\/De-izq-a-derecha_Javi-Bonet_Louis-Gomez_Gabriel-Medem_Amador-Magraner_Andres-Oliva-La-Sal-Rumbo-Ibiza-2024-Foto_Oscar-Torveo-1024x683.jpg 1024w, https:\/\/labs.100x100.net\/projects\/rutasal\/custom\/uploads\/2024\/03\/De-izq-a-derecha_Javi-Bonet_Louis-Gomez_Gabriel-Medem_Amador-Magraner_Andres-Oliva-La-Sal-Rumbo-Ibiza-2024-Foto_Oscar-Torveo-768x512.jpg 768w, https:\/\/labs.100x100.net\/projects\/rutasal\/custom\/uploads\/2024\/03\/De-izq-a-derecha_Javi-Bonet_Louis-Gomez_Gabriel-Medem_Amador-Magraner_Andres-Oliva-La-Sal-Rumbo-Ibiza-2024-Foto_Oscar-Torveo-1536x1024.jpg 1536w\" sizes=\"(max-width: 2048px) 100vw, 2048px\" \/><p id=\"caption-attachment-10068\" class=\"wp-caption-text\">\u00a9 Oscar Torveo<\/p><\/div>\n<p>Por su parte, Andr\u00e9s Oliva, director de La Ruta de la Sal, destac\u00f3 precisamente la incorporaci\u00f3n de la Agencia de Estrategia Tur\u00edstica de las Illes Balears (AETIB) como nuevo patrocinador institucional del evento a trav\u00e9s del fondo del Impuesto del Turismo Sostenible del Govern de les Illes Balears, lo que sin duda compromete a La Ruta de la Sal Rumbo Ibiza al cumplimiento de diversos objetivos ODS, entre los que la protecci\u00f3n medioambiental, y en particular del medio marino, juegan un papel fundamental. El director de regata puso de relieve el sentir de la organizaci\u00f3n ante la imposibilidad de que la flota de Barcelona llegara a Sant Antoni de Portmany.<\/p>\n<p>Se han realizado todos los esfuerzos posibles pero lamentablemente causas de fuerza mayor lo han hecho absolutamente inviable. Por otro lado, la enorme satisfacci\u00f3n de los navegantes de la versi\u00f3n Denia, que s\u00ed han podido hacerla, tras haber superado las duras condiciones de mar y viento, era evidente en sus declaraciones a la prensa, en las que ha quedado bien patente que ha sido una edici\u00f3n r\u00e1pida, dura e intensa, que ha puesto de relieve la buena preparaci\u00f3n de los barcos y de las tripulaciones.<\/p>\n","protected":false},"excerpt":{"rendered":"<p>El ganador absoluto de La Ruta de la Sal Rumbo Ibiza, en su 36\u00aa edici\u00f3n, confirma lo que siempre se ha dicho sobre la caracter\u00edstica diferencial de esta regata de altura, la de haber sido concebida a la medida de la flota existente en nuestro pa\u00eds, en la que lo que cuenta para lograr la [&hellip;]<\/p>\n","protected":false},"author":2,"featured_media":10062,"comment_status":"open","ping_status":"open","sticky":false,"template":"","format":"standard","meta":{"_acf_changed":false,"footnotes":""},"categories":[3],"tags":[],"acf":[],"yoast_head":"<!-- This site is optimized with the Yoast SEO plugin v23.0 - https:\/\/yoast.com\/wordpress\/plugins\/seo\/ -->\n<title>Celeste di Mare, Carabela 32 de madera construido en 1971, ganador absoluto de la Versi\u00f3n Denia | Regata La Ruta de la Sal<\/title>\n<meta name=\"description\" content=\"Celeste di Mare, Carabela 32 de madera y construido en 1971, ganador absoluto de la 36\u00aa edici\u00f3n La Ruta de la Sal Rumbo Ibiza\" \/>\n<meta name=\"robots\" content=\"noindex, follow, max-snippet:-1, max-image-preview:large, max-video-preview:-1\" \/>\n<meta property=\"og:locale\" content=\"es_ES\" \/>\n<meta property=\"og:type\" content=\"article\" \/>\n<meta property=\"og:title\" content=\"Celeste di Mare, Carabela 32 de madera construido en 1971, ganador absoluto de la Versi\u00f3n Denia | Regata La Ruta de la Sal\" \/>\n<meta property=\"og:description\" content=\"Celeste di Mare, Carabela 32 de madera y construido en 1971, ganador absoluto de la 36\u00aa edici\u00f3n La Ruta de la Sal Rumbo Ibiza\" \/>\n<meta property=\"og:url\" content=\"https:\/\/labs.100x100.net\/projects\/rutasal\/ganador-absoluto\/\" \/>\n<meta property=\"og:site_name\" content=\"Regata La Ruta de la Sal\" \/>\n<meta property=\"article:publisher\" content=\"https:\/\/www.facebook.com\/rutadelasal\/\" \/>\n<meta property=\"article:published_time\" content=\"2024-03-30T15:51:55+00:00\" \/>\n<meta property=\"article:modified_time\" content=\"2024-03-31T16:13:10+00:00\" \/>\n<meta property=\"og:image\" content=\"https:\/\/labs.100x100.net\/projects\/rutasal\/custom\/uploads\/2024\/03\/La-Sal-Rumbo-Ibiza-2024-Celeste-di-Mare-\u00a9BaixauliFoto.com_-1024x682.jpg\" \/>\n\t<meta property=\"og:image:width\" content=\"1024\" \/>\n\t<meta property=\"og:image:height\" content=\"682\" \/>\n\t<meta property=\"og:image:type\" content=\"image\/jpeg\" \/>\n<meta name=\"author\" content=\"Ferran\" \/>\n<meta name=\"twitter:card\" content=\"summary_large_image\" \/>\n<meta name=\"twitter:creator\" content=\"@AnamMedi\" \/>\n<meta name=\"twitter:site\" content=\"@AnamMedi\" \/>\n<meta name=\"twitter:label1\" content=\"Escrito por\" \/>\n\t<meta name=\"twitter:data1\" content=\"Ferran\" \/>\n\t<meta name=\"twitter:label2\" content=\"Tiempo de lectura\" \/>\n\t<meta name=\"twitter:data2\" content=\"5 minutos\" \/>\n<script type=\"application\/ld+json\" class=\"yoast-schema-graph\">{\"@context\":\"https:\/\/schema.org\",\"@graph\":[{\"@type\":\"WebPage\",\"@id\":\"https:\/\/labs.100x100.net\/projects\/rutasal\/ganador-absoluto\/\",\"url\":\"https:\/\/labs.100x100.net\/projects\/rutasal\/ganador-absoluto\/\",\"name\":\"Celeste di Mare, Carabela 32 de madera construido en 1971, ganador absoluto de la Versi\u00f3n Denia | Regata La Ruta de la Sal\",\"isPartOf\":{\"@id\":\"https:\/\/labs.100x100.net\/projects\/rutasal\/#website\"},\"primaryImageOfPage\":{\"@id\":\"https:\/\/labs.100x100.net\/projects\/rutasal\/ganador-absoluto\/#primaryimage\"},\"image\":{\"@id\":\"https:\/\/labs.100x100.net\/projects\/rutasal\/ganador-absoluto\/#primaryimage\"},\"thumbnailUrl\":\"https:\/\/labs.100x100.net\/projects\/rutasal\/custom\/uploads\/2024\/03\/La-Sal-Rumbo-Ibiza-2024-Celeste-di-Mare-\u00a9BaixauliFoto.com_.jpg\",\"datePublished\":\"2024-03-30T15:51:55+00:00\",\"dateModified\":\"2024-03-31T16:13:10+00:00\",\"author\":{\"@id\":\"https:\/\/labs.100x100.net\/projects\/rutasal\/#\/schema\/person\/24a02a346c826cf8502e7fb8edc0396c\"},\"description\":\"Celeste di Mare, Carabela 32 de madera y construido en 1971, ganador absoluto de la 36\u00aa edici\u00f3n La Ruta de la Sal Rumbo Ibiza\",\"breadcrumb\":{\"@id\":\"https:\/\/labs.100x100.net\/projects\/rutasal\/ganador-absoluto\/#breadcrumb\"},\"inLanguage\":\"es\",\"potentialAction\":[{\"@type\":\"ReadAction\",\"target\":[\"https:\/\/labs.100x100.net\/projects\/rutasal\/ganador-absoluto\/\"]}]},{\"@type\":\"ImageObject\",\"inLanguage\":\"es\",\"@id\":\"https:\/\/labs.100x100.net\/projects\/rutasal\/ganador-absoluto\/#primaryimage\",\"url\":\"https:\/\/labs.100x100.net\/projects\/rutasal\/custom\/uploads\/2024\/03\/La-Sal-Rumbo-Ibiza-2024-Celeste-di-Mare-\u00a9BaixauliFoto.com_.jpg\",\"contentUrl\":\"https:\/\/labs.100x100.net\/projects\/rutasal\/custom\/uploads\/2024\/03\/La-Sal-Rumbo-Ibiza-2024-Celeste-di-Mare-\u00a9BaixauliFoto.com_.jpg\",\"width\":2000,\"height\":1333,\"caption\":\"\u00a9BaixauliFoto.com\"},{\"@type\":\"BreadcrumbList\",\"@id\":\"https:\/\/labs.100x100.net\/projects\/rutasal\/ganador-absoluto\/#breadcrumb\",\"itemListElement\":[{\"@type\":\"ListItem\",\"position\":1,\"name\":\"Portada\",\"item\":\"https:\/\/labs.100x100.net\/projects\/rutasal\/\"},{\"@type\":\"ListItem\",\"position\":2,\"name\":\"Celeste di Mare, Carabela 32 de madera construido en 1971, ganador absoluto de la Versi\u00f3n Denia\"}]},{\"@type\":\"WebSite\",\"@id\":\"https:\/\/labs.100x100.net\/projects\/rutasal\/#website\",\"url\":\"https:\/\/labs.100x100.net\/projects\/rutasal\/\",\"name\":\"Regata La Ruta de la Sal\",\"description\":\"Regata La Ruta de la Sal es una regata de Altura Mediterr\u00e1nea para barcos de crucero a vela con destino en Ibiza, que se disputa anualmente en Semana Santa.\",\"potentialAction\":[{\"@type\":\"SearchAction\",\"target\":{\"@type\":\"EntryPoint\",\"urlTemplate\":\"https:\/\/labs.100x100.net\/projects\/rutasal\/?s={search_term_string}\"},\"query-input\":\"required name=search_term_string\"}],\"inLanguage\":\"es\"},{\"@type\":\"Person\",\"@id\":\"https:\/\/labs.100x100.net\/projects\/rutasal\/#\/schema\/person\/24a02a346c826cf8502e7fb8edc0396c\",\"name\":\"Ferran\",\"image\":{\"@type\":\"ImageObject\",\"inLanguage\":\"es\",\"@id\":\"https:\/\/labs.100x100.net\/projects\/rutasal\/#\/schema\/person\/image\/\",\"url\":\"https:\/\/secure.gravatar.com\/avatar\/d1c4bb756eb5c888319d7e06d9dc1559?s=96&d=mm&r=g\",\"contentUrl\":\"https:\/\/secure.gravatar.com\/avatar\/d1c4bb756eb5c888319d7e06d9dc1559?s=96&d=mm&r=g\",\"caption\":\"Ferran\"}}]}<\/script>\n<!-- \/ Yoast SEO plugin. -->","yoast_head_json":{"title":"Celeste di Mare, Carabela 32 de madera construido en 1971, ganador absoluto de la Versi\u00f3n Denia | Regata La Ruta de la Sal","description":"Celeste di Mare, Carabela 32 de madera y construido en 1971, ganador absoluto de la 36\u00aa edici\u00f3n La Ruta de la Sal Rumbo Ibiza","robots":{"index":"noindex","follow":"follow","max-snippet":"max-snippet:-1","max-image-preview":"max-image-preview:large","max-video-preview":"max-video-preview:-1"},"og_locale":"es_ES","og_type":"article","og_title":"Celeste di Mare, Carabela 32 de madera construido en 1971, ganador absoluto de la Versi\u00f3n Denia | Regata La Ruta de la Sal","og_description":"Celeste di Mare, Carabela 32 de madera y construido en 1971, ganador absoluto de la 36\u00aa edici\u00f3n La Ruta de la Sal Rumbo Ibiza","og_url":"https:\/\/labs.100x100.net\/projects\/rutasal\/ganador-absoluto\/","og_site_name":"Regata La Ruta de la Sal","article_publisher":"https:\/\/www.facebook.com\/rutadelasal\/","article_published_time":"2024-03-30T15:51:55+00:00","article_modified_time":"2024-03-31T16:13:10+00:00","og_image":[{"width":1024,"height":682,"url":"https:\/\/labs.100x100.net\/projects\/rutasal\/custom\/uploads\/2024\/03\/La-Sal-Rumbo-Ibiza-2024-Celeste-di-Mare-\u00a9BaixauliFoto.com_-1024x682.jpg","type":"image\/jpeg"}],"author":"Ferran","twitter_card":"summary_large_image","twitter_creator":"@AnamMedi","twitter_site":"@AnamMedi","twitter_misc":{"Escrito por":"Ferran","Tiempo de lectura":"5 minutos"},"schema":{"@context":"https:\/\/schema.org","@graph":[{"@type":"WebPage","@id":"https:\/\/labs.100x100.net\/projects\/rutasal\/ganador-absoluto\/","url":"https:\/\/labs.100x100.net\/projects\/rutasal\/ganador-absoluto\/","name":"Celeste di Mare, Carabela 32 de madera construido en 1971, ganador absoluto de la Versi\u00f3n Denia | Regata La Ruta de la Sal","isPartOf":{"@id":"https:\/\/labs.100x100.net\/projects\/rutasal\/#website"},"primaryImageOfPage":{"@id":"https:\/\/labs.100x100.net\/projects\/rutasal\/ganador-absoluto\/#primaryimage"},"image":{"@id":"https:\/\/labs.100x100.net\/projects\/rutasal\/ganador-absoluto\/#primaryimage"},"thumbnailUrl":"https:\/\/labs.100x100.net\/projects\/rutasal\/custom\/uploads\/2024\/03\/La-Sal-Rumbo-Ibiza-2024-Celeste-di-Mare-\u00a9BaixauliFoto.com_.jpg","datePublished":"2024-03-30T15:51:55+00:00","dateModified":"2024-03-31T16:13:10+00:00","author":{"@id":"https:\/\/labs.100x100.net\/projects\/rutasal\/#\/schema\/person\/24a02a346c826cf8502e7fb8edc0396c"},"description":"Celeste di Mare, Carabela 32 de madera y construido en 1971, ganador absoluto de la 36\u00aa edici\u00f3n La Ruta de la Sal Rumbo Ibiza","breadcrumb":{"@id":"https:\/\/labs.100x100.net\/projects\/rutasal\/ganador-absoluto\/#breadcrumb"},"inLanguage":"es","potentialAction":[{"@type":"ReadAction","target":["https:\/\/labs.100x100.net\/projects\/rutasal\/ganador-absoluto\/"]}]},{"@type":"ImageObject","inLanguage":"es","@id":"https:\/\/labs.100x100.net\/projects\/rutasal\/ganador-absoluto\/#primaryimage","url":"https:\/\/labs.100x100.net\/projects\/rutasal\/custom\/uploads\/2024\/03\/La-Sal-Rumbo-Ibiza-2024-Celeste-di-Mare-\u00a9BaixauliFoto.com_.jpg","contentUrl":"https:\/\/labs.100x100.net\/projects\/rutasal\/custom\/uploads\/2024\/03\/La-Sal-Rumbo-Ibiza-2024-Celeste-di-Mare-\u00a9BaixauliFoto.com_.jpg","width":2000,"height":1333,"caption":"\u00a9BaixauliFoto.com"},{"@type":"BreadcrumbList","@id":"https:\/\/labs.100x100.net\/projects\/rutasal\/ganador-absoluto\/#breadcrumb","itemListElement":[{"@type":"ListItem","position":1,"name":"Portada","item":"https:\/\/labs.100x100.net\/projects\/rutasal\/"},{"@type":"ListItem","position":2,"name":"Celeste di Mare, Carabela 32 de madera construido en 1971, ganador absoluto de la Versi\u00f3n Denia"}]},{"@type":"WebSite","@id":"https:\/\/labs.100x100.net\/projects\/rutasal\/#website","url":"https:\/\/labs.100x100.net\/projects\/rutasal\/","name":"Regata La Ruta de la Sal","description":"Regata La Ruta de la Sal es una regata de Altura Mediterr\u00e1nea para barcos de crucero a vela con destino en Ibiza, que se disputa anualmente en Semana Santa.","potentialAction":[{"@type":"SearchAction","target":{"@type":"EntryPoint","urlTemplate":"https:\/\/labs.100x100.net\/projects\/rutasal\/?s={search_term_string}"},"query-input":"required name=search_term_string"}],"inLanguage":"es"},{"@type":"Person","@id":"https:\/\/labs.100x100.net\/projects\/rutasal\/#\/schema\/person\/24a02a346c826cf8502e7fb8edc0396c","name":"Ferran","image":{"@type":"ImageObject","inLanguage":"es","@id":"https:\/\/labs.100x100.net\/projects\/rutasal\/#\/schema\/person\/image\/","url":"https:\/\/secure.gravatar.com\/avatar\/d1c4bb756eb5c888319d7e06d9dc1559?s=96&d=mm&r=g","contentUrl":"https:\/\/secure.gravatar.com\/avatar\/d1c4bb756eb5c888319d7e06d9dc1559?s=96&d=mm&r=g","caption":"Ferran"}}]}},"_links":{"self":[{"href":"https:\/\/labs.100x100.net\/projects\/rutasal\/wp-json\/wp\/v2\/posts\/10061"}],"collection":[{"href":"https:\/\/labs.100x100.net\/projects\/rutasal\/wp-json\/wp\/v2\/posts"}],"about":[{"href":"https:\/\/labs.100x100.net\/projects\/rutasal\/wp-json\/wp\/v2\/types\/post"}],"author":[{"embeddable":true,"href":"https:\/\/labs.100x100.net\/projects\/rutasal\/wp-json\/wp\/v2\/users\/2"}],"replies":[{"embeddable":true,"href":"https:\/\/labs.100x100.net\/projects\/rutasal\/wp-json\/wp\/v2\/comments?post=10061"}],"version-history":[{"count":3,"href":"https:\/\/labs.100x100.net\/projects\/rutasal\/wp-json\/wp\/v2\/posts\/10061\/revisions"}],"predecessor-version":[{"id":10114,"href":"https:\/\/labs.100x100.net\/projects\/rutasal\/wp-json\/wp\/v2\/posts\/10061\/revisions\/10114"}],"wp:featuredmedia":[{"embeddable":true,"href":"https:\/\/labs.100x100.net\/projects\/rutasal\/wp-json\/wp\/v2\/media\/10062"}],"wp:attachment":[{"href":"https:\/\/labs.100x100.net\/projects\/rutasal\/wp-json\/wp\/v2\/media?parent=10061"}],"wp:term":[{"taxonomy":"category","embeddable":true,"href":"https:\/\/labs.100x100.net\/projects\/rutasal\/wp-json\/wp\/v2\/categories?post=10061"},{"taxonomy":"post_tag","embeddable":true,"href":"https:\/\/labs.100x100.net\/projects\/rutasal\/wp-json\/wp\/v2\/tags?post=10061"}],"curies":[{"name":"wp","href":"https:\/\/api.w.org\/{rel}","templated":true}]}}